{"id":32814,"date":"2023-07-10T16:41:40","date_gmt":"2023-07-10T19:41:40","guid":{"rendered":"https:\/\/radiorevelacionfm.cl\/?p=32814"},"modified":"2023-07-10T16:41:40","modified_gmt":"2023-07-10T19:41:40","slug":"aysen-celebro-el-dia-del-cuequero-y-cuequera-con-participacion-de-agrupaciones-folcloricas-de-la-comuna","status":"publish","type":"post","link":"https:\/\/radiorevelacionfm.cl\/?p=32814","title":{"rendered":"Ays\u00e9n celebr\u00f3 el D\u00eda del Cuequero y Cuequera con participaci\u00f3n de agrupaciones folcl\u00f3ricas de la comuna"},"content":{"rendered":"<div class=\"flex_column av_one_full  flex_column_div av-zero-column-padding first  avia-builder-el-0  el_before_av_one_full  avia-builder-el-first  \" style='border-radius:0px; '><div  class='avia-image-container  av-styling-    avia-builder-el-1  avia-builder-el-no-sibling  avia-align-center '  itemprop=\"image\" itemscope=\"itemscope\" itemtype=\"https:\/\/schema.org\/ImageObject\"  ><div class='avia-image-container-inner'><div class='avia-image-overlay-wrap'><img decoding=\"async\" class='wp-image-32815 avia-img-lazy-loading-not-32815 avia_image' src=\"https:\/\/radiorevelacionfm.cl\/wp-content\/uploads\/2023\/07\/fotografia-5-2_optimized.jpeg\" alt='' title='fotograf\u00eda-5-2_optimized' height=\"600\" width=\"800\"  itemprop=\"thumbnailUrl\" srcset=\"https:\/\/radiorevelacionfm.cl\/wp-content\/uploads\/2023\/07\/fotografia-5-2_optimized.jpeg 800w, https:\/\/radiorevelacionfm.cl\/wp-content\/uploads\/2023\/07\/fotografia-5-2_optimized-300x225.jpeg 300w, https:\/\/radiorevelacionfm.cl\/wp-content\/uploads\/2023\/07\/fotografia-5-2_optimized-768x576.jpeg 768w, https:\/\/radiorevelacionfm.cl\/wp-content\/uploads\/2023\/07\/fotografia-5-2_optimized-705x529.jpeg 705w, https:\/\/radiorevelacionfm.cl\/wp-content\/uploads\/2023\/07\/fotografia-5-2_optimized-450x338.jpeg 450w, https:\/\/radiorevelacionfm.cl\/wp-content\/uploads\/2023\/07\/fotografia-5-2_optimized-600x450.jpeg 600w\" sizes=\"(max-width: 800px) 100vw, 800px\" \/><\/div><\/div><\/div><\/div><div class=\"flex_column av_one_full  flex_column_div av-zero-column-padding first  avia-builder-el-2  el_after_av_one_full  el_before_av_one_full  column-top-margin\" style='border-radius:0px; '><section class=\"av_textblock_section \"  itemscope=\"itemscope\" itemtype=\"https:\/\/schema.org\/BlogPosting\" itemprop=\"blogPost\" ><div class='avia_textblock  '   itemprop=\"text\" ><div style=\"text-align: center;\"><span style=\"font-size: 18pt;\"><b>Ays\u00e9n celebr\u00f3 el D\u00eda del Cuequero y Cuequera con participaci\u00f3n de agrupaciones folcl\u00f3ricas de la comuna<\/b><\/span><\/div>\n<div id=\"gtx-trans\" style=\"position: absolute; left: -50px; top: 4.31534px;\">\n<div class=\"gtx-trans-icon\"><\/div>\n<\/div>\n<\/div><\/section><\/div><div class=\"flex_column av_one_full  flex_column_div av-zero-column-padding first  avia-builder-el-4  el_after_av_one_full  el_before_av_hr  column-top-margin\" style='border-radius:0px; '><section class=\"av_textblock_section \"  itemscope=\"itemscope\" itemtype=\"https:\/\/schema.org\/BlogPosting\" itemprop=\"blogPost\" ><div class='avia_textblock  '   itemprop=\"text\" ><p style=\"text-align: justify;\">La Unidad de Cultura de la Ilustre Municipalidad de Ays\u00e9n en conjunto con la Mesa Comunal del Folclore, organizaron las celebraciones del D\u00eda del Cuequero y Cuequera en Puerto Ays\u00e9n, evento que se llev\u00f3 a cabo el viernes 07 y s\u00e1bado 08 de julio.<\/p>\n<p style=\"text-align: justify;\">Con dos jornadas repletas de tradici\u00f3n dedicadas a exaltar nuestra danza nacional, las celebraciones comenzaron el viernes 07 y s\u00e1bado 08 de julio con la Ruta de la Cueca, instancia que contempl\u00f3 Villa Los Torreones, Villa Ma\u00f1ihuales, Puerto Chacabuco, Galer\u00eda de Artesanos en Ribera Sur y Plaza Mahuen.<\/p>\n<p style=\"text-align: justify;\">Asimismo, el s\u00e1bado 08 de julio en Casa de la Cultura, se desarroll\u00f3 una Gran Pe\u00f1a Cuequera, donde la comunidad aysenina pudo disfrutar de presentaciones de diversas agrupaciones folcl\u00f3ricas de la comuna culminando con un espectacular show musical a cargo de \u201cLas Primas\u201d.<\/p>\n<p style=\"text-align: justify;\">\u201cFue una jornada bastante maravillosa; fr\u00eda, pero calurosa en t\u00e9rminos de participaci\u00f3n de la comunidad.\u00a0 La gente est\u00e1 muy interesada en que el folclor se mantenga vivo; no solamente en septiembre, en Fiestas Patrias, sino que en cualquier momento del a\u00f1o. La verdad es que estamos s\u00faper contentos, la Mesa del Folclor lo dio todo, las agrupaciones folcl\u00f3ricas lo dieron todo, para que esto resultara maravilloso. Nosotros, como Unidad de Cultura, logramos facilitar de la mejor manera posible un resultado muy prometedor, de llevar cultura, de llevar folclor. En este caso, llevar la cueca a las distintas localidades. As\u00ed que estamos muy contentos con la jornada\u201d, coment\u00f3 Cristi\u00e1n Torres, encargado de Cultura de la Ilustre Municipalidad de Ays\u00e9n.<\/p>\n<\/div><\/section><\/div><div  style='height:50px' class='hr hr-invisible   avia-builder-el-6  el_after_av_one_full  el_before_av_social_share '><span class='hr-inner ' ><span class='hr-inner-style'><\/span><\/span><\/div><\/p>\n<div  class='av-social-sharing-box  avia-builder-el-7  el_after_av_hr  el_before_av_hr  '><div class='av-share-box'><h5 class='av-share-link-description av-no-toc '>Compartir esta noticia<\/h5><ul class='av-share-box-list noLightbox'><li class='av-share-link av-social-link-facebook' ><a target=\"_blank\" aria-label=\"Compartir en Facebook\" href='https:\/\/www.facebook.com\/sharer.php?u=https:\/\/radiorevelacionfm.cl\/?p=32814&#038;t=Ays%C3%A9n%20celebr%C3%B3%20el%20D%C3%ADa%20del%20Cuequero%20y%20Cuequera%20con%20participaci%C3%B3n%20de%20agrupaciones%20folcl%C3%B3ricas%20de%20la%20comuna' aria-hidden='false' data-av_icon='\ue8f3' data-av_iconfont='entypo-fontello' title='' data-avia-related-tooltip='Compartir en Facebook' rel=\"noopener\"><span class='avia_hidden_link_text'>Compartir en Facebook<\/span><\/a><\/li><li class='av-share-link av-social-link-twitter' ><a target=\"_blank\" aria-label=\"Compartir en Twitter\" href='https:\/\/twitter.com\/share?text=Ays%C3%A9n%20celebr%C3%B3%20el%20D%C3%ADa%20del%20Cuequero%20y%20Cuequera%20con%20participaci%C3%B3n%20de%20agrupaciones%20folcl%C3%B3ricas%20de%20la%20comuna&#038;url=https:\/\/radiorevelacionfm.cl\/?p=32814' aria-hidden='false' data-av_icon='\ue8f1' data-av_iconfont='entypo-fontello' title='' data-avia-related-tooltip='Compartir en Twitter' rel=\"noopener\"><span class='avia_hidden_link_text'>Compartir en Twitter<\/span><\/a><\/li><li class='av-share-link av-social-link-whatsapp' ><a target=\"_blank\" aria-label=\"Compartir en Whatsapp\" href='https:\/\/api.whatsapp.com\/send?text=https:\/\/radiorevelacionfm.cl\/?p=32814' aria-hidden='false' data-av_icon='\uf232' data-av_iconfont='entypo-fontello' title='' data-avia-related-tooltip='Compartir en Whatsapp' rel=\"noopener\"><span class='avia_hidden_link_text'>Compartir en Whatsapp<\/span><\/a><\/li><li class='av-share-link av-social-link-linkedin' ><a target=\"_blank\" aria-label=\"Compartir en LinkedIn\" href='https:\/\/linkedin.com\/shareArticle?mini=true&#038;title=Ays%C3%A9n%20celebr%C3%B3%20el%20D%C3%ADa%20del%20Cuequero%20y%20Cuequera%20con%20participaci%C3%B3n%20de%20agrupaciones%20folcl%C3%B3ricas%20de%20la%20comuna&#038;url=https:\/\/radiorevelacionfm.cl\/?p=32814' aria-hidden='false' data-av_icon='\ue8fc' data-av_iconfont='entypo-fontello' title='' data-avia-related-tooltip='Compartir en LinkedIn' rel=\"noopener\"><span class='avia_hidden_link_text'>Compartir en LinkedIn<\/span><\/a><\/li><li class='av-share-link av-social-link-mail' ><a  aria-label=\"Compartir por correo\" href='mailto:?subject=Ays%C3%A9n%20celebr%C3%B3%20el%20D%C3%ADa%20del%20Cuequero%20y%20Cuequera%20con%20participaci%C3%B3n%20de%20agrupaciones%20folcl%C3%B3ricas%20de%20la%20comuna&#038;body=https:\/\/radiorevelacionfm.cl\/?p=32814' aria-hidden='false' data-av_icon='\ue805' data-av_iconfont='entypo-fontello' title='' data-avia-related-tooltip='Compartir por correo'><span class='avia_hidden_link_text'>Compartir por correo<\/span><\/a><\/li><\/ul><\/div><\/div>\n<div  style='height:50px' class='hr hr-invisible   avia-builder-el-8  el_after_av_social_share  el_before_av_comments_list '><span class='hr-inner ' ><span class='hr-inner-style'><\/span><\/span><\/div>\n<div  class='av-buildercomment  av-blog-meta-html-info-disabled av-blog-meta-tag-disabled  '><\/div>\n","protected":false},"excerpt":{"rendered":"","protected":false},"author":1,"featured_media":32815,"comment_status":"open","ping_status":"open","sticky":false,"template":"","format":"standard","meta":{"footnotes":""},"categories":[38],"tags":[],"class_list":["post-32814","post","type-post","status-publish","format-standard","has-post-thumbnail","hentry","category-regional"],"jetpack_featured_media_url":"https:\/\/radiorevelacionfm.cl\/wp-content\/uploads\/2023\/07\/fotografia-5-2_optimized.jpeg","_links":{"self":[{"href":"https:\/\/radiorevelacionfm.cl\/index.php?rest_route=\/wp\/v2\/posts\/32814","targetHints":{"allow":["GET"]}}],"collection":[{"href":"https:\/\/radiorevelacionfm.cl\/index.php?rest_route=\/wp\/v2\/posts"}],"about":[{"href":"https:\/\/radiorevelacionfm.cl\/index.php?rest_route=\/wp\/v2\/types\/post"}],"author":[{"embeddable":true,"href":"https:\/\/radiorevelacionfm.cl\/index.php?rest_route=\/wp\/v2\/users\/1"}],"replies":[{"embeddable":true,"href":"https:\/\/radiorevelacionfm.cl\/index.php?rest_route=%2Fwp%2Fv2%2Fcomments&post=32814"}],"version-history":[{"count":1,"href":"https:\/\/radiorevelacionfm.cl\/index.php?rest_route=\/wp\/v2\/posts\/32814\/revisions"}],"predecessor-version":[{"id":32816,"href":"https:\/\/radiorevelacionfm.cl\/index.php?rest_route=\/wp\/v2\/posts\/32814\/revisions\/32816"}],"wp:featuredmedia":[{"embeddable":true,"href":"https:\/\/radiorevelacionfm.cl\/index.php?rest_route=\/wp\/v2\/media\/32815"}],"wp:attachment":[{"href":"https:\/\/radiorevelacionfm.cl\/index.php?rest_route=%2Fwp%2Fv2%2Fmedia&parent=32814"}],"wp:term":[{"taxonomy":"category","embeddable":true,"href":"https:\/\/radiorevelacionfm.cl\/index.php?rest_route=%2Fwp%2Fv2%2Fcategories&post=32814"},{"taxonomy":"post_tag","embeddable":true,"href":"https:\/\/radiorevelacionfm.cl\/index.php?rest_route=%2Fwp%2Fv2%2Ftags&post=32814"}],"curies":[{"name":"wp","href":"https:\/\/api.w.org\/{rel}","templated":true}]}}