{"id":32808,"date":"2023-07-10T14:54:57","date_gmt":"2023-07-10T17:54:57","guid":{"rendered":"https:\/\/radiorevelacionfm.cl\/?p=32808"},"modified":"2023-07-10T14:54:57","modified_gmt":"2023-07-10T17:54:57","slug":"soldados-juraron-a-la-bandera-en-coyhaique-y-puerto-aysen","status":"publish","type":"post","link":"https:\/\/radiorevelacionfm.cl\/?p=32808","title":{"rendered":"Soldados juraron a la bandera en Coyhaique y Puerto Ays\u00e9n"},"content":{"rendered":"<div class=\"flex_column av_one_full  flex_column_div av-zero-column-padding first  avia-builder-el-0  el_before_av_one_full  avia-builder-el-first  \" style='border-radius:0px; '><div  class='avia-image-container  av-styling-    avia-builder-el-1  avia-builder-el-no-sibling  avia-align-center '  itemprop=\"image\" itemscope=\"itemscope\" itemtype=\"https:\/\/schema.org\/ImageObject\"  ><div class='avia-image-container-inner'><div class='avia-image-overlay-wrap'><img decoding=\"async\" class='wp-image-32809 avia-img-lazy-loading-not-32809 avia_image' src=\"https:\/\/radiorevelacionfm.cl\/wp-content\/uploads\/2023\/07\/whatsapp-image-2023-07-09-at-17_optimized.49.34-3-2.jpeg\" alt='' title='whatsapp-image-2023-07-09-at-17_optimized.49.34-(3)-2' height=\"600\" width=\"900\"  itemprop=\"thumbnailUrl\" srcset=\"https:\/\/radiorevelacionfm.cl\/wp-content\/uploads\/2023\/07\/whatsapp-image-2023-07-09-at-17_optimized.49.34-3-2.jpeg 900w, https:\/\/radiorevelacionfm.cl\/wp-content\/uploads\/2023\/07\/whatsapp-image-2023-07-09-at-17_optimized.49.34-3-2-300x200.jpeg 300w, https:\/\/radiorevelacionfm.cl\/wp-content\/uploads\/2023\/07\/whatsapp-image-2023-07-09-at-17_optimized.49.34-3-2-768x512.jpeg 768w, https:\/\/radiorevelacionfm.cl\/wp-content\/uploads\/2023\/07\/whatsapp-image-2023-07-09-at-17_optimized.49.34-3-2-705x470.jpeg 705w, https:\/\/radiorevelacionfm.cl\/wp-content\/uploads\/2023\/07\/whatsapp-image-2023-07-09-at-17_optimized.49.34-3-2-450x300.jpeg 450w, https:\/\/radiorevelacionfm.cl\/wp-content\/uploads\/2023\/07\/whatsapp-image-2023-07-09-at-17_optimized.49.34-3-2-600x400.jpeg 600w\" sizes=\"(max-width: 900px) 100vw, 900px\" \/><\/div><\/div><\/div><\/div><div class=\"flex_column av_one_full  flex_column_div av-zero-column-padding first  avia-builder-el-2  el_after_av_one_full  el_before_av_one_full  column-top-margin\" style='border-radius:0px; '><section class=\"av_textblock_section \"  itemscope=\"itemscope\" itemtype=\"https:\/\/schema.org\/BlogPosting\" itemprop=\"blogPost\" ><div class='avia_textblock  '   itemprop=\"text\" ><p style=\"text-align: center;\"><span style=\"font-size: 18pt;\"><strong>Soldados juraron a la bandera en Coyhaique y Puerto Ays\u00e9n<\/strong><\/span><\/p>\n<div id=\"gtx-trans\" style=\"position: absolute; left: -50px; top: 4.31534px;\">\n<div class=\"gtx-trans-icon\"><\/div>\n<\/div>\n<\/div><\/section><\/div><div class=\"flex_column av_one_full  flex_column_div av-zero-column-padding first  avia-builder-el-4  el_after_av_one_full  el_before_av_hr  column-top-margin\" style='border-radius:0px; '><section class=\"av_textblock_section \"  itemscope=\"itemscope\" itemtype=\"https:\/\/schema.org\/BlogPosting\" itemprop=\"blogPost\" ><div class='avia_textblock  '   itemprop=\"text\" ><p style=\"text-align: justify;\"><strong>\u201cJuro por Dios y por esta Bandera servir fielmente a mi Patria ya sea en mar, en tierra o en cualquier lugar hasta rendir la vida si fuese necesario\u201d<\/strong>, fueron las palabras con las que los soldados sellaron su compromiso con la Patria este domingo 9 de julio en las ciudades de Coyhaique y Puerto Ays\u00e9n.<\/p>\n<p style=\"text-align: justify;\">La ceremonia en Coyhaique se desarroll\u00f3 en la Plaza de Mirador R\u00edo Coyhaique, y fue presidida por el Delegado Presidencial de la Regi\u00f3n de Ays\u00e9n, Rodrigo Araya Morales y el Comandante en jefe de la IV Divisi\u00f3n de Ej\u00e9rcito, General de Brigada, Mario Sep\u00falveda Fuentes. Actividad que cont\u00f3 con la presencia de autoridades militares, civiles, familiares de los soldados y comunidad en general.<\/p>\n<p style=\"text-align: justify;\">La alocuci\u00f3n estuvo a cargo del Comandante del Destacamento Motorizado N\u00b014 \u201cAys\u00e9n\u201d, Coronel Elias Abuyeres Manzur, quien en sus palabras se\u00f1al\u00f3 \u201cHoy, el Ej\u00e9rcito de Chile recuerda la gesta de La Concepci\u00f3n y se manifiestacomo testigo de un nuevo Juramento a la Bandera, para ratificar el compromiso ineludible e invariable a trav\u00e9s del tiempo con el pueblo chileno\u201d.<\/p>\n<p style=\"text-align: justify;\">Posteriormente, se procedi\u00f3 a la toma del juramento de 228\u00a0 efectivos entre oficiales, suboficiales, soldados de tropa profesional y soldados conscriptos, quienes ofrecieron rendir sus vidas en defensa de la Patria y la Bandera, ante la atenta mirada de padres y apoderados, quienes emocionados presenciaron el trascendental acto que marca para siempre la vida del Soldado.<\/p>\n<p style=\"text-align: justify;\">De igual modo en la plaza de armas de Puerto Ays\u00e9n, juraron 4 Suboficiales y 75 soldados conscriptos pertenecientes al Regimiento N\u00b08 \u201cChilo\u00e9\u201d, la ceremonia cont\u00f3 con las m\u00e1s altas autoridades militares y civiles.<\/p>\n<p style=\"text-align: justify;\">El Comandante del Regimiento N\u00b0 8 \u00abChilo\u00e9\u00bb, Coronel Mario Villegas De Witt, quien realiz\u00f3 la alocuci\u00f3n se\u00f1al\u00f3 \u201cEl juramento que a continuaci\u00f3n pronunciar\u00e1n lleva impl\u00edcito un compromiso f\u00e9rreo con su patria, con sus valores y tradiciones. Es un compromiso consciente, que implica la defensa de sus compatriotas y es p\u00fablico, porque es un compromiso de frente a las autoridades, la ciudadan\u00eda y sus familias\u201d.<\/p>\n<p style=\"text-align: justify;\">Luego de jurar frente al Pabell\u00f3n Patrio, en ambas ceremonias se procedi\u00f3 con las descargas de rigor, sellando tan emotiva ceremonia con un desfile de honor.<\/p>\n<p style=\"text-align: justify;\">Cabe destacar que el d\u00eda s\u00e1bado 8 de julio, se realiz\u00f3 la vigilia de armas en ambas ciudades, ceremonia religiosa que se realiza en la v\u00edspera del 09 de julio de cada a\u00f1o, fecha en la que se efect\u00faa el Juramento a la Bandera. La vigilia es un instante para la reflexi\u00f3n y concientizaci\u00f3n que el juramento significa ofrecer a Dios y a la Patria lo m\u00e1s sublime que tenemos: la propia vida.<\/p>\n<\/div><\/section><\/div><div  style='height:50px' class='hr hr-invisible   avia-builder-el-6  el_after_av_one_full  el_before_av_social_share '><span class='hr-inner ' ><span class='hr-inner-style'><\/span><\/span><\/div><\/p>\n<div  class='av-social-sharing-box  avia-builder-el-7  el_after_av_hr  el_before_av_hr  '><div class='av-share-box'><h5 class='av-share-link-description av-no-toc '>Compartir esta noticia<\/h5><ul class='av-share-box-list noLightbox'><li class='av-share-link av-social-link-facebook' ><a target=\"_blank\" aria-label=\"Compartir en Facebook\" href='https:\/\/www.facebook.com\/sharer.php?u=https:\/\/radiorevelacionfm.cl\/?p=32808&#038;t=Soldados%20juraron%20a%20la%20bandera%20en%20Coyhaique%20y%20Puerto%20Ays%C3%A9n' aria-hidden='false' data-av_icon='\ue8f3' data-av_iconfont='entypo-fontello' title='' data-avia-related-tooltip='Compartir en Facebook' rel=\"noopener\"><span class='avia_hidden_link_text'>Compartir en Facebook<\/span><\/a><\/li><li class='av-share-link av-social-link-twitter' ><a target=\"_blank\" aria-label=\"Compartir en Twitter\" href='https:\/\/twitter.com\/share?text=Soldados%20juraron%20a%20la%20bandera%20en%20Coyhaique%20y%20Puerto%20Ays%C3%A9n&#038;url=https:\/\/radiorevelacionfm.cl\/?p=32808' aria-hidden='false' data-av_icon='\ue8f1' data-av_iconfont='entypo-fontello' title='' data-avia-related-tooltip='Compartir en Twitter' rel=\"noopener\"><span class='avia_hidden_link_text'>Compartir en Twitter<\/span><\/a><\/li><li class='av-share-link av-social-link-whatsapp' ><a target=\"_blank\" aria-label=\"Compartir en Whatsapp\" href='https:\/\/api.whatsapp.com\/send?text=https:\/\/radiorevelacionfm.cl\/?p=32808' aria-hidden='false' data-av_icon='\uf232' data-av_iconfont='entypo-fontello' title='' data-avia-related-tooltip='Compartir en Whatsapp' rel=\"noopener\"><span class='avia_hidden_link_text'>Compartir en Whatsapp<\/span><\/a><\/li><li class='av-share-link av-social-link-linkedin' ><a target=\"_blank\" aria-label=\"Compartir en LinkedIn\" href='https:\/\/linkedin.com\/shareArticle?mini=true&#038;title=Soldados%20juraron%20a%20la%20bandera%20en%20Coyhaique%20y%20Puerto%20Ays%C3%A9n&#038;url=https:\/\/radiorevelacionfm.cl\/?p=32808' aria-hidden='false' data-av_icon='\ue8fc' data-av_iconfont='entypo-fontello' title='' data-avia-related-tooltip='Compartir en LinkedIn' rel=\"noopener\"><span class='avia_hidden_link_text'>Compartir en LinkedIn<\/span><\/a><\/li><li class='av-share-link av-social-link-mail' ><a  aria-label=\"Compartir por correo\" href='mailto:?subject=Soldados%20juraron%20a%20la%20bandera%20en%20Coyhaique%20y%20Puerto%20Ays%C3%A9n&#038;body=https:\/\/radiorevelacionfm.cl\/?p=32808' aria-hidden='false' data-av_icon='\ue805' data-av_iconfont='entypo-fontello' title='' data-avia-related-tooltip='Compartir por correo'><span class='avia_hidden_link_text'>Compartir por correo<\/span><\/a><\/li><\/ul><\/div><\/div>\n<div  style='height:50px' class='hr hr-invisible   avia-builder-el-8  el_after_av_social_share  el_before_av_comments_list '><span class='hr-inner ' ><span class='hr-inner-style'><\/span><\/span><\/div>\n<div  class='av-buildercomment  av-blog-meta-html-info-disabled av-blog-meta-tag-disabled  '><\/div>\n","protected":false},"excerpt":{"rendered":"","protected":false},"author":1,"featured_media":32809,"comment_status":"open","ping_status":"open","sticky":false,"template":"","format":"standard","meta":{"footnotes":""},"categories":[38],"tags":[],"class_list":["post-32808","post","type-post","status-publish","format-standard","has-post-thumbnail","hentry","category-regional"],"jetpack_featured_media_url":"https:\/\/radiorevelacionfm.cl\/wp-content\/uploads\/2023\/07\/whatsapp-image-2023-07-09-at-17_optimized.49.34-3-2.jpeg","_links":{"self":[{"href":"https:\/\/radiorevelacionfm.cl\/index.php?rest_route=\/wp\/v2\/posts\/32808","targetHints":{"allow":["GET"]}}],"collection":[{"href":"https:\/\/radiorevelacionfm.cl\/index.php?rest_route=\/wp\/v2\/posts"}],"about":[{"href":"https:\/\/radiorevelacionfm.cl\/index.php?rest_route=\/wp\/v2\/types\/post"}],"author":[{"embeddable":true,"href":"https:\/\/radiorevelacionfm.cl\/index.php?rest_route=\/wp\/v2\/users\/1"}],"replies":[{"embeddable":true,"href":"https:\/\/radiorevelacionfm.cl\/index.php?rest_route=%2Fwp%2Fv2%2Fcomments&post=32808"}],"version-history":[{"count":1,"href":"https:\/\/radiorevelacionfm.cl\/index.php?rest_route=\/wp\/v2\/posts\/32808\/revisions"}],"predecessor-version":[{"id":32810,"href":"https:\/\/radiorevelacionfm.cl\/index.php?rest_route=\/wp\/v2\/posts\/32808\/revisions\/32810"}],"wp:featuredmedia":[{"embeddable":true,"href":"https:\/\/radiorevelacionfm.cl\/index.php?rest_route=\/wp\/v2\/media\/32809"}],"wp:attachment":[{"href":"https:\/\/radiorevelacionfm.cl\/index.php?rest_route=%2Fwp%2Fv2%2Fmedia&parent=32808"}],"wp:term":[{"taxonomy":"category","embeddable":true,"href":"https:\/\/radiorevelacionfm.cl\/index.php?rest_route=%2Fwp%2Fv2%2Fcategories&post=32808"},{"taxonomy":"post_tag","embeddable":true,"href":"https:\/\/radiorevelacionfm.cl\/index.php?rest_route=%2Fwp%2Fv2%2Ftags&post=32808"}],"curies":[{"name":"wp","href":"https:\/\/api.w.org\/{rel}","templated":true}]}}