{"id":32799,"date":"2023-07-10T10:29:37","date_gmt":"2023-07-10T13:29:37","guid":{"rendered":"https:\/\/radiorevelacionfm.cl\/?p=32799"},"modified":"2023-07-10T10:29:37","modified_gmt":"2023-07-10T13:29:37","slug":"en-chile-chico-sernameg-inicia-actividades-de-sensibilizacion-en-la-zona-sur-de-la-region-de-aysen","status":"publish","type":"post","link":"https:\/\/radiorevelacionfm.cl\/?p=32799","title":{"rendered":"En Chile Chico SernamEG inicia actividades de sensibilizaci\u00f3n en la zona sur de la regi\u00f3n de Ays\u00e9n"},"content":{"rendered":"<div class=\"flex_column av_one_full  flex_column_div av-zero-column-padding first  avia-builder-el-0  el_before_av_one_full  avia-builder-el-first  \" style='border-radius:0px; '><div  class='avia-image-container  av-styling-    avia-builder-el-1  avia-builder-el-no-sibling  avia-align-center '  itemprop=\"image\" itemscope=\"itemscope\" itemtype=\"https:\/\/schema.org\/ImageObject\"  ><div class='avia-image-container-inner'><div class='avia-image-overlay-wrap'><img decoding=\"async\" class='wp-image-32800 avia-img-lazy-loading-not-32800 avia_image' src=\"https:\/\/radiorevelacionfm.cl\/wp-content\/uploads\/2023\/07\/P1290553-2-2.jpg\" alt='' title='P1290553-2-2' height=\"600\" width=\"899\"  itemprop=\"thumbnailUrl\" srcset=\"https:\/\/radiorevelacionfm.cl\/wp-content\/uploads\/2023\/07\/P1290553-2-2.jpg 899w, https:\/\/radiorevelacionfm.cl\/wp-content\/uploads\/2023\/07\/P1290553-2-2-300x200.jpg 300w, https:\/\/radiorevelacionfm.cl\/wp-content\/uploads\/2023\/07\/P1290553-2-2-768x513.jpg 768w, https:\/\/radiorevelacionfm.cl\/wp-content\/uploads\/2023\/07\/P1290553-2-2-705x471.jpg 705w, https:\/\/radiorevelacionfm.cl\/wp-content\/uploads\/2023\/07\/P1290553-2-2-450x300.jpg 450w, https:\/\/radiorevelacionfm.cl\/wp-content\/uploads\/2023\/07\/P1290553-2-2-600x400.jpg 600w\" sizes=\"(max-width: 899px) 100vw, 899px\" \/><\/div><\/div><\/div><\/div><div class=\"flex_column av_one_full  flex_column_div av-zero-column-padding first  avia-builder-el-2  el_after_av_one_full  el_before_av_one_full  column-top-margin\" style='border-radius:0px; '><section class=\"av_textblock_section \"  itemscope=\"itemscope\" itemtype=\"https:\/\/schema.org\/BlogPosting\" itemprop=\"blogPost\" ><div class='avia_textblock  '   itemprop=\"text\" ><p style=\"text-align: center;\"><strong><span style=\"font-size: 18pt;\">En Chile Chico SernamEG inicia actividades de sensibilizaci\u00f3n en la zona sur de la regi\u00f3n de Ays\u00e9n<\/span><\/strong><\/p>\n<div id=\"gtx-trans\" style=\"position: absolute; left: -50px; top: 4.31534px;\">\n<div class=\"gtx-trans-icon\"><\/div>\n<\/div>\n<\/div><\/section><\/div><div class=\"flex_column av_one_full  flex_column_div av-zero-column-padding first  avia-builder-el-4  el_after_av_one_full  el_before_av_hr  column-top-margin\" style='border-radius:0px; '><section class=\"av_textblock_section \"  itemscope=\"itemscope\" itemtype=\"https:\/\/schema.org\/BlogPosting\" itemprop=\"blogPost\" ><div class='avia_textblock  '   itemprop=\"text\" ><p style=\"text-align: justify;\">Con el objetivo de que las mujeres sean protagonistas en todos los espacios de toma de decisi\u00f3n en la sociedad, el Servicio Nacional de la Mujer y la Equidad de G\u00e9nero, SernamEG, a trav\u00e9s del programa Mujer y Participaci\u00f3n Pol\u00edtica y Social desarrolla actividades de sensibilizaci\u00f3n. Destinadas a lideresas sociales con la finalidad de que obtengan informaci\u00f3n y herramientas, que les permitan perfeccionar sus habilidades con enfoque de g\u00e9nero.<\/p>\n<p style=\"text-align: justify;\">Sobre la relevancia que tiene este tipo de iniciativas, la Directora Regional (S) de SernamEG, Marta Godoy Carvajal, dijo: \u201cpara el Servicio es muy relevante que todas las mujeres obtengan conocimientos, que aporten a su crecimiento como lideresas. El di\u00e1logo y el intercambio de experiencias, contribuye a que ellas mismas se den cuenta, de que es necesaria la mirada de g\u00e9nero en las organizaciones sociales en las que se desenvuelven. Tambi\u00e9n, se les invita a replantearse la forma en que visualizan su liderazgo. De esta forma, aspiramos a que cada uno de sus aportes, se sumen a la transformaci\u00f3n cultural, que permita seguir avanzando en los derechos de las mujeres\u201d.<\/p>\n<p style=\"text-align: justify;\">Recientemente, se llev\u00f3 a cabo una actividad denominada \u201cEncuentro de Mujeres y su incidencia en el territorio\u201d en la Casa de la Cultura en Chile Chico. Una de las asistentes fue la representante del pa\u00eds, en la Red de Mujeres Rurales de Am\u00e9rica Latina y el Caribe, Red LAC, Gloria Becerra Catal\u00e1n. \u201cSiempre son experiencias positivas cuando las instituciones, a trav\u00e9s de sus programas, vienen a las localidades y que adem\u00e1s escuchen las inquietudes; sobre todo, el de las mujeres. Creo que la mirada de SernamEG, que incluye el generar nuevas capacitaciones y redes, es destacable, as\u00ed que la idea es seguir participando de estos talleres tan entretenidos\u201d, puntualiz\u00f3.<\/p>\n<p style=\"text-align: justify;\">GESTIONES EN EL TERRITORIO<\/p>\n<p style=\"text-align: justify;\">Una intensa jornada de trabajo en terreno, desarrollaron las profesionales de la direcci\u00f3n regional, lideradas por la Directora Regional (S) de SernamEG, Marta Godoy Carvajal, en Chile Chico. Dentro de las acciones efectuadas en la localidad, destacan una reuni\u00f3n con el Delegado Presidencial Provincial de General Carrera, Cristobal Barcel\u00f3 Veas, cuya finalidad fue revisar el avance de las gestiones comprometidas; en pos de apoyar las autonom\u00edas de las mujeres en el territorio.<\/p>\n<p style=\"text-align: justify;\">Otra cita fue con el Alcalde de Chile Chico, Luperciano Mu\u00f1oz; el Administrador Municipal, Alejandro Oyarz\u00fan; y el Director de la Direcci\u00f3n de Desarrollo Comunitario, Santos Sep\u00falveda. En la oportunidad, se realiz\u00f3 una revisi\u00f3n de la ejecuci\u00f3n del programa 4 a 7, en convenio entre ambas instituciones, el que tiene como objetivo fortalecer la autonom\u00eda econ\u00f3mica de las mujeres, contribuyendo a disminuir una barrera estructural; que limita su incorporaci\u00f3n y permanencia en el mercado laboral. Finalmente, otro de los encuentros con la comunidad fue el \u00abDi\u00e1logo en el territorio en la comuna de Chile Chico\u00bb, en coordinaci\u00f3n con Fundaci\u00f3n Prodemu.<\/p>\n<\/div><\/section><\/div><div  style='height:50px' class='hr hr-invisible   avia-builder-el-6  el_after_av_one_full  el_before_av_social_share '><span class='hr-inner ' ><span class='hr-inner-style'><\/span><\/span><\/div><\/p>\n<div  class='av-social-sharing-box  avia-builder-el-7  el_after_av_hr  el_before_av_hr  '><div class='av-share-box'><h5 class='av-share-link-description av-no-toc '>Compartir esta noticia<\/h5><ul class='av-share-box-list noLightbox'><li class='av-share-link av-social-link-facebook' ><a target=\"_blank\" aria-label=\"Compartir en Facebook\" href='https:\/\/www.facebook.com\/sharer.php?u=https:\/\/radiorevelacionfm.cl\/?p=32799&#038;t=En%20Chile%20Chico%20SernamEG%20inicia%20actividades%20de%20sensibilizaci%C3%B3n%20en%20la%20zona%20sur%20de%20la%20regi%C3%B3n%20de%20Ays%C3%A9n' aria-hidden='false' data-av_icon='\ue8f3' data-av_iconfont='entypo-fontello' title='' data-avia-related-tooltip='Compartir en Facebook' rel=\"noopener\"><span class='avia_hidden_link_text'>Compartir en Facebook<\/span><\/a><\/li><li class='av-share-link av-social-link-twitter' ><a target=\"_blank\" aria-label=\"Compartir en Twitter\" href='https:\/\/twitter.com\/share?text=En%20Chile%20Chico%20SernamEG%20inicia%20actividades%20de%20sensibilizaci%C3%B3n%20en%20la%20zona%20sur%20de%20la%20regi%C3%B3n%20de%20Ays%C3%A9n&#038;url=https:\/\/radiorevelacionfm.cl\/?p=32799' aria-hidden='false' data-av_icon='\ue8f1' data-av_iconfont='entypo-fontello' title='' data-avia-related-tooltip='Compartir en Twitter' rel=\"noopener\"><span class='avia_hidden_link_text'>Compartir en Twitter<\/span><\/a><\/li><li class='av-share-link av-social-link-whatsapp' ><a target=\"_blank\" aria-label=\"Compartir en Whatsapp\" href='https:\/\/api.whatsapp.com\/send?text=https:\/\/radiorevelacionfm.cl\/?p=32799' aria-hidden='false' data-av_icon='\uf232' data-av_iconfont='entypo-fontello' title='' data-avia-related-tooltip='Compartir en Whatsapp' rel=\"noopener\"><span class='avia_hidden_link_text'>Compartir en Whatsapp<\/span><\/a><\/li><li class='av-share-link av-social-link-linkedin' ><a target=\"_blank\" aria-label=\"Compartir en LinkedIn\" href='https:\/\/linkedin.com\/shareArticle?mini=true&#038;title=En%20Chile%20Chico%20SernamEG%20inicia%20actividades%20de%20sensibilizaci%C3%B3n%20en%20la%20zona%20sur%20de%20la%20regi%C3%B3n%20de%20Ays%C3%A9n&#038;url=https:\/\/radiorevelacionfm.cl\/?p=32799' aria-hidden='false' data-av_icon='\ue8fc' data-av_iconfont='entypo-fontello' title='' data-avia-related-tooltip='Compartir en LinkedIn' rel=\"noopener\"><span class='avia_hidden_link_text'>Compartir en LinkedIn<\/span><\/a><\/li><li class='av-share-link av-social-link-mail' ><a  aria-label=\"Compartir por correo\" href='mailto:?subject=En%20Chile%20Chico%20SernamEG%20inicia%20actividades%20de%20sensibilizaci%C3%B3n%20en%20la%20zona%20sur%20de%20la%20regi%C3%B3n%20de%20Ays%C3%A9n&#038;body=https:\/\/radiorevelacionfm.cl\/?p=32799' aria-hidden='false' data-av_icon='\ue805' data-av_iconfont='entypo-fontello' title='' data-avia-related-tooltip='Compartir por correo'><span class='avia_hidden_link_text'>Compartir por correo<\/span><\/a><\/li><\/ul><\/div><\/div>\n<div  style='height:50px' class='hr hr-invisible   avia-builder-el-8  el_after_av_social_share  el_before_av_comments_list '><span class='hr-inner ' ><span class='hr-inner-style'><\/span><\/span><\/div>\n<div  class='av-buildercomment  av-blog-meta-html-info-disabled av-blog-meta-tag-disabled  '><\/div>\n","protected":false},"excerpt":{"rendered":"","protected":false},"author":1,"featured_media":32800,"comment_status":"open","ping_status":"open","sticky":false,"template":"","format":"standard","meta":{"footnotes":""},"categories":[38],"tags":[],"class_list":["post-32799","post","type-post","status-publish","format-standard","has-post-thumbnail","hentry","category-regional"],"jetpack_featured_media_url":"https:\/\/radiorevelacionfm.cl\/wp-content\/uploads\/2023\/07\/P1290553-2-2.jpg","_links":{"self":[{"href":"https:\/\/radiorevelacionfm.cl\/index.php?rest_route=\/wp\/v2\/posts\/32799","targetHints":{"allow":["GET"]}}],"collection":[{"href":"https:\/\/radiorevelacionfm.cl\/index.php?rest_route=\/wp\/v2\/posts"}],"about":[{"href":"https:\/\/radiorevelacionfm.cl\/index.php?rest_route=\/wp\/v2\/types\/post"}],"author":[{"embeddable":true,"href":"https:\/\/radiorevelacionfm.cl\/index.php?rest_route=\/wp\/v2\/users\/1"}],"replies":[{"embeddable":true,"href":"https:\/\/radiorevelacionfm.cl\/index.php?rest_route=%2Fwp%2Fv2%2Fcomments&post=32799"}],"version-history":[{"count":1,"href":"https:\/\/radiorevelacionfm.cl\/index.php?rest_route=\/wp\/v2\/posts\/32799\/revisions"}],"predecessor-version":[{"id":32801,"href":"https:\/\/radiorevelacionfm.cl\/index.php?rest_route=\/wp\/v2\/posts\/32799\/revisions\/32801"}],"wp:featuredmedia":[{"embeddable":true,"href":"https:\/\/radiorevelacionfm.cl\/index.php?rest_route=\/wp\/v2\/media\/32800"}],"wp:attachment":[{"href":"https:\/\/radiorevelacionfm.cl\/index.php?rest_route=%2Fwp%2Fv2%2Fmedia&parent=32799"}],"wp:term":[{"taxonomy":"category","embeddable":true,"href":"https:\/\/radiorevelacionfm.cl\/index.php?rest_route=%2Fwp%2Fv2%2Fcategories&post=32799"},{"taxonomy":"post_tag","embeddable":true,"href":"https:\/\/radiorevelacionfm.cl\/index.php?rest_route=%2Fwp%2Fv2%2Ftags&post=32799"}],"curies":[{"name":"wp","href":"https:\/\/api.w.org\/{rel}","templated":true}]}}