{"id":32795,"date":"2023-07-09T22:11:54","date_gmt":"2023-07-10T01:11:54","guid":{"rendered":"https:\/\/radiorevelacionfm.cl\/?p=32795"},"modified":"2023-07-09T22:11:54","modified_gmt":"2023-07-10T01:11:54","slug":"mejora-calidad-en-servicios-de-telecomunicaciones-en-repollal-bajo-comuna-de-las-guaitecas","status":"publish","type":"post","link":"https:\/\/radiorevelacionfm.cl\/?p=32795","title":{"rendered":"Mejora calidad en servicios de telecomunicaciones en Repollal Bajo, comuna de Las Guaitecas"},"content":{"rendered":"<div class=\"flex_column av_one_full  flex_column_div av-zero-column-padding first  avia-builder-el-0  el_before_av_one_full  avia-builder-el-first  \" style='border-radius:0px; '><div  class='avia-image-container  av-styling-    avia-builder-el-1  avia-builder-el-no-sibling  avia-align-center '  itemprop=\"image\" itemscope=\"itemscope\" itemtype=\"https:\/\/schema.org\/ImageObject\"  ><div class='avia-image-container-inner'><div class='avia-image-overlay-wrap'><img decoding=\"async\" class='wp-image-32797 avia-img-lazy-loading-not-32797 avia_image' src=\"https:\/\/radiorevelacionfm.cl\/wp-content\/uploads\/2023\/07\/20230302_160127-2_optimized.jpg\" alt='' title='20230302_160127-2_optimized' height=\"600\" width=\"1067\"  itemprop=\"thumbnailUrl\" srcset=\"https:\/\/radiorevelacionfm.cl\/wp-content\/uploads\/2023\/07\/20230302_160127-2_optimized.jpg 1067w, https:\/\/radiorevelacionfm.cl\/wp-content\/uploads\/2023\/07\/20230302_160127-2_optimized-300x169.jpg 300w, https:\/\/radiorevelacionfm.cl\/wp-content\/uploads\/2023\/07\/20230302_160127-2_optimized-1030x579.jpg 1030w, https:\/\/radiorevelacionfm.cl\/wp-content\/uploads\/2023\/07\/20230302_160127-2_optimized-768x432.jpg 768w, https:\/\/radiorevelacionfm.cl\/wp-content\/uploads\/2023\/07\/20230302_160127-2_optimized-705x396.jpg 705w, https:\/\/radiorevelacionfm.cl\/wp-content\/uploads\/2023\/07\/20230302_160127-2_optimized-450x253.jpg 450w, https:\/\/radiorevelacionfm.cl\/wp-content\/uploads\/2023\/07\/20230302_160127-2_optimized-600x337.jpg 600w\" sizes=\"(max-width: 1067px) 100vw, 1067px\" \/><\/div><\/div><\/div><\/div><div class=\"flex_column av_one_full  flex_column_div av-zero-column-padding first  avia-builder-el-2  el_after_av_one_full  el_before_av_one_full  column-top-margin\" style='border-radius:0px; '><section class=\"av_textblock_section \"  itemscope=\"itemscope\" itemtype=\"https:\/\/schema.org\/BlogPosting\" itemprop=\"blogPost\" ><div class='avia_textblock  '   itemprop=\"text\" ><p style=\"text-align: center;\"><strong><span style=\"font-size: 18pt;\">Mejora calidad en servicios de telecomunicaciones en Repollal Bajo, comuna de Las Guaitecas<\/span><\/strong><\/p>\n<div id=\"gtx-trans\" style=\"position: absolute; left: -50px; top: 4.31534px;\">\n<div class=\"gtx-trans-icon\"><\/div>\n<\/div>\n<\/div><\/section><\/div><div class=\"flex_column av_one_full  flex_column_div av-zero-column-padding first  avia-builder-el-4  el_after_av_one_full  el_before_av_hr  column-top-margin\" style='border-radius:0px; '><section class=\"av_textblock_section \"  itemscope=\"itemscope\" itemtype=\"https:\/\/schema.org\/BlogPosting\" itemprop=\"blogPost\" ><div class='avia_textblock  '   itemprop=\"text\" ><p style=\"text-align: justify;\">A ra\u00edz de una visita realizada por la seremiTT Claudia Cantero en marzo de este a\u00f1o a la comuna de Las Guaitecas, los vecinos del sector Repollal Bajo manifestaron a la autoridad la mala calidad de transmisi\u00f3n de voz y datos disponibles en la zona. A ra\u00edz de ello se levant\u00f3 esta solicitud a la Subsecretar\u00eda de Telecomunicaciones para gestionar una soluci\u00f3n con la empresa Claro, proveedora de servicios de telecomunicaciones en dicho sector. Luego de unas pruebas realizadas a principios del mes de julio fue posible implementar esta mejora para beneficio de los habitantes de Repollal.<\/p>\n<p style=\"text-align: justify;\">El Subsecretario de Telecomunicaciones Claudio Araya explic\u00f3 que la conexi\u00f3n satelital existente s\u00f3lo prove\u00eda servicios de voz y una baja velocidad de conexi\u00f3n a Internet. Para que los clientes de la zona pudieran acceder al mundo digital, ClaroVTR realiz\u00f3 un upgrade al equipamiento t\u00e9cnico incorporando un nuevo servicio satelital con capacidad para proveer datos m\u00f3viles a los usuarios. Eso ha hecho posible que los vecinos puedan navegar a velocidades promedio de 180Mbps.<\/p>\n<p style=\"text-align: justify;\">\u201cLa importancia de esta antena es que permite incluir a los habitantes de Repollal Bajo en el mundo digital y que la distancia geogr\u00e1fica no sea una barrera en el acceso a Internet. Valoramos las gestiones p\u00fablicas y privadas que terminaron en la instalaci\u00f3n de conectividad, entreg\u00e1ndoles herramientas que les permitir\u00e1n acceder a todos los beneficios del mundo digital desde la isla\u201d, se\u00f1al\u00f3 el subsecretario Claudio Araya.<\/p>\n<p style=\"text-align: justify;\">La seremi del ramo celebr\u00f3 este logro que sin duda, permitir\u00e1 conectar de forma m\u00e1s efectiva a los habitantes de Repollal Bajo. \u201cHoy en d\u00eda la comunidad cuenta con 3G y 4G y esto nos llena de orgullo. Nos parece que es un hito relevante para la regi\u00f3n, en coordinaci\u00f3n con las empresas de telecomunicaciones. Por lo tanto, queremos agradecer a la empresa Claro por esta mejora realizada y tambi\u00e9n esperamos poder avanzar en este mismo sentido con las distintas empresas que prestan servicio de telecomunicaciones en la regi\u00f3n de Ays\u00e9n\u201d, se\u00f1al\u00f3 Cantero.<\/p>\n<p style=\"text-align: justify;\">El alcalde de Guaitecas, Marcos Silva, tambi\u00e9n destac\u00f3 el logro que permite acceder a las ventajas de Internet en este aislado rinc\u00f3n del litoral de Ays\u00e9n. \u201cPor supuesto que estamos felices. Esta es la forma de poder ir avanzando por el futuro de la gente cuando se hace el trabajo mancomunado. El esfuerzo que se hace a trav\u00e9s de nuestra serem\u00eda, la Junta de Vecinos de Repollal Bajo, lo que hemos hecho nosotros como municipio, finalmente se transforma en una tremenda noticia. Por supuesto, el compromiso tambi\u00e9n por parte de la empresa de poder recoger el guante y entregar esta tecnolog\u00eda, sobre todo a este sector, que hoy d\u00eda necesita estar conectado\u201d.<\/p>\n<p style=\"text-align: justify;\">En representaci\u00f3n de la comunidad, la dirigenta Mariana Chiguay expres\u00f3: \u201cNosotros como familias de Repollal, Bajo, queremos agradecer las gestiones realizadas por la seremi de Transportes y Telecomunicaciones. Por venir en terreno a escuchar nuestras peticiones y hacer realidad un sue\u00f1o que anhelamos hace mucho tiempo, tener una buena calidad de internet\u201d.<\/p>\n<p style=\"text-align: justify;\">Mabel Chiguay, tambi\u00e9n dirigenta de Repollal Bajo, manifest\u00f3 su alegr\u00eda por los resultados de las gestiones llevadas a cabo por la Subtel, que permitir\u00e1n una mejor conectividad y una menor sensaci\u00f3n de aislamiento con el mundo. \u201cEsto es Repollal Bajo, donde por fin, despu\u00e9s de 10 a\u00f1os, se logr\u00f3 tener una se\u00f1al como corresponde en nuestro sector. Hablo a nombre de mis vecinos porque la verdad que esto va a ser muy muy importante para nosotros. Somos mujeres trabajadoras, emprendedoras, tenemos diferentes oficios, nos dedicamos a la recolecci\u00f3n de productos del mar, a diferentes emprendimientos. As\u00ed que la verdad que estamos muy, muy contentos y agradecidos de esta tremend\u00edsima gesti\u00f3n y ojal\u00e1 se sigan viniendo noticias buenas para nuestra comuna y para nuestro sector\u201d.<\/p>\n<p style=\"text-align: justify;\">La dirigenta local explic\u00f3 los cambios concretos en la calidad de la transmisi\u00f3n de datos: \u201cNos hemos comunicado muy bien con nuestros familiares que est\u00e1n lejos, a trav\u00e9s de videollamadas. A veces que cuando el tiempo est\u00e1 mal, uno se pone un poco bajoneado, pero una llamada hace que salga adelante, as\u00ed que quiero agradecerle a nuestras autoridades que se preocuparon, por llegar a la isla, escuchar nuestro petitorio y darnos una respuesta\u201d.<\/p>\n<\/div><\/section><\/div><div  style='height:50px' class='hr hr-invisible   avia-builder-el-6  el_after_av_one_full  el_before_av_social_share '><span class='hr-inner ' ><span class='hr-inner-style'><\/span><\/span><\/div><\/p>\n<div  class='av-social-sharing-box  avia-builder-el-7  el_after_av_hr  el_before_av_hr  '><div class='av-share-box'><h5 class='av-share-link-description av-no-toc '>Compartir esta noticia<\/h5><ul class='av-share-box-list noLightbox'><li class='av-share-link av-social-link-facebook' ><a target=\"_blank\" aria-label=\"Compartir en Facebook\" href='https:\/\/www.facebook.com\/sharer.php?u=https:\/\/radiorevelacionfm.cl\/?p=32795&#038;t=Mejora%20calidad%20en%20servicios%20de%20telecomunicaciones%20en%20Repollal%20Bajo%2C%20comuna%20de%20Las%20Guaitecas' aria-hidden='false' data-av_icon='\ue8f3' data-av_iconfont='entypo-fontello' title='' data-avia-related-tooltip='Compartir en Facebook' rel=\"noopener\"><span class='avia_hidden_link_text'>Compartir en Facebook<\/span><\/a><\/li><li class='av-share-link av-social-link-twitter' ><a target=\"_blank\" aria-label=\"Compartir en Twitter\" href='https:\/\/twitter.com\/share?text=Mejora%20calidad%20en%20servicios%20de%20telecomunicaciones%20en%20Repollal%20Bajo%2C%20comuna%20de%20Las%20Guaitecas&#038;url=https:\/\/radiorevelacionfm.cl\/?p=32795' aria-hidden='false' data-av_icon='\ue8f1' data-av_iconfont='entypo-fontello' title='' data-avia-related-tooltip='Compartir en Twitter' rel=\"noopener\"><span class='avia_hidden_link_text'>Compartir en Twitter<\/span><\/a><\/li><li class='av-share-link av-social-link-whatsapp' ><a target=\"_blank\" aria-label=\"Compartir en Whatsapp\" href='https:\/\/api.whatsapp.com\/send?text=https:\/\/radiorevelacionfm.cl\/?p=32795' aria-hidden='false' data-av_icon='\uf232' data-av_iconfont='entypo-fontello' title='' data-avia-related-tooltip='Compartir en Whatsapp' rel=\"noopener\"><span class='avia_hidden_link_text'>Compartir en Whatsapp<\/span><\/a><\/li><li class='av-share-link av-social-link-linkedin' ><a target=\"_blank\" aria-label=\"Compartir en LinkedIn\" href='https:\/\/linkedin.com\/shareArticle?mini=true&#038;title=Mejora%20calidad%20en%20servicios%20de%20telecomunicaciones%20en%20Repollal%20Bajo%2C%20comuna%20de%20Las%20Guaitecas&#038;url=https:\/\/radiorevelacionfm.cl\/?p=32795' aria-hidden='false' data-av_icon='\ue8fc' data-av_iconfont='entypo-fontello' title='' data-avia-related-tooltip='Compartir en LinkedIn' rel=\"noopener\"><span class='avia_hidden_link_text'>Compartir en LinkedIn<\/span><\/a><\/li><li class='av-share-link av-social-link-mail' ><a  aria-label=\"Compartir por correo\" href='mailto:?subject=Mejora%20calidad%20en%20servicios%20de%20telecomunicaciones%20en%20Repollal%20Bajo%2C%20comuna%20de%20Las%20Guaitecas&#038;body=https:\/\/radiorevelacionfm.cl\/?p=32795' aria-hidden='false' data-av_icon='\ue805' data-av_iconfont='entypo-fontello' title='' data-avia-related-tooltip='Compartir por correo'><span class='avia_hidden_link_text'>Compartir por correo<\/span><\/a><\/li><\/ul><\/div><\/div>\n<div  style='height:50px' class='hr hr-invisible   avia-builder-el-8  el_after_av_social_share  el_before_av_comments_list '><span class='hr-inner ' ><span class='hr-inner-style'><\/span><\/span><\/div>\n<div  class='av-buildercomment  av-blog-meta-html-info-disabled av-blog-meta-tag-disabled  '><\/div>\n","protected":false},"excerpt":{"rendered":"","protected":false},"author":1,"featured_media":32797,"comment_status":"open","ping_status":"open","sticky":false,"template":"","format":"standard","meta":{"footnotes":""},"categories":[38],"tags":[],"class_list":["post-32795","post","type-post","status-publish","format-standard","has-post-thumbnail","hentry","category-regional"],"jetpack_featured_media_url":"https:\/\/radiorevelacionfm.cl\/wp-content\/uploads\/2023\/07\/20230302_160127-2_optimized.jpg","_links":{"self":[{"href":"https:\/\/radiorevelacionfm.cl\/index.php?rest_route=\/wp\/v2\/posts\/32795","targetHints":{"allow":["GET"]}}],"collection":[{"href":"https:\/\/radiorevelacionfm.cl\/index.php?rest_route=\/wp\/v2\/posts"}],"about":[{"href":"https:\/\/radiorevelacionfm.cl\/index.php?rest_route=\/wp\/v2\/types\/post"}],"author":[{"embeddable":true,"href":"https:\/\/radiorevelacionfm.cl\/index.php?rest_route=\/wp\/v2\/users\/1"}],"replies":[{"embeddable":true,"href":"https:\/\/radiorevelacionfm.cl\/index.php?rest_route=%2Fwp%2Fv2%2Fcomments&post=32795"}],"version-history":[{"count":1,"href":"https:\/\/radiorevelacionfm.cl\/index.php?rest_route=\/wp\/v2\/posts\/32795\/revisions"}],"predecessor-version":[{"id":32798,"href":"https:\/\/radiorevelacionfm.cl\/index.php?rest_route=\/wp\/v2\/posts\/32795\/revisions\/32798"}],"wp:featuredmedia":[{"embeddable":true,"href":"https:\/\/radiorevelacionfm.cl\/index.php?rest_route=\/wp\/v2\/media\/32797"}],"wp:attachment":[{"href":"https:\/\/radiorevelacionfm.cl\/index.php?rest_route=%2Fwp%2Fv2%2Fmedia&parent=32795"}],"wp:term":[{"taxonomy":"category","embeddable":true,"href":"https:\/\/radiorevelacionfm.cl\/index.php?rest_route=%2Fwp%2Fv2%2Fcategories&post=32795"},{"taxonomy":"post_tag","embeddable":true,"href":"https:\/\/radiorevelacionfm.cl\/index.php?rest_route=%2Fwp%2Fv2%2Ftags&post=32795"}],"curies":[{"name":"wp","href":"https:\/\/api.w.org\/{rel}","templated":true}]}}