{"id":32792,"date":"2023-07-09T19:12:31","date_gmt":"2023-07-09T22:12:31","guid":{"rendered":"https:\/\/radiorevelacionfm.cl\/?p=32792"},"modified":"2023-07-09T19:12:31","modified_gmt":"2023-07-09T22:12:31","slug":"aprueban-recursos-para-estadio-de-la-junta-con-una-inversion-que-supera-los-3-240-millones","status":"publish","type":"post","link":"https:\/\/radiorevelacionfm.cl\/?p=32792","title":{"rendered":"Aprueban recursos para estadio de La Junta, con una inversi\u00f3n que supera los 3.240 millones"},"content":{"rendered":"<div class=\"flex_column av_one_full  flex_column_div av-zero-column-padding first  avia-builder-el-0  el_before_av_one_full  avia-builder-el-first  \" style='border-radius:0px; '><div  class='avia-image-container  av-styling-    avia-builder-el-1  avia-builder-el-no-sibling  avia-align-center '  itemprop=\"image\" itemscope=\"itemscope\" itemtype=\"https:\/\/schema.org\/ImageObject\"  ><div class='avia-image-container-inner'><div class='avia-image-overlay-wrap'><img decoding=\"async\" class='wp-image-32793 avia-img-lazy-loading-not-32793 avia_image' src=\"https:\/\/radiorevelacionfm.cl\/wp-content\/uploads\/2023\/07\/alcalde-y-consejera-aprobacion-estadio-2_optimized.jpg\" alt='' title='alcalde-y-consejera-aprobacion-estadio-2_optimized' height=\"600\" width=\"1030\"  itemprop=\"thumbnailUrl\" srcset=\"https:\/\/radiorevelacionfm.cl\/wp-content\/uploads\/2023\/07\/alcalde-y-consejera-aprobacion-estadio-2_optimized.jpg 1030w, https:\/\/radiorevelacionfm.cl\/wp-content\/uploads\/2023\/07\/alcalde-y-consejera-aprobacion-estadio-2_optimized-300x175.jpg 300w, https:\/\/radiorevelacionfm.cl\/wp-content\/uploads\/2023\/07\/alcalde-y-consejera-aprobacion-estadio-2_optimized-768x447.jpg 768w, https:\/\/radiorevelacionfm.cl\/wp-content\/uploads\/2023\/07\/alcalde-y-consejera-aprobacion-estadio-2_optimized-705x411.jpg 705w, https:\/\/radiorevelacionfm.cl\/wp-content\/uploads\/2023\/07\/alcalde-y-consejera-aprobacion-estadio-2_optimized-450x262.jpg 450w, https:\/\/radiorevelacionfm.cl\/wp-content\/uploads\/2023\/07\/alcalde-y-consejera-aprobacion-estadio-2_optimized-600x350.jpg 600w\" sizes=\"(max-width: 1030px) 100vw, 1030px\" \/><\/div><\/div><\/div><\/div><div class=\"flex_column av_one_full  flex_column_div av-zero-column-padding first  avia-builder-el-2  el_after_av_one_full  el_before_av_one_full  column-top-margin\" style='border-radius:0px; '><section class=\"av_textblock_section \"  itemscope=\"itemscope\" itemtype=\"https:\/\/schema.org\/BlogPosting\" itemprop=\"blogPost\" ><div class='avia_textblock  '   itemprop=\"text\" ><p style=\"text-align: center;\"><strong><span style=\"font-size: 18pt;\">Aprueban recursos para estadio de La Junta, con una inversi\u00f3n que supera los 3.240 millones<\/span><\/strong><\/p>\n<div id=\"gtx-trans\" style=\"position: absolute; left: -50px; top: 4.31534px;\">\n<div class=\"gtx-trans-icon\"><\/div>\n<\/div>\n<\/div><\/section><\/div><div class=\"flex_column av_one_full  flex_column_div av-zero-column-padding first  avia-builder-el-4  el_after_av_one_full  el_before_av_hr  column-top-margin\" style='border-radius:0px; '><section class=\"av_textblock_section \"  itemscope=\"itemscope\" itemtype=\"https:\/\/schema.org\/BlogPosting\" itemprop=\"blogPost\" ><div class='avia_textblock  '   itemprop=\"text\" ><p style=\"text-align: justify;\">Una gran noticia para los deportistas de la comuna de Cisnes es la que se conoci\u00f3 la semana reci\u00e9n pasada y consiste en la aprobaci\u00f3n de forma un\u00e1nime del proyecto de \u201cReposici\u00f3n de Estadio Municipal de La Junta\u201d, primero en la comisi\u00f3n de Desarrollo Social, Cultural y Deportivo y luego en el pleno del Consejo Regional de Ays\u00e9n.<\/p>\n<p style=\"text-align: justify;\">El Alcalde Francisco Roncagliolo Lepio, agradeci\u00f3 la voluntad de la Gobernadora Andrea Mac\u00edas, de poner la iniciativa en tabla, como as\u00ed tambi\u00e9n, de cada uno de los Consejeros y Consejeras que aprobaron esta importante proyecto.<\/p>\n<p style=\"text-align: justify;\">\u201cComo Alcalde de la comuna de Cisnes estoy muy contento y agradecido del apoyo un\u00e1nime del pleno del Consejo Regional de Ays\u00e9n, por la aprobaci\u00f3n de lo que significa la reposici\u00f3n del estadio de La Junta, un proyecto que estamos trabajando en nuestra comuna del a\u00f1o 2017 con nuestro equipo de Secplan tambi\u00e9n con el equipo del IND y obviamente con el Ministerio de Desarrollo Social y Familia para sacarlo adelante, que tenga el RS y que hoy pueda ser financiado. As\u00ed es que, hoy se ha aprobado este proyecto, con la postura en tabla de la Gobernadora Andrea Mac\u00edas, a la cual agradezco adem\u00e1s la visita a la localidad, la conversaci\u00f3n con los dirigentes y el compromiso con la localidad en este aspecto\u201d.<\/p>\n<p style=\"text-align: justify;\">El jefe comunal, a\u00f1adi\u00f3 que, \u201cesto va a abrir un espacio importante, no solamente al deporte, sino que tambi\u00e9n, a la generaci\u00f3n de empleo que hoy est\u00e1 bastante complicado a nivel regional y en el futuro cuando este proyecto ya est\u00e9 listo, va a ser una alternativa m\u00e1s para la regi\u00f3n de Ays\u00e9n, en lo que significa, un centro y estructura para hacer deporte y competencias a nivel regional. Va a tener caracter\u00edsticas muy similares al estadio regional de Coyhaique, por lo tanto, va a ser una alternativa cierta para el desarrollo de actividades locales, comunales, regionales y tambi\u00e9n esperamos que podamos incorporar a la provincia de Palena y todo lo que es la zona sur de la regi\u00f3n de Los Lagos\u201d.<\/p>\n<p style=\"text-align: justify;\">En tanto, la Consejera Regional de la Provincia de Ays\u00e9n, Paola Rodr\u00edguez, manifest\u00f3 que, \u201cprimero, agradecer a la Gobernadora Regional por colocar en tabla este proyecto, luego a mis colegas Consejeros Regionales que hemos tenido que pasar por momentos complejos, dif\u00edciles, ya que, frente a cada aprobaci\u00f3n uno recibe un cuestionamiento por parte de las comunidades, por parte de la gente, por lo tanto, para nosotros es de mucha responsabilidad tomar en conciencia lo que significa cada uno de estos proyectos. En el caso de la reposici\u00f3n del estadio de La Junta, para nosotros significa un gran avance para la regi\u00f3n de Ays\u00e9n\u201d.<\/p>\n<p style=\"text-align: justify;\">La Consejera Rodr\u00edguez, indic\u00f3 tambi\u00e9n que, \u201chace poco ten\u00edamos una exposici\u00f3n del IND mostrando las falencias que tenemos en el deporte, tambi\u00e9n cuando se habla de equidad, de que no todo se centralice en la capital regional, sino tambi\u00e9n, podamos llegar al resto de la regi\u00f3n y en este caso se beneficio la localidad de La Junta. Esto gracias al trabajo que mantiene el Alcalde Francisco Roncagliolo con sus equipos, consiguieron este RS y hoy d\u00eda el Consejo en pleno lo aprueba. As\u00ed es que, contenta, feliz, enviar un gran saludo a la gente de La Junta, a los dirigentes, a los deportistas, que han estado esperando por a\u00f1os este estadio\u201d.<\/p>\n<p style=\"text-align: justify;\">El proyecto de Reposici\u00f3n del Estadio de La Junta, considera una inversi\u00f3n de 3.241.838 millones de pesos aprobados por el Consejo Regional en pleno, tras la iniciativa desarrolla por el equipo profesional y t\u00e9cnico de la Municipalidad de Cisnes, con el apoyo del IND y el Ministerio de Desarrollo Social y Familia.<\/p>\n<\/div><\/section><\/div><div  style='height:50px' class='hr hr-invisible   avia-builder-el-6  el_after_av_one_full  el_before_av_social_share '><span class='hr-inner ' ><span class='hr-inner-style'><\/span><\/span><\/div><\/p>\n<div  class='av-social-sharing-box  avia-builder-el-7  el_after_av_hr  el_before_av_hr  '><div class='av-share-box'><h5 class='av-share-link-description av-no-toc '>Compartir esta noticia<\/h5><ul class='av-share-box-list noLightbox'><li class='av-share-link av-social-link-facebook' ><a target=\"_blank\" aria-label=\"Compartir en Facebook\" href='https:\/\/www.facebook.com\/sharer.php?u=https:\/\/radiorevelacionfm.cl\/?p=32792&#038;t=Aprueban%20recursos%20para%20estadio%20de%20La%20Junta%2C%20con%20una%20inversi%C3%B3n%20que%20supera%20los%203.240%20millones' aria-hidden='false' data-av_icon='\ue8f3' data-av_iconfont='entypo-fontello' title='' data-avia-related-tooltip='Compartir en Facebook' rel=\"noopener\"><span class='avia_hidden_link_text'>Compartir en Facebook<\/span><\/a><\/li><li class='av-share-link av-social-link-twitter' ><a target=\"_blank\" aria-label=\"Compartir en Twitter\" href='https:\/\/twitter.com\/share?text=Aprueban%20recursos%20para%20estadio%20de%20La%20Junta%2C%20con%20una%20inversi%C3%B3n%20que%20supera%20los%203.240%20millones&#038;url=https:\/\/radiorevelacionfm.cl\/?p=32792' aria-hidden='false' data-av_icon='\ue8f1' data-av_iconfont='entypo-fontello' title='' data-avia-related-tooltip='Compartir en Twitter' rel=\"noopener\"><span class='avia_hidden_link_text'>Compartir en Twitter<\/span><\/a><\/li><li class='av-share-link av-social-link-whatsapp' ><a target=\"_blank\" aria-label=\"Compartir en Whatsapp\" href='https:\/\/api.whatsapp.com\/send?text=https:\/\/radiorevelacionfm.cl\/?p=32792' aria-hidden='false' data-av_icon='\uf232' data-av_iconfont='entypo-fontello' title='' data-avia-related-tooltip='Compartir en Whatsapp' rel=\"noopener\"><span class='avia_hidden_link_text'>Compartir en Whatsapp<\/span><\/a><\/li><li class='av-share-link av-social-link-linkedin' ><a target=\"_blank\" aria-label=\"Compartir en LinkedIn\" href='https:\/\/linkedin.com\/shareArticle?mini=true&#038;title=Aprueban%20recursos%20para%20estadio%20de%20La%20Junta%2C%20con%20una%20inversi%C3%B3n%20que%20supera%20los%203.240%20millones&#038;url=https:\/\/radiorevelacionfm.cl\/?p=32792' aria-hidden='false' data-av_icon='\ue8fc' data-av_iconfont='entypo-fontello' title='' data-avia-related-tooltip='Compartir en LinkedIn' rel=\"noopener\"><span class='avia_hidden_link_text'>Compartir en LinkedIn<\/span><\/a><\/li><li class='av-share-link av-social-link-mail' ><a  aria-label=\"Compartir por correo\" href='mailto:?subject=Aprueban%20recursos%20para%20estadio%20de%20La%20Junta%2C%20con%20una%20inversi%C3%B3n%20que%20supera%20los%203.240%20millones&#038;body=https:\/\/radiorevelacionfm.cl\/?p=32792' aria-hidden='false' data-av_icon='\ue805' data-av_iconfont='entypo-fontello' title='' data-avia-related-tooltip='Compartir por correo'><span class='avia_hidden_link_text'>Compartir por correo<\/span><\/a><\/li><\/ul><\/div><\/div>\n<div  style='height:50px' class='hr hr-invisible   avia-builder-el-8  el_after_av_social_share  el_before_av_comments_list '><span class='hr-inner ' ><span class='hr-inner-style'><\/span><\/span><\/div>\n<div  class='av-buildercomment  av-blog-meta-html-info-disabled av-blog-meta-tag-disabled  '><\/div>\n","protected":false},"excerpt":{"rendered":"","protected":false},"author":1,"featured_media":32793,"comment_status":"open","ping_status":"open","sticky":false,"template":"","format":"standard","meta":{"footnotes":""},"categories":[38],"tags":[],"class_list":["post-32792","post","type-post","status-publish","format-standard","has-post-thumbnail","hentry","category-regional"],"jetpack_featured_media_url":"https:\/\/radiorevelacionfm.cl\/wp-content\/uploads\/2023\/07\/alcalde-y-consejera-aprobacion-estadio-2_optimized.jpg","_links":{"self":[{"href":"https:\/\/radiorevelacionfm.cl\/index.php?rest_route=\/wp\/v2\/posts\/32792","targetHints":{"allow":["GET"]}}],"collection":[{"href":"https:\/\/radiorevelacionfm.cl\/index.php?rest_route=\/wp\/v2\/posts"}],"about":[{"href":"https:\/\/radiorevelacionfm.cl\/index.php?rest_route=\/wp\/v2\/types\/post"}],"author":[{"embeddable":true,"href":"https:\/\/radiorevelacionfm.cl\/index.php?rest_route=\/wp\/v2\/users\/1"}],"replies":[{"embeddable":true,"href":"https:\/\/radiorevelacionfm.cl\/index.php?rest_route=%2Fwp%2Fv2%2Fcomments&post=32792"}],"version-history":[{"count":1,"href":"https:\/\/radiorevelacionfm.cl\/index.php?rest_route=\/wp\/v2\/posts\/32792\/revisions"}],"predecessor-version":[{"id":32794,"href":"https:\/\/radiorevelacionfm.cl\/index.php?rest_route=\/wp\/v2\/posts\/32792\/revisions\/32794"}],"wp:featuredmedia":[{"embeddable":true,"href":"https:\/\/radiorevelacionfm.cl\/index.php?rest_route=\/wp\/v2\/media\/32793"}],"wp:attachment":[{"href":"https:\/\/radiorevelacionfm.cl\/index.php?rest_route=%2Fwp%2Fv2%2Fmedia&parent=32792"}],"wp:term":[{"taxonomy":"category","embeddable":true,"href":"https:\/\/radiorevelacionfm.cl\/index.php?rest_route=%2Fwp%2Fv2%2Fcategories&post=32792"},{"taxonomy":"post_tag","embeddable":true,"href":"https:\/\/radiorevelacionfm.cl\/index.php?rest_route=%2Fwp%2Fv2%2Ftags&post=32792"}],"curies":[{"name":"wp","href":"https:\/\/api.w.org\/{rel}","templated":true}]}}