{"id":32787,"date":"2023-07-09T18:54:12","date_gmt":"2023-07-09T21:54:12","guid":{"rendered":"https:\/\/radiorevelacionfm.cl\/?p=32787"},"modified":"2023-07-09T18:54:12","modified_gmt":"2023-07-09T21:54:12","slug":"jovenes-de-coyhaique-obtienen-medallas-de-oro-plata-y-bronce-en-campeonato-de-taekwondo","status":"publish","type":"post","link":"https:\/\/radiorevelacionfm.cl\/?p=32787","title":{"rendered":"J\u00f3venes de Coyhaique obtienen medallas de oro, plata y bronce en campeonato de Taekwondo"},"content":{"rendered":"<div class=\"flex_column av_one_full  flex_column_div av-zero-column-padding first  avia-builder-el-0  el_before_av_one_full  avia-builder-el-first  \" style='border-radius:0px; '><div  class='avia-image-container  av-styling-    avia-builder-el-1  avia-builder-el-no-sibling  avia-align-center '  itemprop=\"image\" itemscope=\"itemscope\" itemtype=\"https:\/\/schema.org\/ImageObject\"  ><div class='avia-image-container-inner'><div class='avia-image-overlay-wrap'><img decoding=\"async\" class='wp-image-32788 avia-img-lazy-loading-not-32788 avia_image' src=\"https:\/\/radiorevelacionfm.cl\/wp-content\/uploads\/2023\/07\/foto-2-8-2_optimized.jpg\" alt='' title='foto-2-8-2_optimized' height=\"600\" width=\"763\"  itemprop=\"thumbnailUrl\" srcset=\"https:\/\/radiorevelacionfm.cl\/wp-content\/uploads\/2023\/07\/foto-2-8-2_optimized.jpg 763w, https:\/\/radiorevelacionfm.cl\/wp-content\/uploads\/2023\/07\/foto-2-8-2_optimized-300x236.jpg 300w, https:\/\/radiorevelacionfm.cl\/wp-content\/uploads\/2023\/07\/foto-2-8-2_optimized-705x554.jpg 705w, https:\/\/radiorevelacionfm.cl\/wp-content\/uploads\/2023\/07\/foto-2-8-2_optimized-450x354.jpg 450w, https:\/\/radiorevelacionfm.cl\/wp-content\/uploads\/2023\/07\/foto-2-8-2_optimized-600x472.jpg 600w\" sizes=\"(max-width: 763px) 100vw, 763px\" \/><\/div><\/div><\/div><\/div>\n<div class=\"flex_column av_one_full  flex_column_div av-zero-column-padding first  avia-builder-el-2  el_after_av_one_full  el_before_av_one_full  column-top-margin\" style='border-radius:0px; '><section class=\"av_textblock_section \"  itemscope=\"itemscope\" itemtype=\"https:\/\/schema.org\/BlogPosting\" itemprop=\"blogPost\" ><div class='avia_textblock  '   itemprop=\"text\" ><p style=\"text-align: center;\"><span style=\"font-size: 18pt;\"><strong>J\u00f3venes de Coyhaique obtienen medallas de oro, plata y bronce en campeonato de Taekwondo<\/strong><\/span><\/p>\n<div id=\"gtx-trans\" style=\"position: absolute; left: -50px; top: 4.31534px;\">\n<div class=\"gtx-trans-icon\"><\/div>\n<\/div>\n<\/div><\/section><\/div>\n<div class=\"flex_column av_one_full  flex_column_div av-zero-column-padding first  avia-builder-el-4  el_after_av_one_full  el_before_av_hr  column-top-margin\" style='border-radius:0px; '><section class=\"av_textblock_section \"  itemscope=\"itemscope\" itemtype=\"https:\/\/schema.org\/BlogPosting\" itemprop=\"blogPost\" ><div class='avia_textblock  '   itemprop=\"text\" ><p style=\"text-align: justify;\">El Instituto Nacional de la Juventud de la regi\u00f3n felicita y destaca a los j\u00f3venes deportistas del Club Koryo Coyhaique, que participaron en el \u201c8\u00b0 Grand Prix Internacional Taekwondo\u201d que se realiz\u00f3 en la ciudad de Los \u00c1ngeles, Regi\u00f3n del Bio Bio, logrando una destacada participaci\u00f3n, premiada con medallas de oro, plata y bronce.<\/p>\n<p style=\"text-align: justify;\">Los j\u00f3venes deportistas destacados fueron; Rodrigo Fuenzalida qui\u00e9n obtuvo el Primer Lugar, categor\u00eda 73 Kg., Nicol\u00e1s Alvarado con el Segundo Lugar, categor\u00eda 69 Kg., y Gabriel Guerrero, qui\u00e9n obtuvo el Tercer Lugar con la categor\u00eda 86 Kg.<\/p>\n<p style=\"text-align: justify;\">\u201cExtender las felicitaciones a los j\u00f3venes deportistas que representaron a la comuna de Coyhaique y lograron grandes resultados en esta jornada. Tambi\u00e9n felicitar a quienes estuvieron a cargo de la preparaci\u00f3n y formaci\u00f3n de ellos. Como Direcci\u00f3n Regional nos sentimos sumamente orgullosos por el esfuerzo y talento con el que se dedican a la disciplina deportiva, lo cual es un ejemplo para muchos j\u00f3venes, no solo de nuestra comuna, sino tambi\u00e9n de la regi\u00f3n. Estaremos colaborando en todo lo que sea necesario, articul\u00e1ndonos con los diferentes servicios para poder promover el deporte y que puedan seguir cultivando \u00e9xitos en esta disciplina\u201d, explic\u00f3 el Director Regional de INJUV Ays\u00e9n, Camilo Trivi\u00f1o Urtubia.<\/p>\n<p style=\"text-align: justify;\">El joven deportista Rodrigo Fuenzalida, se mostr\u00f3 muy feliz con la experiencia y se\u00f1al\u00f3 que \u201cnosotros fuimos a participar en el Torneo Grand Prix que se realiz\u00f3 en la ciudad de Los \u00c1ngeles, en el polideportivo, fuimos a competir por nuestra cuenta, representando al Club Koryo Coyhaique, donde obtuvimos resultados, en mi caso gane una pelea y saqu\u00e9 medalla de oro. Fue una gran experiencia, lo pasamos s\u00faper bien, adem\u00e1s que el torneo era muy grande, entonces fue una muy buena experiencia\u201d.<\/p>\n<p style=\"text-align: justify;\">En tanto,\u00a0 Nicol\u00e1s Alvarado, explic\u00f3 que \u201cpara ser mi primer torneo, la verdad es que igual me impresion\u00f3 bastante por mi desempe\u00f1o y el de mis compa\u00f1eros, estaba emocionado y ansioso por ir, de todas maneras se pas\u00f3 bien. Practico este deporte desde septiembre del a\u00f1o pasado y estoy muy satisfecho por los resultados\u201d.<\/p>\n<p style=\"text-align: justify;\">Por su parte, el Instructor y Primer Dan del Club Koryo Coyhaique, Marcelo Guerrero, sostuvo que \u201cnosotros como club funcionamos hace 10 a\u00f1os aproximadamente, por la pandemia baj\u00f3 el flujo de personas que participan, ahora lo estamos reactivando y potenciando el Taekwondo en la regi\u00f3n. Los invito a practicar este deporte con nosotros, ya que es una actividad bonita y tambi\u00e9n integral, tiene los valores propios de las artes marciales y la posibilidad de poder desarrollar habilidades que quiz\u00e1s en otras actividades no existen. Ahora tenemos la instancia de poder competir y representar a la regi\u00f3n, por lo que cualquier persona que quiera iniciarse tenga o no experiencia, es bienvenido a practicar este deporte\u201d.<\/p>\n<p style=\"text-align: justify;\">Las personas interesadas en aprender y practicar Taekwondo o ser parte del Club Koryo Coyhaique, pueden llamar al fono +569 56004515 o escribir al correo de la secretaria del club, Marisol Ulloa <a href=\"mailto:macunqn@gmail.com\">macunqn@gmail.com<\/a>.<\/p>\n<\/div><\/section><\/div><div  style='height:50px' class='hr hr-invisible   avia-builder-el-6  el_after_av_one_full  el_before_av_social_share '><span class='hr-inner ' ><span class='hr-inner-style'><\/span><\/span><\/div><\/p>\n<div  class='av-social-sharing-box  avia-builder-el-7  el_after_av_hr  el_before_av_hr  '><div class='av-share-box'><h5 class='av-share-link-description av-no-toc '>Compartir esta noticia<\/h5><ul class='av-share-box-list noLightbox'><li class='av-share-link av-social-link-facebook' ><a target=\"_blank\" aria-label=\"Compartir en Facebook\" href='https:\/\/www.facebook.com\/sharer.php?u=https:\/\/radiorevelacionfm.cl\/?p=32787&#038;t=J%C3%B3venes%20de%20Coyhaique%20obtienen%20medallas%20de%20oro%2C%20plata%20y%20bronce%20en%20campeonato%20de%20Taekwondo' aria-hidden='false' data-av_icon='\ue8f3' data-av_iconfont='entypo-fontello' title='' data-avia-related-tooltip='Compartir en Facebook' rel=\"noopener\"><span class='avia_hidden_link_text'>Compartir en Facebook<\/span><\/a><\/li><li class='av-share-link av-social-link-twitter' ><a target=\"_blank\" aria-label=\"Compartir en Twitter\" href='https:\/\/twitter.com\/share?text=J%C3%B3venes%20de%20Coyhaique%20obtienen%20medallas%20de%20oro%2C%20plata%20y%20bronce%20en%20campeonato%20de%20Taekwondo&#038;url=https:\/\/radiorevelacionfm.cl\/?p=32787' aria-hidden='false' data-av_icon='\ue8f1' data-av_iconfont='entypo-fontello' title='' data-avia-related-tooltip='Compartir en Twitter' rel=\"noopener\"><span class='avia_hidden_link_text'>Compartir en Twitter<\/span><\/a><\/li><li class='av-share-link av-social-link-whatsapp' ><a target=\"_blank\" aria-label=\"Compartir en Whatsapp\" href='https:\/\/api.whatsapp.com\/send?text=https:\/\/radiorevelacionfm.cl\/?p=32787' aria-hidden='false' data-av_icon='\uf232' data-av_iconfont='entypo-fontello' title='' data-avia-related-tooltip='Compartir en Whatsapp' rel=\"noopener\"><span class='avia_hidden_link_text'>Compartir en Whatsapp<\/span><\/a><\/li><li class='av-share-link av-social-link-linkedin' ><a target=\"_blank\" aria-label=\"Compartir en LinkedIn\" href='https:\/\/linkedin.com\/shareArticle?mini=true&#038;title=J%C3%B3venes%20de%20Coyhaique%20obtienen%20medallas%20de%20oro%2C%20plata%20y%20bronce%20en%20campeonato%20de%20Taekwondo&#038;url=https:\/\/radiorevelacionfm.cl\/?p=32787' aria-hidden='false' data-av_icon='\ue8fc' data-av_iconfont='entypo-fontello' title='' data-avia-related-tooltip='Compartir en LinkedIn' rel=\"noopener\"><span class='avia_hidden_link_text'>Compartir en LinkedIn<\/span><\/a><\/li><li class='av-share-link av-social-link-mail' ><a  aria-label=\"Compartir por correo\" href='mailto:?subject=J%C3%B3venes%20de%20Coyhaique%20obtienen%20medallas%20de%20oro%2C%20plata%20y%20bronce%20en%20campeonato%20de%20Taekwondo&#038;body=https:\/\/radiorevelacionfm.cl\/?p=32787' aria-hidden='false' data-av_icon='\ue805' data-av_iconfont='entypo-fontello' title='' data-avia-related-tooltip='Compartir por correo'><span class='avia_hidden_link_text'>Compartir por correo<\/span><\/a><\/li><\/ul><\/div><\/div>\n<div  style='height:50px' class='hr hr-invisible   avia-builder-el-8  el_after_av_social_share  el_before_av_comments_list '><span class='hr-inner ' ><span class='hr-inner-style'><\/span><\/span><\/div>\n<div  class='av-buildercomment  av-blog-meta-html-info-disabled av-blog-meta-tag-disabled  '><\/div>\n","protected":false},"excerpt":{"rendered":"","protected":false},"author":1,"featured_media":32788,"comment_status":"open","ping_status":"open","sticky":false,"template":"","format":"standard","meta":{"footnotes":""},"categories":[40],"tags":[],"class_list":["post-32787","post","type-post","status-publish","format-standard","has-post-thumbnail","hentry","category-deportes"],"jetpack_featured_media_url":"https:\/\/radiorevelacionfm.cl\/wp-content\/uploads\/2023\/07\/foto-2-8-2_optimized.jpg","_links":{"self":[{"href":"https:\/\/radiorevelacionfm.cl\/index.php?rest_route=\/wp\/v2\/posts\/32787","targetHints":{"allow":["GET"]}}],"collection":[{"href":"https:\/\/radiorevelacionfm.cl\/index.php?rest_route=\/wp\/v2\/posts"}],"about":[{"href":"https:\/\/radiorevelacionfm.cl\/index.php?rest_route=\/wp\/v2\/types\/post"}],"author":[{"embeddable":true,"href":"https:\/\/radiorevelacionfm.cl\/index.php?rest_route=\/wp\/v2\/users\/1"}],"replies":[{"embeddable":true,"href":"https:\/\/radiorevelacionfm.cl\/index.php?rest_route=%2Fwp%2Fv2%2Fcomments&post=32787"}],"version-history":[{"count":2,"href":"https:\/\/radiorevelacionfm.cl\/index.php?rest_route=\/wp\/v2\/posts\/32787\/revisions"}],"predecessor-version":[{"id":32791,"href":"https:\/\/radiorevelacionfm.cl\/index.php?rest_route=\/wp\/v2\/posts\/32787\/revisions\/32791"}],"wp:featuredmedia":[{"embeddable":true,"href":"https:\/\/radiorevelacionfm.cl\/index.php?rest_route=\/wp\/v2\/media\/32788"}],"wp:attachment":[{"href":"https:\/\/radiorevelacionfm.cl\/index.php?rest_route=%2Fwp%2Fv2%2Fmedia&parent=32787"}],"wp:term":[{"taxonomy":"category","embeddable":true,"href":"https:\/\/radiorevelacionfm.cl\/index.php?rest_route=%2Fwp%2Fv2%2Fcategories&post=32787"},{"taxonomy":"post_tag","embeddable":true,"href":"https:\/\/radiorevelacionfm.cl\/index.php?rest_route=%2Fwp%2Fv2%2Ftags&post=32787"}],"curies":[{"name":"wp","href":"https:\/\/api.w.org\/{rel}","templated":true}]}}