{"id":32785,"date":"2023-07-09T18:27:07","date_gmt":"2023-07-09T21:27:07","guid":{"rendered":"https:\/\/radiorevelacionfm.cl\/?p=32785"},"modified":"2023-07-09T18:27:07","modified_gmt":"2023-07-09T21:27:07","slug":"calisto-valoro-decision-de-fiscalia-de-aysen-de-comenzar-investigacion-por-convenios-es-importante-que-esto-se-esclarezca","status":"publish","type":"post","link":"https:\/\/radiorevelacionfm.cl\/?p=32785","title":{"rendered":"Calisto valor\u00f3 decisi\u00f3n de Fiscal\u00eda de Ays\u00e9n de comenzar investigaci\u00f3n por convenios: \u201cEs importante que esto se esclarezca\u201d"},"content":{"rendered":"<div class=\"flex_column av_one_full  flex_column_div av-zero-column-padding first  avia-builder-el-0  el_before_av_one_full  avia-builder-el-first  \" style='border-radius:0px; '><div  class='avia-image-container  av-styling-    avia-builder-el-1  avia-builder-el-no-sibling  avia-align-center '  itemprop=\"image\" itemscope=\"itemscope\" itemtype=\"https:\/\/schema.org\/ImageObject\"  ><div class='avia-image-container-inner'><div class='avia-image-overlay-wrap'><img decoding=\"async\" class='wp-image-16249 avia-img-lazy-loading-not-16249 avia_image' src=\"https:\/\/radiorevelacionfm.cl\/wp-content\/uploads\/2022\/04\/CALISTO-ARCHIVO-1-1.jpg\" alt='' title='CALISTO ARCHIVO (1) (1)' height=\"600\" width=\"1092\"  itemprop=\"thumbnailUrl\" srcset=\"https:\/\/radiorevelacionfm.cl\/wp-content\/uploads\/2022\/04\/CALISTO-ARCHIVO-1-1.jpg 1092w, https:\/\/radiorevelacionfm.cl\/wp-content\/uploads\/2022\/04\/CALISTO-ARCHIVO-1-1-300x165.jpg 300w, https:\/\/radiorevelacionfm.cl\/wp-content\/uploads\/2022\/04\/CALISTO-ARCHIVO-1-1-1030x566.jpg 1030w, https:\/\/radiorevelacionfm.cl\/wp-content\/uploads\/2022\/04\/CALISTO-ARCHIVO-1-1-768x422.jpg 768w, https:\/\/radiorevelacionfm.cl\/wp-content\/uploads\/2022\/04\/CALISTO-ARCHIVO-1-1-705x387.jpg 705w, https:\/\/radiorevelacionfm.cl\/wp-content\/uploads\/2022\/04\/CALISTO-ARCHIVO-1-1-600x330.jpg 600w\" sizes=\"(max-width: 1092px) 100vw, 1092px\" \/><\/div><\/div><\/div><\/div><div class=\"flex_column av_one_full  flex_column_div av-zero-column-padding first  avia-builder-el-2  el_after_av_one_full  el_before_av_one_full  column-top-margin\" style='border-radius:0px; '><section class=\"av_textblock_section \"  itemscope=\"itemscope\" itemtype=\"https:\/\/schema.org\/BlogPosting\" itemprop=\"blogPost\" ><div class='avia_textblock  '   itemprop=\"text\" ><p style=\"text-align: center;\"><span style=\"font-size: 18pt;\"><b><span lang=\"ES\">Calisto valor\u00f3 decisi\u00f3n de Fiscal\u00eda de Ays\u00e9n de comenzar investigaci\u00f3n por convenios: \u201cEs importante que esto se esclarezca\u201d<\/span><\/b><\/span><\/p>\n<div id=\"gtx-trans\" style=\"position: absolute; left: -50px; top: 4.31534px;\">\n<div class=\"gtx-trans-icon\"><\/div>\n<\/div>\n<\/div><\/section><\/div><div class=\"flex_column av_one_full  flex_column_div av-zero-column-padding first  avia-builder-el-4  el_after_av_one_full  el_before_av_hr  column-top-margin\" style='border-radius:0px; '><section class=\"av_textblock_section \"  itemscope=\"itemscope\" itemtype=\"https:\/\/schema.org\/BlogPosting\" itemprop=\"blogPost\" ><div class='avia_textblock  '   itemprop=\"text\" ><p style=\"text-align: justify;\">Tras la confirmaci\u00f3n por parte de la Fiscal\u00eda Regional de Ays\u00e9n del inicio de una investigaci\u00f3n por los convenios del Gore y la Universidad regional con algunas fundaciones cuestionadas, como \u00a0Democracia Viva y Procultura, el diputado Miguel \u00c1ngel Calisto asegur\u00f3 que \u201ces importante que esto se esclarezca y sepamos si hubo fraude al fisco\u201d.<\/p>\n<p style=\"text-align: justify;\">La decisi\u00f3n de Fiscal\u00eda se da luego que los tres diputados de la Regi\u00f3n, Miguel \u00c1ngel Calisto, Marcia Raphael y Ren\u00e9 Alinco enviaran un oficio al Ministerio P\u00fablico para que investigara los detalles de la relaci\u00f3n entre el Gore y la Universidad de Ays\u00e9n con estas Fundaciones.<\/p>\n<p style=\"text-align: justify;\">Seg\u00fan el legislador, \u201cestamos satisfechos con la disposici\u00f3n y con la agilidad que la Fiscal\u00eda Regional de Ays\u00e9n ha decidido iniciar una investigaci\u00f3n respecto de transferencias de fondos p\u00fablicos desde el Gobierno Regional de Ays\u00e9n y la Universidad de Ays\u00e9n a Fundaciones como Procultura y Democracia Viva\u201d.<\/p>\n<p style=\"text-align: justify;\">\u201cPara nosotros es importante que se esclarezcan este tipo de situaciones y sepamos si hubo fraude al fisco, tomando en cuenta que pone en jaque proyectos tan emblem\u00e1ticos como es la Universidad, la que adem\u00e1s est\u00e1 viviendo una situaci\u00f3n financiera compleja\u201d.<\/p>\n<p style=\"text-align: justify;\">Finalmente, el diputado Miguel \u00c1ngel Calisto afirm\u00f3 que \u201cpara nosotros esto es grave, por lo tanto, como diputados de Ays\u00e9n valoramos que el Fiscal Regional haya acogido nuestra denuncia realizada a prop\u00f3sito del traspaso de Fondos P\u00fablicos a estas fundaciones que hoy en d\u00eda est\u00e1n tan cuestionadas\u201d.<\/p>\n<\/div><\/section><\/div><div  style='height:50px' class='hr hr-invisible   avia-builder-el-6  el_after_av_one_full  el_before_av_social_share '><span class='hr-inner ' ><span class='hr-inner-style'><\/span><\/span><\/div><\/p>\n<div  class='av-social-sharing-box  avia-builder-el-7  el_after_av_hr  el_before_av_hr  '><div class='av-share-box'><h5 class='av-share-link-description av-no-toc '>Compartir esta noticia<\/h5><ul class='av-share-box-list noLightbox'><li class='av-share-link av-social-link-facebook' ><a target=\"_blank\" aria-label=\"Compartir en Facebook\" href='https:\/\/www.facebook.com\/sharer.php?u=https:\/\/radiorevelacionfm.cl\/?p=32785&#038;t=Calisto%20valor%C3%B3%20decisi%C3%B3n%20de%20Fiscal%C3%ADa%20de%20Ays%C3%A9n%20de%20comenzar%20investigaci%C3%B3n%20por%20convenios%3A%20%E2%80%9CEs%20importante%20que%20esto%20se%20esclarezca%E2%80%9D' aria-hidden='false' data-av_icon='\ue8f3' data-av_iconfont='entypo-fontello' title='' data-avia-related-tooltip='Compartir en Facebook' rel=\"noopener\"><span class='avia_hidden_link_text'>Compartir en Facebook<\/span><\/a><\/li><li class='av-share-link av-social-link-twitter' ><a target=\"_blank\" aria-label=\"Compartir en Twitter\" href='https:\/\/twitter.com\/share?text=Calisto%20valor%C3%B3%20decisi%C3%B3n%20de%20Fiscal%C3%ADa%20de%20Ays%C3%A9n%20de%20comenzar%20investigaci%C3%B3n%20por%20convenios%3A%20%E2%80%9CEs%20importante%20que%20esto%20se%20esclarezca%E2%80%9D&#038;url=https:\/\/radiorevelacionfm.cl\/?p=32785' aria-hidden='false' data-av_icon='\ue8f1' data-av_iconfont='entypo-fontello' title='' data-avia-related-tooltip='Compartir en Twitter' rel=\"noopener\"><span class='avia_hidden_link_text'>Compartir en Twitter<\/span><\/a><\/li><li class='av-share-link av-social-link-whatsapp' ><a target=\"_blank\" aria-label=\"Compartir en Whatsapp\" href='https:\/\/api.whatsapp.com\/send?text=https:\/\/radiorevelacionfm.cl\/?p=32785' aria-hidden='false' data-av_icon='\uf232' data-av_iconfont='entypo-fontello' title='' data-avia-related-tooltip='Compartir en Whatsapp' rel=\"noopener\"><span class='avia_hidden_link_text'>Compartir en Whatsapp<\/span><\/a><\/li><li class='av-share-link av-social-link-linkedin' ><a target=\"_blank\" aria-label=\"Compartir en LinkedIn\" href='https:\/\/linkedin.com\/shareArticle?mini=true&#038;title=Calisto%20valor%C3%B3%20decisi%C3%B3n%20de%20Fiscal%C3%ADa%20de%20Ays%C3%A9n%20de%20comenzar%20investigaci%C3%B3n%20por%20convenios%3A%20%E2%80%9CEs%20importante%20que%20esto%20se%20esclarezca%E2%80%9D&#038;url=https:\/\/radiorevelacionfm.cl\/?p=32785' aria-hidden='false' data-av_icon='\ue8fc' data-av_iconfont='entypo-fontello' title='' data-avia-related-tooltip='Compartir en LinkedIn' rel=\"noopener\"><span class='avia_hidden_link_text'>Compartir en LinkedIn<\/span><\/a><\/li><li class='av-share-link av-social-link-mail' ><a  aria-label=\"Compartir por correo\" href='mailto:?subject=Calisto%20valor%C3%B3%20decisi%C3%B3n%20de%20Fiscal%C3%ADa%20de%20Ays%C3%A9n%20de%20comenzar%20investigaci%C3%B3n%20por%20convenios%3A%20%E2%80%9CEs%20importante%20que%20esto%20se%20esclarezca%E2%80%9D&#038;body=https:\/\/radiorevelacionfm.cl\/?p=32785' aria-hidden='false' data-av_icon='\ue805' data-av_iconfont='entypo-fontello' title='' data-avia-related-tooltip='Compartir por correo'><span class='avia_hidden_link_text'>Compartir por correo<\/span><\/a><\/li><\/ul><\/div><\/div>\n<div  style='height:50px' class='hr hr-invisible   avia-builder-el-8  el_after_av_social_share  el_before_av_comments_list '><span class='hr-inner ' ><span class='hr-inner-style'><\/span><\/span><\/div>\n<div  class='av-buildercomment  av-blog-meta-html-info-disabled av-blog-meta-tag-disabled  '><\/div>\n","protected":false},"excerpt":{"rendered":"","protected":false},"author":1,"featured_media":16249,"comment_status":"open","ping_status":"open","sticky":false,"template":"","format":"standard","meta":{"footnotes":""},"categories":[35],"tags":[],"class_list":["post-32785","post","type-post","status-publish","format-standard","has-post-thumbnail","hentry","category-politica"],"jetpack_featured_media_url":"https:\/\/radiorevelacionfm.cl\/wp-content\/uploads\/2022\/04\/CALISTO-ARCHIVO-1-1.jpg","_links":{"self":[{"href":"https:\/\/radiorevelacionfm.cl\/index.php?rest_route=\/wp\/v2\/posts\/32785","targetHints":{"allow":["GET"]}}],"collection":[{"href":"https:\/\/radiorevelacionfm.cl\/index.php?rest_route=\/wp\/v2\/posts"}],"about":[{"href":"https:\/\/radiorevelacionfm.cl\/index.php?rest_route=\/wp\/v2\/types\/post"}],"author":[{"embeddable":true,"href":"https:\/\/radiorevelacionfm.cl\/index.php?rest_route=\/wp\/v2\/users\/1"}],"replies":[{"embeddable":true,"href":"https:\/\/radiorevelacionfm.cl\/index.php?rest_route=%2Fwp%2Fv2%2Fcomments&post=32785"}],"version-history":[{"count":1,"href":"https:\/\/radiorevelacionfm.cl\/index.php?rest_route=\/wp\/v2\/posts\/32785\/revisions"}],"predecessor-version":[{"id":32786,"href":"https:\/\/radiorevelacionfm.cl\/index.php?rest_route=\/wp\/v2\/posts\/32785\/revisions\/32786"}],"wp:featuredmedia":[{"embeddable":true,"href":"https:\/\/radiorevelacionfm.cl\/index.php?rest_route=\/wp\/v2\/media\/16249"}],"wp:attachment":[{"href":"https:\/\/radiorevelacionfm.cl\/index.php?rest_route=%2Fwp%2Fv2%2Fmedia&parent=32785"}],"wp:term":[{"taxonomy":"category","embeddable":true,"href":"https:\/\/radiorevelacionfm.cl\/index.php?rest_route=%2Fwp%2Fv2%2Fcategories&post=32785"},{"taxonomy":"post_tag","embeddable":true,"href":"https:\/\/radiorevelacionfm.cl\/index.php?rest_route=%2Fwp%2Fv2%2Ftags&post=32785"}],"curies":[{"name":"wp","href":"https:\/\/api.w.org\/{rel}","templated":true}]}}