{"id":32782,"date":"2023-07-11T13:15:26","date_gmt":"2023-07-11T16:15:26","guid":{"rendered":"https:\/\/radiorevelacionfm.cl\/?p=32782"},"modified":"2023-07-11T13:15:26","modified_gmt":"2023-07-11T16:15:26","slug":"en-aysen-la-asistencia-promedio-fue-de-868-un-39-superior-a-la-registrada-en-2022-y-la-inasistencia-grave-disminuyo-un-12-respecto-al-ano-pasado","status":"publish","type":"post","link":"https:\/\/radiorevelacionfm.cl\/?p=32782","title":{"rendered":"En Ays\u00e9n la asistencia promedio fue de 86,8% un 3,9% superior a la registrada en 2022 y la inasistencia grave disminuy\u00f3 un 12% respecto al a\u00f1o pasado"},"content":{"rendered":"<div class=\"flex_column av_one_full  flex_column_div av-zero-column-padding first  avia-builder-el-0  el_before_av_one_full  avia-builder-el-first  \" style='border-radius:0px; '><div  class='avia-image-container  av-styling-    avia-builder-el-1  avia-builder-el-no-sibling  avia-align-center '  itemprop=\"image\" itemscope=\"itemscope\" itemtype=\"https:\/\/schema.org\/ImageObject\"  ><div class='avia-image-container-inner'><div class='avia-image-overlay-wrap'><img decoding=\"async\" class='wp-image-32783 avia-img-lazy-loading-not-32783 avia_image' src=\"https:\/\/radiorevelacionfm.cl\/wp-content\/uploads\/2023\/07\/asistencia-escolar2-2-2.jpg\" alt='' title='asistencia escolar2-2-2' height=\"600\" width=\"800\"  itemprop=\"thumbnailUrl\" srcset=\"https:\/\/radiorevelacionfm.cl\/wp-content\/uploads\/2023\/07\/asistencia-escolar2-2-2.jpg 800w, https:\/\/radiorevelacionfm.cl\/wp-content\/uploads\/2023\/07\/asistencia-escolar2-2-2-300x225.jpg 300w, https:\/\/radiorevelacionfm.cl\/wp-content\/uploads\/2023\/07\/asistencia-escolar2-2-2-768x576.jpg 768w, https:\/\/radiorevelacionfm.cl\/wp-content\/uploads\/2023\/07\/asistencia-escolar2-2-2-705x529.jpg 705w, https:\/\/radiorevelacionfm.cl\/wp-content\/uploads\/2023\/07\/asistencia-escolar2-2-2-450x338.jpg 450w, https:\/\/radiorevelacionfm.cl\/wp-content\/uploads\/2023\/07\/asistencia-escolar2-2-2-600x450.jpg 600w\" sizes=\"(max-width: 800px) 100vw, 800px\" \/><\/div><\/div><\/div><\/div><div class=\"flex_column av_one_full  flex_column_div av-zero-column-padding first  avia-builder-el-2  el_after_av_one_full  el_before_av_one_full  column-top-margin\" style='border-radius:0px; '><section class=\"av_textblock_section \"  itemscope=\"itemscope\" itemtype=\"https:\/\/schema.org\/BlogPosting\" itemprop=\"blogPost\" ><div class='avia_textblock  '   itemprop=\"text\" ><p style=\"text-align: center;\"><strong><span style=\"font-size: 18pt;\">En Ays\u00e9n la asistencia promedio fue de 86,8% un 3,9% superior a la registrada en 2022 y la inasistencia grave disminuy\u00f3 un 12% respecto al a\u00f1o pasado<\/span><\/strong><\/p>\n<div id=\"gtx-trans\" style=\"position: absolute; left: -50px; top: 4.31534px;\">\n<div class=\"gtx-trans-icon\"><\/div>\n<\/div>\n<\/div><\/section><\/div><div class=\"flex_column av_one_full  flex_column_div av-zero-column-padding first  avia-builder-el-4  el_after_av_one_full  el_before_av_hr  column-top-margin\" style='border-radius:0px; '><section class=\"av_textblock_section \"  itemscope=\"itemscope\" itemtype=\"https:\/\/schema.org\/BlogPosting\" itemprop=\"blogPost\" ><div class='avia_textblock  '   itemprop=\"text\" ><p class=\"v1MsoNormal\" style=\"text-align: justify;\">Tres de cada cinco estudiantes del sistema escolar present\u00f3 una asistencia normal o destacada en el trimestre de marzo a mayo de este a\u00f1o, el que alcanz\u00f3 una asistencia promedio de 88% en las escuelas y liceos, tres puntos porcentuales m\u00e1s que en igual per\u00edodo del a\u00f1o pasado.<\/p>\n<p class=\"v1MsoNormal\" style=\"text-align: justify;\">Esa es una las conclusiones que mostr\u00f3 el balance del primer semestre escolar, realizado por el\u00a0ministro de Educaci\u00f3n, Marco Antonio \u00c1vila,\u00a0quien junto al\u00a0director del Centro de Estudios del Mineduc, Sebasti\u00e1n Araneda,\u00a0y al\u00a0secretario ejecutivo del\u00a0<a href=\"https:\/\/www.mineduc.cl\/plan-de-reactivacion-educativa-2023\/\" target=\"_blank\" rel=\"noopener noreferrer\">Plan de Reactivaci\u00f3n Educativa<\/a>, Joaqu\u00edn Walker,\u00a0dio cuenta del estado de los niveles de asistencia en los establecimientos y de las medidas para superar el da\u00f1o de la pandemia.<\/p>\n<p class=\"v1MsoNormal\" style=\"text-align: justify;\">De acuerdo al balance, hay 15 regiones del pa\u00eds que tienen un incremento en su asistencia promedio en comparaci\u00f3n con 2022, al igual que casi todos los Servicios Locales de Educaci\u00f3n P\u00fablica (SLEP), que en el trimestre tuvieron una asistencia promedio del 83%, dos puntos porcentuales m\u00e1s que el a\u00f1o pasado.<\/p>\n<p class=\"v1MsoNormal\" style=\"text-align: justify;\">Asimismo, el 28% de la matr\u00edcula nacional tiene una asistencia normal, es decir, van a m\u00e1s del 90% de sus clases, y el 33% registra una asistencia destacada, lo que quiere decir que van a m\u00e1s del 97% de sus clases. Ambas categor\u00edas en conjunto crecieron en 11 puntos porcentuales respecto a 2022, lo que se traduce en que hay 355 mil escolares m\u00e1s que alcanzaron una asistencia adecuada.<\/p>\n<p class=\"v1MsoNormal\" style=\"text-align: justify;\">Por otra parte, el balance del primer semestre arroj\u00f3 que el 13% de la matr\u00edcula registr\u00f3 una inasistencia reiterada en el trimestre, y otro 27% tuvo una inasistencia grave, es decir, asistieron solo al 85% o menos de sus clases. Sin embargo, en conjunto, ambas categor\u00edas se redujeron en 11 puntos porcentuales respecto a 2022, lo que quiere decir que hay 376 mil estudiantes que ya no forman parte de estas categor\u00edas.<\/p>\n<p class=\"v1MsoNormal\" style=\"text-align: justify;\"><b>Situaci\u00f3n en Ays\u00e9n<\/b><\/p>\n<p class=\"v1MsoNormal\" style=\"text-align: justify;\">De acuerdo a datos entregados por el Centro de Estudios del Mineduc, la asistencia promedio en el primer trimestre del a\u00f1o 2023 es del 86,8%, un 3,9% superior a la registrada en igual periodo el a\u00f1o 2022. Asimismo, la inasistencia grave es decir la asistencia a clases inferior a al 85% disminuy\u00f3 un 12,5% respecto a igual periodo del a\u00f1o 2022. A\u00fan as\u00ed la inasistencia grave del primer trimestre 2023 es un 8,1% superior a la registrada en igual periodo de medici\u00f3n el a\u00f1o 2018, antes de la pandemia.<\/p>\n<p class=\"v1MsoNormal\" style=\"text-align: justify;\">Estos datos fueron destacados por la Seremi de Educaci\u00f3n de Ays\u00e9n (S) Katherine Miqueles Hern\u00e1ndez, quien se\u00f1al\u00f3 que \u00abSi bien la asistencia escolar a\u00fan no llega a los niveles previos a la pandemia, estas cifras nos hacen pensar que estamos en la senda correcta, es decir, que vamos caminando hacia la mejora, que no se lograr\u00e1 solo en este gobierno, sino que ser\u00e1 una tarea de largo aliento y una gran tarea del pa\u00eds completo\u00bb.<\/p>\n<p class=\"v1MsoNormal\" style=\"text-align: justify;\">En opini\u00f3n de Katherine Miqueles, las cifras positivas reflejan tambi\u00e9n\u00a0 el avance logrado en el despliegue del plan de Reactivaci\u00f3n Educativa impulsado por el Gobierno de Presidente Gabriel Boric,\u00a0 que se sustenta en tres ejes de acci\u00f3n: Asistencia y Revinculaci\u00f3n, Convivencia y Salud Mental y Fortalecimiento de Aprendizajes.<\/p>\n<p class=\"v1MsoNormal\" style=\"text-align: justify;\">Entre las iniciativas que el Mineduc est\u00e1 desarrollando est\u00e1n el programa \u00abA Convivir se Aprende\u00bb, la Estrategia para la Reactivaci\u00f3n de la Lectura, la Estrategia para la Reactivaci\u00f3n de la Matem\u00e1tica, los proyectos de infraestructura escolar, los reportes peri\u00f3dicos de asistencia y revinculaci\u00f3n para sostenedores y directivos y la contrataci\u00f3n de especialistas a lo largo del pa\u00eds, para apoyar en la mejora de la asistencia y revinculaci\u00f3n.<\/p>\n<p style=\"text-align: justify;\">\u00abTodas las iniciativas, muchas de las cuales comenzamos a desarrollar el a\u00f1o pasado o en marzo, estar\u00e1n en pleno desarrollo durante el segundo semestre y esperamos, constituyan un apoyo para las comunidades\u00bb, se\u00f1al\u00f3 la Seremi de Educaci\u00f3n(S).<\/p>\n<\/div><\/section><\/div><div  style='height:50px' class='hr hr-invisible   avia-builder-el-6  el_after_av_one_full  el_before_av_social_share '><span class='hr-inner ' ><span class='hr-inner-style'><\/span><\/span><\/div><\/p>\n<div  class='av-social-sharing-box  avia-builder-el-7  el_after_av_hr  el_before_av_hr  '><div class='av-share-box'><h5 class='av-share-link-description av-no-toc '>Compartir esta noticia<\/h5><ul class='av-share-box-list noLightbox'><li class='av-share-link av-social-link-facebook' ><a target=\"_blank\" aria-label=\"Compartir en Facebook\" href='https:\/\/www.facebook.com\/sharer.php?u=https:\/\/radiorevelacionfm.cl\/?p=32782&#038;t=En%20Ays%C3%A9n%20la%20asistencia%20promedio%20fue%20de%2086%2C8%25%20un%203%2C9%25%20superior%20a%20la%20registrada%20en%202022%20y%20la%20inasistencia%20grave%20disminuy%C3%B3%20un%2012%25%20respecto%20al%20a%C3%B1o%20pasado' aria-hidden='false' data-av_icon='\ue8f3' data-av_iconfont='entypo-fontello' title='' data-avia-related-tooltip='Compartir en Facebook' rel=\"noopener\"><span class='avia_hidden_link_text'>Compartir en Facebook<\/span><\/a><\/li><li class='av-share-link av-social-link-twitter' ><a target=\"_blank\" aria-label=\"Compartir en Twitter\" href='https:\/\/twitter.com\/share?text=En%20Ays%C3%A9n%20la%20asistencia%20promedio%20fue%20de%2086%2C8%25%20un%203%2C9%25%20superior%20a%20la%20registrada%20en%202022%20y%20la%20inasistencia%20grave%20disminuy%C3%B3%20un%2012%25%20respecto%20al%20a%C3%B1o%20pasado&#038;url=https:\/\/radiorevelacionfm.cl\/?p=32782' aria-hidden='false' data-av_icon='\ue8f1' data-av_iconfont='entypo-fontello' title='' data-avia-related-tooltip='Compartir en Twitter' rel=\"noopener\"><span class='avia_hidden_link_text'>Compartir en Twitter<\/span><\/a><\/li><li class='av-share-link av-social-link-whatsapp' ><a target=\"_blank\" aria-label=\"Compartir en Whatsapp\" href='https:\/\/api.whatsapp.com\/send?text=https:\/\/radiorevelacionfm.cl\/?p=32782' aria-hidden='false' data-av_icon='\uf232' data-av_iconfont='entypo-fontello' title='' data-avia-related-tooltip='Compartir en Whatsapp' rel=\"noopener\"><span class='avia_hidden_link_text'>Compartir en Whatsapp<\/span><\/a><\/li><li class='av-share-link av-social-link-linkedin' ><a target=\"_blank\" aria-label=\"Compartir en LinkedIn\" href='https:\/\/linkedin.com\/shareArticle?mini=true&#038;title=En%20Ays%C3%A9n%20la%20asistencia%20promedio%20fue%20de%2086%2C8%25%20un%203%2C9%25%20superior%20a%20la%20registrada%20en%202022%20y%20la%20inasistencia%20grave%20disminuy%C3%B3%20un%2012%25%20respecto%20al%20a%C3%B1o%20pasado&#038;url=https:\/\/radiorevelacionfm.cl\/?p=32782' aria-hidden='false' data-av_icon='\ue8fc' data-av_iconfont='entypo-fontello' title='' data-avia-related-tooltip='Compartir en LinkedIn' rel=\"noopener\"><span class='avia_hidden_link_text'>Compartir en LinkedIn<\/span><\/a><\/li><li class='av-share-link av-social-link-mail' ><a  aria-label=\"Compartir por correo\" href='mailto:?subject=En%20Ays%C3%A9n%20la%20asistencia%20promedio%20fue%20de%2086%2C8%25%20un%203%2C9%25%20superior%20a%20la%20registrada%20en%202022%20y%20la%20inasistencia%20grave%20disminuy%C3%B3%20un%2012%25%20respecto%20al%20a%C3%B1o%20pasado&#038;body=https:\/\/radiorevelacionfm.cl\/?p=32782' aria-hidden='false' data-av_icon='\ue805' data-av_iconfont='entypo-fontello' title='' data-avia-related-tooltip='Compartir por correo'><span class='avia_hidden_link_text'>Compartir por correo<\/span><\/a><\/li><\/ul><\/div><\/div>\n<div  style='height:50px' class='hr hr-invisible   avia-builder-el-8  el_after_av_social_share  el_before_av_comments_list '><span class='hr-inner ' ><span class='hr-inner-style'><\/span><\/span><\/div>\n<div  class='av-buildercomment  av-blog-meta-html-info-disabled av-blog-meta-tag-disabled  '><\/div>\n<div class=\"flex_column av_one_full  flex_column_div av-zero-column-padding first  avia-builder-el-10  el_after_av_comments_list  el_before_av_one_full  \" style='border-radius:0px; '><div  class='avia-image-container  av-styling-    avia-builder-el-11  avia-builder-el-no-sibling  avia-align-center '  itemprop=\"image\" itemscope=\"itemscope\" itemtype=\"https:\/\/schema.org\/ImageObject\"  ><div class='avia-image-container-inner'><div class='avia-image-overlay-wrap'><img decoding=\"async\" class='wp-image-0 avia-img-lazy-loading-not-0 avia_image' src=\"http:\/\/radiorevelacionfm.cl\/wp-content\/uploads\/2020\/12\/7ee21_th2.jpg\" alt='' title=''   itemprop=\"thumbnailUrl\"  \/><\/div><\/div><\/div><\/div>\n<div class=\"flex_column av_one_full  flex_column_div av-zero-column-padding first  avia-builder-el-12  el_after_av_one_full  el_before_av_one_full  column-top-margin\" style='border-radius:0px; '><section class=\"av_textblock_section \"  itemscope=\"itemscope\" itemtype=\"https:\/\/schema.org\/BlogPosting\" itemprop=\"blogPost\" ><div class='avia_textblock  '   itemprop=\"text\" ><h2 class=\"title\" style=\"text-align: center;\">SENDA entrega equipos de Narcotest a Carabineros para aumentar controles de Tolerancia Cero<\/h2>\n<div id=\"gtx-trans\" style=\"position: absolute; left: -50px; top: 4.31534px;\">\n<div class=\"gtx-trans-icon\"><\/div>\n<\/div>\n<\/div><\/section><\/div>\n<div class=\"flex_column av_one_full  flex_column_div av-zero-column-padding first  avia-builder-el-14  el_after_av_one_full  el_before_av_hr  column-top-margin\" style='border-radius:0px; '><section class=\"av_textblock_section \"  itemscope=\"itemscope\" itemtype=\"https:\/\/schema.org\/BlogPosting\" itemprop=\"blogPost\" ><div class='avia_textblock  '   itemprop=\"text\" ><p style=\"text-align: justify;\"><span style=\"font-size: 14pt;\">El objetivo es aumentar la cobertura del Programa Tolerancia Cero y realizar controles en otras comunas de la Regi\u00f3n de Ays\u00e9n, junto con seguir generando conciencias en los conductores, con respecto a las consecuencias negativas asociadas a la conducci\u00f3n bajo los efectos de la droga.<\/span><\/p>\n<p style=\"text-align: justify;\"><span style=\"font-size: 14pt;\">Con la participaci\u00f3n de la Intendente Regional de Ays\u00e9n Sra. Geoconda Navarrete, este martes, en dependencias de su direcci\u00f3n regional, SENDA hizo entrega al nuevo Jefe de la XI Zona Ays\u00e9n de Carabineros de Chile, General Hugo Zenteno V\u00e1squez de dos equipos para detectar la presencia de Drogas il\u00edcitas en los conductores que circulen por la Regi\u00f3n de Ays\u00e9n, en el contexto del trabajo permanente del Programa Tolerancia Cero de SENDA que se ejecuta en colaboraci\u00f3n estrat\u00e9gica con Carabineros de Chile y con el prop\u00f3sito claro de fortalecer el trabajo territorial.<\/span><\/p>\n<p><span style=\"font-size: 14pt;\">En la ocasi\u00f3n la Directora Regional de SENDA Annie Katherine Hunter Guti\u00e9rrez manifest\u00f3 \u201cEsta entrega que SENDA hace a Carabineros de Chile, marca un segundo hito, de suma relevancia en el Programa Tolerancia Cero, bajo la direcci\u00f3n de nuestro Director Carlos Charme, quien plante\u00f3 como objetivo, al asumir su cargo, sumar a los hist\u00f3ricos test de alcohol, el control de otras drogas en los conductores. Es as\u00ed como al aparato Narcotest que el a\u00f1o 2019 lleg\u00f3 a la regi\u00f3n bajo administraci\u00f3n de SENDA Ays\u00e9n, hoy se suma dos aparatos que con mucha satisfacci\u00f3n entregamos hoy a Carabineros, con una inversi\u00f3n sectorial de m\u00e1s de $9.000.000\u201d.<\/span><\/p>\n<p><span style=\"font-size: 14pt;\">Por su parte, el Jefe de la XI zona de Carabineros de Ays\u00e9n, General Hugo Zenteno V\u00e1squez se\u00f1al\u00f3: \u201cEsto es una estrategia de una pol\u00edtica de seguridad, donde con estos equipos vamos a hacer nuestro trabajo de mejor forma para poder llevar los medios de prueba al Ministerio P\u00fablico. Todo equipo detector de alguna sustancia il\u00edcita, es esencial para nuestra funci\u00f3n policial. Nuestras estrategias operativas est\u00e1n enfocadas en los puntos m\u00e1s cr\u00edticos y en especial, llega esto, pr\u00f3ximo a las fiestas navide\u00f1as y de fin de a\u00f1o, donde vamos a tener un control m\u00e1s exhaustivo en la ruta para prevenir accidentes y tambi\u00e9n para que las personas est\u00e9n en paz y tranquilidad y no tengamos hechos que lamentar, estamos para brindar un servicio \u00f3ptimo y ese es el enfoque que queremos dar para el a\u00f1o 2021.\u201d<\/span><\/p>\n<p><span style=\"font-size: 14pt;\">A partir de la inversi\u00f3n sectorial de SENDA, Carabineros de Chile de la XI Zona Ays\u00e9n podr\u00e1 someter a cualquier conductor a un examen de saliva, a trav\u00e9s de un kit de prueba desechable, en forma independiente al dispositivo Tolerancia Cero de SENDA, abarcando un territorio mayor, contribuyendo con ello no solo a l control de conductores y fiscalizaci\u00f3n del cumplimiento de la Ley de Tr\u00e1nsito, sino tambi\u00e9n a la labor preventiva que desarrolla SENDA a trav\u00e9s de su programa.<\/span><\/p>\n<p><span style=\"font-size: 14pt;\">Cabe recordar que los Narcotest permiten detectar en terreno la presencia de 5 drogas en el cuerpo de los conductores; coca\u00edna, marihuana, opi\u00e1cidos, metanfetaminas y anfetaminas, hecho que constituye un delito al igual que la conducci\u00f3n en estado de ebriedad.<\/span><\/p>\n<\/div><\/section><\/div>\n<div  style='height:50px' class='hr hr-invisible   avia-builder-el-16  el_after_av_one_full  el_before_av_social_share '><span class='hr-inner ' ><span class='hr-inner-style'><\/span><\/span><\/div>\n<div  class='av-social-sharing-box  avia-builder-el-17  el_after_av_hr  el_before_av_hr  '><div class='av-share-box'><h5 class='av-share-link-description av-no-toc '>Compartir esta noticia<\/h5><ul class='av-share-box-list noLightbox'><li class='av-share-link av-social-link-facebook' ><a target=\"_blank\" aria-label=\"Compartir en Facebook\" href='https:\/\/www.facebook.com\/sharer.php?u=https:\/\/radiorevelacionfm.cl\/?p=32782&#038;t=En%20Ays%C3%A9n%20la%20asistencia%20promedio%20fue%20de%2086%2C8%25%20un%203%2C9%25%20superior%20a%20la%20registrada%20en%202022%20y%20la%20inasistencia%20grave%20disminuy%C3%B3%20un%2012%25%20respecto%20al%20a%C3%B1o%20pasado' aria-hidden='false' data-av_icon='\ue8f3' data-av_iconfont='entypo-fontello' title='' data-avia-related-tooltip='Compartir en Facebook' rel=\"noopener\"><span class='avia_hidden_link_text'>Compartir en Facebook<\/span><\/a><\/li><li class='av-share-link av-social-link-twitter' ><a target=\"_blank\" aria-label=\"Compartir en Twitter\" href='https:\/\/twitter.com\/share?text=En%20Ays%C3%A9n%20la%20asistencia%20promedio%20fue%20de%2086%2C8%25%20un%203%2C9%25%20superior%20a%20la%20registrada%20en%202022%20y%20la%20inasistencia%20grave%20disminuy%C3%B3%20un%2012%25%20respecto%20al%20a%C3%B1o%20pasado&#038;url=https:\/\/radiorevelacionfm.cl\/?p=32782' aria-hidden='false' data-av_icon='\ue8f1' data-av_iconfont='entypo-fontello' title='' data-avia-related-tooltip='Compartir en Twitter' rel=\"noopener\"><span class='avia_hidden_link_text'>Compartir en Twitter<\/span><\/a><\/li><li class='av-share-link av-social-link-whatsapp' ><a target=\"_blank\" aria-label=\"Compartir en Whatsapp\" href='https:\/\/api.whatsapp.com\/send?text=https:\/\/radiorevelacionfm.cl\/?p=32782' aria-hidden='false' data-av_icon='\uf232' data-av_iconfont='entypo-fontello' title='' data-avia-related-tooltip='Compartir en Whatsapp' rel=\"noopener\"><span class='avia_hidden_link_text'>Compartir en Whatsapp<\/span><\/a><\/li><li class='av-share-link av-social-link-linkedin' ><a target=\"_blank\" aria-label=\"Compartir en LinkedIn\" href='https:\/\/linkedin.com\/shareArticle?mini=true&#038;title=En%20Ays%C3%A9n%20la%20asistencia%20promedio%20fue%20de%2086%2C8%25%20un%203%2C9%25%20superior%20a%20la%20registrada%20en%202022%20y%20la%20inasistencia%20grave%20disminuy%C3%B3%20un%2012%25%20respecto%20al%20a%C3%B1o%20pasado&#038;url=https:\/\/radiorevelacionfm.cl\/?p=32782' aria-hidden='false' data-av_icon='\ue8fc' data-av_iconfont='entypo-fontello' title='' data-avia-related-tooltip='Compartir en LinkedIn' rel=\"noopener\"><span class='avia_hidden_link_text'>Compartir en LinkedIn<\/span><\/a><\/li><li class='av-share-link av-social-link-mail' ><a  aria-label=\"Compartir por correo\" href='mailto:?subject=En%20Ays%C3%A9n%20la%20asistencia%20promedio%20fue%20de%2086%2C8%25%20un%203%2C9%25%20superior%20a%20la%20registrada%20en%202022%20y%20la%20inasistencia%20grave%20disminuy%C3%B3%20un%2012%25%20respecto%20al%20a%C3%B1o%20pasado&#038;body=https:\/\/radiorevelacionfm.cl\/?p=32782' aria-hidden='false' data-av_icon='\ue805' data-av_iconfont='entypo-fontello' title='' data-avia-related-tooltip='Compartir por correo'><span class='avia_hidden_link_text'>Compartir por correo<\/span><\/a><\/li><\/ul><\/div><\/div>\n<div  style='height:50px' class='hr hr-invisible   avia-builder-el-18  el_after_av_social_share  el_before_av_comments_list '><span class='hr-inner ' ><span class='hr-inner-style'><\/span><\/span><\/div>\n<div  class='av-buildercomment  av-blog-meta-html-info-disabled av-blog-meta-tag-disabled  '><\/div>\n","protected":false},"excerpt":{"rendered":"","protected":false},"author":1,"featured_media":32783,"comment_status":"open","ping_status":"open","sticky":false,"template":"","format":"standard","meta":{"footnotes":""},"categories":[49],"tags":[],"class_list":["post-32782","post","type-post","status-publish","format-standard","has-post-thumbnail","hentry","category-educacion"],"jetpack_featured_media_url":"https:\/\/radiorevelacionfm.cl\/wp-content\/uploads\/2023\/07\/asistencia-escolar2-2-2.jpg","_links":{"self":[{"href":"https:\/\/radiorevelacionfm.cl\/index.php?rest_route=\/wp\/v2\/posts\/32782","targetHints":{"allow":["GET"]}}],"collection":[{"href":"https:\/\/radiorevelacionfm.cl\/index.php?rest_route=\/wp\/v2\/posts"}],"about":[{"href":"https:\/\/radiorevelacionfm.cl\/index.php?rest_route=\/wp\/v2\/types\/post"}],"author":[{"embeddable":true,"href":"https:\/\/radiorevelacionfm.cl\/index.php?rest_route=\/wp\/v2\/users\/1"}],"replies":[{"embeddable":true,"href":"https:\/\/radiorevelacionfm.cl\/index.php?rest_route=%2Fwp%2Fv2%2Fcomments&post=32782"}],"version-history":[{"count":1,"href":"https:\/\/radiorevelacionfm.cl\/index.php?rest_route=\/wp\/v2\/posts\/32782\/revisions"}],"predecessor-version":[{"id":32784,"href":"https:\/\/radiorevelacionfm.cl\/index.php?rest_route=\/wp\/v2\/posts\/32782\/revisions\/32784"}],"wp:featuredmedia":[{"embeddable":true,"href":"https:\/\/radiorevelacionfm.cl\/index.php?rest_route=\/wp\/v2\/media\/32783"}],"wp:attachment":[{"href":"https:\/\/radiorevelacionfm.cl\/index.php?rest_route=%2Fwp%2Fv2%2Fmedia&parent=32782"}],"wp:term":[{"taxonomy":"category","embeddable":true,"href":"https:\/\/radiorevelacionfm.cl\/index.php?rest_route=%2Fwp%2Fv2%2Fcategories&post=32782"},{"taxonomy":"post_tag","embeddable":true,"href":"https:\/\/radiorevelacionfm.cl\/index.php?rest_route=%2Fwp%2Fv2%2Ftags&post=32782"}],"curies":[{"name":"wp","href":"https:\/\/api.w.org\/{rel}","templated":true}]}}