{"id":32779,"date":"2023-07-10T11:00:25","date_gmt":"2023-07-10T14:00:25","guid":{"rendered":"https:\/\/radiorevelacionfm.cl\/?p=32779"},"modified":"2023-07-10T11:00:25","modified_gmt":"2023-07-10T14:00:25","slug":"con-foco-en-gestion-y-acreditacion-institucional-patricia-carrasco-presenta-candidatura-a-la-rectoria-de-la-uaysen","status":"publish","type":"post","link":"https:\/\/radiorevelacionfm.cl\/?p=32779","title":{"rendered":"Con foco en gesti\u00f3n y acreditaci\u00f3n institucional Patricia Carrasco presenta candidatura a la rector\u00eda de la UAys\u00e9n"},"content":{"rendered":"<div class=\"flex_column av_one_full  flex_column_div av-zero-column-padding first  avia-builder-el-0  el_before_av_one_full  avia-builder-el-first  \" style='border-radius:0px; '><div  class='avia-image-container  av-styling-    avia-builder-el-1  avia-builder-el-no-sibling  avia-align-center '  itemprop=\"image\" itemscope=\"itemscope\" itemtype=\"https:\/\/schema.org\/ImageObject\"  ><div class='avia-image-container-inner'><div class='avia-image-overlay-wrap'><img decoding=\"async\" class='wp-image-32780 avia-img-lazy-loading-not-32780 avia_image' src=\"https:\/\/radiorevelacionfm.cl\/wp-content\/uploads\/2023\/07\/image-134-2.jpg\" alt='' title='image-134-2' height=\"600\" width=\"713\"  itemprop=\"thumbnailUrl\" srcset=\"https:\/\/radiorevelacionfm.cl\/wp-content\/uploads\/2023\/07\/image-134-2.jpg 713w, https:\/\/radiorevelacionfm.cl\/wp-content\/uploads\/2023\/07\/image-134-2-300x252.jpg 300w, https:\/\/radiorevelacionfm.cl\/wp-content\/uploads\/2023\/07\/image-134-2-705x593.jpg 705w, https:\/\/radiorevelacionfm.cl\/wp-content\/uploads\/2023\/07\/image-134-2-450x379.jpg 450w, https:\/\/radiorevelacionfm.cl\/wp-content\/uploads\/2023\/07\/image-134-2-600x505.jpg 600w\" sizes=\"(max-width: 713px) 100vw, 713px\" \/><\/div><\/div><\/div><\/div><div class=\"flex_column av_one_full  flex_column_div av-zero-column-padding first  avia-builder-el-2  el_after_av_one_full  el_before_av_one_full  column-top-margin\" style='border-radius:0px; '><section class=\"av_textblock_section \"  itemscope=\"itemscope\" itemtype=\"https:\/\/schema.org\/BlogPosting\" itemprop=\"blogPost\" ><div class='avia_textblock  '   itemprop=\"text\" ><p style=\"text-align: center;\"><span style=\"font-size: 18pt;\"><b><span lang=\"ES\">Con foco en gesti\u00f3n y acreditaci\u00f3n institucional Patricia Carrasco presenta candidatura a la rector\u00eda de la UAys\u00e9n<\/span><\/b><\/span><\/p>\n<div id=\"gtx-trans\" style=\"position: absolute; left: -50px; top: 4.31534px;\">\n<div class=\"gtx-trans-icon\"><\/div>\n<\/div>\n<\/div><\/section><\/div><div class=\"flex_column av_one_full  flex_column_div av-zero-column-padding first  avia-builder-el-4  el_after_av_one_full  el_before_av_hr  column-top-margin\" style='border-radius:0px; '><section class=\"av_textblock_section \"  itemscope=\"itemscope\" itemtype=\"https:\/\/schema.org\/BlogPosting\" itemprop=\"blogPost\" ><div class='avia_textblock  '   itemprop=\"text\" ><p class=\"v1MsoNormal\" style=\"text-align: justify;\"><span lang=\"ES\">Con un importante y transversal apoyo de acad\u00e9micos y acad\u00e9micas de los departamentos de Ciencias de la Salud, Ciencias Naturales y Tecnolog\u00eda y Ciencias Sociales y Humanidades de la Universidad de Ays\u00e9n, el pasado jueves 6 de julio la acad\u00e9mica de la Universidad de Ays\u00e9n, Dra. Patricia Carrasco Urrutia, present\u00f3 oficialmente su candidatura a la rector\u00eda de la casa de estudios regional para el periodo 2023 al 2027. <\/span><\/p>\n<p class=\"v1MsoNormal\" style=\"text-align: justify;\"><span lang=\"ES\">En la oportunidad, la acad\u00e9mica de la carrera de Trabajo Social, present\u00f3 una carta de patrocinio con el apoyo de 16 acad\u00e9micos y acad\u00e9micas de las distintas \u00e1reas de la UAys\u00e9n y expres\u00f3 sus razones para presentar esta candidatura. \u00abMi motivaci\u00f3n es mi compromiso con la regi\u00f3n, con la comunidad, con la demanda social hist\u00f3rica y por tener una educaci\u00f3n superior para los j\u00f3venes de la regi\u00f3n. Por ello, junto a un grupo de acad\u00e9micos y acad\u00e9micas de los distintos departamentos de la universidad de los tres departamentos, Ciencias de la Salud, Ciencias Naturales y Ciencias Sociales, hemos construido un programa conjunto con el que abordamos fundamentalmente dos ejes para el pr\u00f3ximo gobierno universitario, que son la gesti\u00f3n institucional y el gran desaf\u00edo que tenemos que es la pr\u00f3xima acreditaci\u00f3n institucional\u00bb, puntualiz\u00f3 la Dra. Carrasco.<\/span><\/p>\n<p class=\"v1MsoNormal\" style=\"text-align: justify;\"><span lang=\"ES\">Respecto a los focos de su propuesta, Patricia Carrasco manifest\u00f3 que este programa es fruto de un trabajo colectivo que integra perspectivas y especialidades diferentes en una visi\u00f3n com\u00fan de los desaf\u00edos que debe abordar la Universidad \u00a0de Ays\u00e9n y recalc\u00f3 que los dos ejes fundamentales de gesti\u00f3n institucional y la futura acreditaci\u00f3n, se basan fundamentalmente en el informe que la Comisi\u00f3n Nacional de Acreditaci\u00f3n (CNA) entreg\u00f3 a la UAys\u00e9n luego de otorgar tres a\u00f1os de acreditaci\u00f3n a la casa de estudios. \u00abEl informe nos indica cu\u00e1les son los puntos en los que nosotros como instituci\u00f3n estamos al debe y en qu\u00e9 deber\u00edamos avanzar y mejorar, los que son fundamentalmente en gesti\u00f3n, por lo tanto, el programa est\u00e1 construido con base en estos elementos que son los que a nosotros nos parece que deber\u00edamos avanzar. En este sentido tenemos, por ejemplo, un primer eje que tiene que ver con la formaci\u00f3n de profesionales para la regi\u00f3n y el mundo y afianzar la educaci\u00f3n de pregrado. Creemos que debemos hacernos cargo de todas las observaciones que hace el informe de pares respecto de esa \u00e1rea\u00bb, explic\u00f3.<\/span><\/p>\n<p class=\"v1MsoNormal\" style=\"text-align: justify;\"><span lang=\"ES\">A su vez, la Dra. Carrasco se\u00f1al\u00f3 que otro de los grandes temas que es necesario abordar tiene que ver con los recursos institucionales y gesti\u00f3n estrat\u00e9gica. \u00abNosotros ponemos el \u00e9nfasis en una gesti\u00f3n que est\u00e9 basada en las personas, en el clima laboral, en el buen trato, pero tambi\u00e9n en la sustentabilidad financiera de la universidad y una gesti\u00f3n eficiente, que es una de las grandes observaciones que tiene hoy d\u00eda nuestra instituci\u00f3n. Creemos que tenemos que centrarnos en el aseguramiento integral de la calidad para fortalecer el proyecto universitario y ah\u00ed de nuevo recoger los elementos centrales que nos plantea el informe de salida de la CNA\u00bb, expres\u00f3. <\/span><\/p>\n<p class=\"v1MsoNormal\" style=\"text-align: justify;\"><span lang=\"ES\">Para la acad\u00e9mica Patricia Carrasco tambi\u00e9n es tremendamente importante avanzar en la equidad de g\u00e9nero. \u00abCreo que en la educaci\u00f3n superior las acad\u00e9micas, las investigadoras, tenemos que avanzar en las brechas que hoy d\u00eda se plantean en las universidades y en ese sentido, queremos crear pol\u00edticas que favorezcan, por ejemplo, la investigaci\u00f3n de las acad\u00e9micas; queremos transversalizar pol\u00edticas de g\u00e9nero en todos los \u00e1mbitos del quehacer universitario, queremos revisar las pol\u00edticas de cuidado, inclusi\u00f3n y el respeto por las diversidades de la Universidad. Creo que nosotros deber\u00edamos como universidad naciente, avanzar en torno a generar pol\u00edticas que apunten a disminuir esa brecha con las investigadoras, las acad\u00e9micas, en sus procesos de formaci\u00f3n y el desarrollo de investigaci\u00f3n. Creemos tambi\u00e9n que es importante transversalizar la equidad de g\u00e9nero en la pol\u00edtica institucional, tanto de funcionarias, como de acad\u00e9micas y estudiantes en nuestro espacio universitario\u00bb, enfatiz\u00f3.<\/span><\/p>\n<p class=\"v1MsoNormal\" style=\"text-align: justify;\"><span lang=\"ES\">A lo anterior, la candidata a la rector\u00eda de la UAys\u00e9n se\u00f1al\u00f3 que otro de los temas que contiene su programa es el impulso de la investigaci\u00f3n, creaci\u00f3n e innovaci\u00f3n para el desarrollo humano sustentable. \u00abCreemos que aqu\u00ed es fundamental poder reconectarnos con las necesidades de la regi\u00f3n y poder tambi\u00e9n impulsar la investigaci\u00f3n y conectarnos con la red nacional e internacional como un espacio en la Patagonia, ya que este territorio es de inter\u00e9s nacional e internacional y creemos que tenemos que potenciar la investigaci\u00f3n en ese \u00e1mbito\u00bb, dijo la Dra. Carrasco.<\/span><\/p>\n<p class=\"v1MsoNormal\" style=\"text-align: justify;\"><span lang=\"ES\">Finalmente, Patricia Carrasco enfatiz\u00f3 en su responsabilidad con la regi\u00f3n y sus comunidades. \u00abNuestro compromiso es con la regi\u00f3n, ya que la Universidad de Ays\u00e9n es una demanda hist\u00f3rica y regional, nace de una demanda de la regi\u00f3n, del territorio y por lo tanto, creemos que hay que poner especial \u00e9nfasis en revincular la Universidad con su espacio territorial\u00bb, expres\u00f3.<\/span><\/p>\n<p class=\"v1MsoNormal\" style=\"text-align: justify;\"><span lang=\"ES\">Cabe se\u00f1alar que la Dra. Patricia Carrasco Urrutia es Doctora en Ciencias Sociales de la Universidad Iberoamericana de M\u00e9xico, D.F, M\u00e9xico, Mag\u00edster en Ciencias Sociales y Trabajadora Social de la Universidad de la Frontera, Chile. Actualmente se desempe\u00f1a como acad\u00e9mica del Departamento de Ciencias Sociales y Humanidades de la Universidad de Ays\u00e9n, donde se ha desempe\u00f1ado como docente y jefa de carrera de Trabajo Social (2017 a 2022).\u00a0 Sus l\u00edneas de investigaci\u00f3n son la geograf\u00eda humana y visual, memorias orales y fronteras.\u00a0 A trav\u00e9s de distintos proyectos de investigaci\u00f3n se ha dedicado a la recuperaci\u00f3n de memoria hist\u00f3rica a trav\u00e9s del rescate de archivos fotogr\u00e1ficos y relatos orales de la Patagonia Ays\u00e9n. Durante su trabajo investigativo ha puesto especial \u00e9nfasis en la divulgaci\u00f3n cient\u00edfica y devoluci\u00f3n de resultados de investigaci\u00f3n a las comunidades.\u00a0 A su vez, es creadora de dos documentales.<\/span><\/p>\n<p class=\"v1MsoNormal\" style=\"text-align: justify;\"><span lang=\"ES\">Desde 2017 la acad\u00e9mica ha realizado labores de gesti\u00f3n y se ha desempe\u00f1ado como docente de la carrera de Trabajo Social de la Universidad de Ays\u00e9n, realizando cursos de formaci\u00f3n disciplinar. Anteriormente, fue directora de carrera en la Universidad de Los Lagos, sede Coyhaique (1995-1999).\u00a0 Posee amplia experiencia en gesti\u00f3n universitaria y como trabajadora social se ha desempe\u00f1ado en la regi\u00f3n en intervenci\u00f3n social en la l\u00ednea de justicia.<\/span><\/p>\n<p class=\"v1MsoNormal\" style=\"text-align: justify;\"><span lang=\"ES\">Para mayor informaci\u00f3n sobre la candidatura de Patricia Carrasco y su programa de gobierno universitario con el detalle de principios rectores, compromisos y l\u00edneas de acci\u00f3n entre otros aspectos, ingresar al sitio web <b><a href=\"https:\/\/candidatapatriciacarrasco.cl\/\" target=\"_blank\" rel=\"noopener noreferrer\">https:\/\/candidatapatriciacarrasco.cl\/<\/a>\u00a0<\/b><\/span><\/p>\n<\/div><\/section><\/div><div  style='height:50px' class='hr hr-invisible   avia-builder-el-6  el_after_av_one_full  el_before_av_social_share '><span class='hr-inner ' ><span class='hr-inner-style'><\/span><\/span><\/div><\/p>\n<div  class='av-social-sharing-box  avia-builder-el-7  el_after_av_hr  el_before_av_hr  '><div class='av-share-box'><h5 class='av-share-link-description av-no-toc '>Compartir esta noticia<\/h5><ul class='av-share-box-list noLightbox'><li class='av-share-link av-social-link-facebook' ><a target=\"_blank\" aria-label=\"Compartir en Facebook\" href='https:\/\/www.facebook.com\/sharer.php?u=https:\/\/radiorevelacionfm.cl\/?p=32779&#038;t=Con%20foco%20en%20gesti%C3%B3n%20y%20acreditaci%C3%B3n%20institucional%20Patricia%20Carrasco%20presenta%20candidatura%20a%20la%20rector%C3%ADa%20de%20la%20UAys%C3%A9n' aria-hidden='false' data-av_icon='\ue8f3' data-av_iconfont='entypo-fontello' title='' data-avia-related-tooltip='Compartir en Facebook' rel=\"noopener\"><span class='avia_hidden_link_text'>Compartir en Facebook<\/span><\/a><\/li><li class='av-share-link av-social-link-twitter' ><a target=\"_blank\" aria-label=\"Compartir en Twitter\" href='https:\/\/twitter.com\/share?text=Con%20foco%20en%20gesti%C3%B3n%20y%20acreditaci%C3%B3n%20institucional%20Patricia%20Carrasco%20presenta%20candidatura%20a%20la%20rector%C3%ADa%20de%20la%20UAys%C3%A9n&#038;url=https:\/\/radiorevelacionfm.cl\/?p=32779' aria-hidden='false' data-av_icon='\ue8f1' data-av_iconfont='entypo-fontello' title='' data-avia-related-tooltip='Compartir en Twitter' rel=\"noopener\"><span class='avia_hidden_link_text'>Compartir en Twitter<\/span><\/a><\/li><li class='av-share-link av-social-link-whatsapp' ><a target=\"_blank\" aria-label=\"Compartir en Whatsapp\" href='https:\/\/api.whatsapp.com\/send?text=https:\/\/radiorevelacionfm.cl\/?p=32779' aria-hidden='false' data-av_icon='\uf232' data-av_iconfont='entypo-fontello' title='' data-avia-related-tooltip='Compartir en Whatsapp' rel=\"noopener\"><span class='avia_hidden_link_text'>Compartir en Whatsapp<\/span><\/a><\/li><li class='av-share-link av-social-link-linkedin' ><a target=\"_blank\" aria-label=\"Compartir en LinkedIn\" href='https:\/\/linkedin.com\/shareArticle?mini=true&#038;title=Con%20foco%20en%20gesti%C3%B3n%20y%20acreditaci%C3%B3n%20institucional%20Patricia%20Carrasco%20presenta%20candidatura%20a%20la%20rector%C3%ADa%20de%20la%20UAys%C3%A9n&#038;url=https:\/\/radiorevelacionfm.cl\/?p=32779' aria-hidden='false' data-av_icon='\ue8fc' data-av_iconfont='entypo-fontello' title='' data-avia-related-tooltip='Compartir en LinkedIn' rel=\"noopener\"><span class='avia_hidden_link_text'>Compartir en LinkedIn<\/span><\/a><\/li><li class='av-share-link av-social-link-mail' ><a  aria-label=\"Compartir por correo\" href='mailto:?subject=Con%20foco%20en%20gesti%C3%B3n%20y%20acreditaci%C3%B3n%20institucional%20Patricia%20Carrasco%20presenta%20candidatura%20a%20la%20rector%C3%ADa%20de%20la%20UAys%C3%A9n&#038;body=https:\/\/radiorevelacionfm.cl\/?p=32779' aria-hidden='false' data-av_icon='\ue805' data-av_iconfont='entypo-fontello' title='' data-avia-related-tooltip='Compartir por correo'><span class='avia_hidden_link_text'>Compartir por correo<\/span><\/a><\/li><\/ul><\/div><\/div>\n<div  style='height:50px' class='hr hr-invisible   avia-builder-el-8  el_after_av_social_share  el_before_av_comments_list '><span class='hr-inner ' ><span class='hr-inner-style'><\/span><\/span><\/div>\n<div  class='av-buildercomment  av-blog-meta-html-info-disabled av-blog-meta-tag-disabled  '><\/div>\n","protected":false},"excerpt":{"rendered":"","protected":false},"author":1,"featured_media":32780,"comment_status":"open","ping_status":"open","sticky":false,"template":"","format":"standard","meta":{"footnotes":""},"categories":[49],"tags":[],"class_list":["post-32779","post","type-post","status-publish","format-standard","has-post-thumbnail","hentry","category-educacion"],"jetpack_featured_media_url":"https:\/\/radiorevelacionfm.cl\/wp-content\/uploads\/2023\/07\/image-134-2.jpg","_links":{"self":[{"href":"https:\/\/radiorevelacionfm.cl\/index.php?rest_route=\/wp\/v2\/posts\/32779","targetHints":{"allow":["GET"]}}],"collection":[{"href":"https:\/\/radiorevelacionfm.cl\/index.php?rest_route=\/wp\/v2\/posts"}],"about":[{"href":"https:\/\/radiorevelacionfm.cl\/index.php?rest_route=\/wp\/v2\/types\/post"}],"author":[{"embeddable":true,"href":"https:\/\/radiorevelacionfm.cl\/index.php?rest_route=\/wp\/v2\/users\/1"}],"replies":[{"embeddable":true,"href":"https:\/\/radiorevelacionfm.cl\/index.php?rest_route=%2Fwp%2Fv2%2Fcomments&post=32779"}],"version-history":[{"count":1,"href":"https:\/\/radiorevelacionfm.cl\/index.php?rest_route=\/wp\/v2\/posts\/32779\/revisions"}],"predecessor-version":[{"id":32781,"href":"https:\/\/radiorevelacionfm.cl\/index.php?rest_route=\/wp\/v2\/posts\/32779\/revisions\/32781"}],"wp:featuredmedia":[{"embeddable":true,"href":"https:\/\/radiorevelacionfm.cl\/index.php?rest_route=\/wp\/v2\/media\/32780"}],"wp:attachment":[{"href":"https:\/\/radiorevelacionfm.cl\/index.php?rest_route=%2Fwp%2Fv2%2Fmedia&parent=32779"}],"wp:term":[{"taxonomy":"category","embeddable":true,"href":"https:\/\/radiorevelacionfm.cl\/index.php?rest_route=%2Fwp%2Fv2%2Fcategories&post=32779"},{"taxonomy":"post_tag","embeddable":true,"href":"https:\/\/radiorevelacionfm.cl\/index.php?rest_route=%2Fwp%2Fv2%2Ftags&post=32779"}],"curies":[{"name":"wp","href":"https:\/\/api.w.org\/{rel}","templated":true}]}}