{"id":32775,"date":"2023-07-09T17:59:30","date_gmt":"2023-07-09T20:59:30","guid":{"rendered":"https:\/\/radiorevelacionfm.cl\/?p=32775"},"modified":"2023-07-09T17:59:30","modified_gmt":"2023-07-09T20:59:30","slug":"sernatur-prepara-lanzamiento-de-temporada-turistica-con-eventos-y-ferias-para-promocionar-destino-aysen-patagonia","status":"publish","type":"post","link":"https:\/\/radiorevelacionfm.cl\/?p=32775","title":{"rendered":"Sernatur prepara lanzamiento de temporada tur\u00edstica con eventos y ferias para promocionar destino Ays\u00e9n Patagonia"},"content":{"rendered":"<div class=\"flex_column av_one_full  flex_column_div av-zero-column-padding first  avia-builder-el-0  el_before_av_one_full  avia-builder-el-first  \" style='border-radius:0px; '><div  class='avia-image-container  av-styling-    avia-builder-el-1  avia-builder-el-no-sibling  avia-align-center '  itemprop=\"image\" itemscope=\"itemscope\" itemtype=\"https:\/\/schema.org\/ImageObject\"  ><div class='avia-image-container-inner'><div class='avia-image-overlay-wrap'><img decoding=\"async\" class='wp-image-32776 avia-img-lazy-loading-not-32776 avia_image' src=\"https:\/\/radiorevelacionfm.cl\/wp-content\/uploads\/2023\/07\/image-133-2.jpg\" alt='' title='image-133-2' height=\"600\" width=\"789\"  itemprop=\"thumbnailUrl\" srcset=\"https:\/\/radiorevelacionfm.cl\/wp-content\/uploads\/2023\/07\/image-133-2.jpg 789w, https:\/\/radiorevelacionfm.cl\/wp-content\/uploads\/2023\/07\/image-133-2-300x228.jpg 300w, https:\/\/radiorevelacionfm.cl\/wp-content\/uploads\/2023\/07\/image-133-2-768x584.jpg 768w, https:\/\/radiorevelacionfm.cl\/wp-content\/uploads\/2023\/07\/image-133-2-705x536.jpg 705w, https:\/\/radiorevelacionfm.cl\/wp-content\/uploads\/2023\/07\/image-133-2-450x342.jpg 450w, https:\/\/radiorevelacionfm.cl\/wp-content\/uploads\/2023\/07\/image-133-2-600x456.jpg 600w\" sizes=\"(max-width: 789px) 100vw, 789px\" \/><\/div><\/div><\/div><\/div><div class=\"flex_column av_one_full  flex_column_div av-zero-column-padding first  avia-builder-el-2  el_after_av_one_full  el_before_av_one_full  column-top-margin\" style='border-radius:0px; '><section class=\"av_textblock_section \"  itemscope=\"itemscope\" itemtype=\"https:\/\/schema.org\/BlogPosting\" itemprop=\"blogPost\" ><div class='avia_textblock  '   itemprop=\"text\" ><p style=\"text-align: center;\"><strong><span style=\"font-size: 18pt;\">Sernatur prepara lanzamiento de temporada tur\u00edstica con eventos y ferias para promocionar destino Ays\u00e9n Patagonia<\/span><\/strong><\/p>\n<div id=\"gtx-trans\" style=\"position: absolute; left: -50px; top: 4.31534px;\">\n<div class=\"gtx-trans-icon\"><\/div>\n<\/div>\n<\/div><\/section><\/div><div class=\"flex_column av_one_full  flex_column_div av-zero-column-padding first  avia-builder-el-4  el_after_av_one_full  el_before_av_hr  column-top-margin\" style='border-radius:0px; '><section class=\"av_textblock_section \"  itemscope=\"itemscope\" itemtype=\"https:\/\/schema.org\/BlogPosting\" itemprop=\"blogPost\" ><div class='avia_textblock  '   itemprop=\"text\" ><p style=\"text-align: justify;\"><em>\u201cFerias, workshop, eventos nacionales e internacionales del destino Ays\u00e9n Patagonia, entre otras acciones es lo que tiene preparado Sernatur Ays\u00e9n para potenciar la extensa oferta tur\u00edstica regional por lo que se invita a los prestadores a inscribirse hasta el 17 de julio completando una ficha\u201d.<\/em><\/p>\n<p style=\"text-align: justify;\">Una serie de ferias y eventos nacionales e internacionales tiene programado Sernatur Ays\u00e9n a trav\u00e9s del \u00a0programa F.N.D.R. \u201cGesti\u00f3n del Destino Tur\u00edstico Ays\u00e9n Patagonia\u201d\u00a0 a partir de este segundo semestre, con el objetivo de mostrar la extensa oferta tur\u00edstica del destino Ays\u00e9n Patagonia, visibilizar sus productos y distintos servicios.<\/p>\n<p style=\"text-align: justify;\">Es as\u00ed que en el mes de agosto ya se tiene programado el lanzamiento de temporada en la ciudad de Santiago donde se\u00a0 invitar\u00e1 a empresas regionales para promocionar sus servicios, pero tambi\u00e9n se extender\u00e1 una especial invitaci\u00f3n a operadores mayoristas para que puedan interiorizarse de la extensa oferta tur\u00edstica regional. As\u00ed lo detall\u00f3 Sandra Navarro directora (S) de Sernatur, regi\u00f3n de Ays\u00e9n \u201cEstaremos realizando distintas acciones de branding y comercializaci\u00f3n dirigidas al mercado nacional e internacional, cuyas actividades est\u00e1n dirigidas a una amplia cadena de comercializaci\u00f3n, medios de comunicaci\u00f3n, entre otros\u201d.<\/p>\n<p style=\"text-align: justify;\">De acuerdo a lo indicado por Navarro, el objetivo de participar en ferias y eventos es fortalecer el posicionamiento del destino Ays\u00e9n Patagonia por medio de la oferta tur\u00edstica local \u201caprovechamos de participar en estas instancias de comercializaci\u00f3n, en donde ponemos en valor la presencia regional y sus principales destinos tur\u00edsticos en los principales mercados nacionales e internacionales y por supuesto, consolidamos a Ays\u00e9n Patagonia como un destino de turismo aventura y de intereses especiales\u201d aport\u00f3 la directora.<\/p>\n<p style=\"text-align: justify;\">En este sentido, respecto de estas convocatorias la presidenta de la C\u00e1mara de Turismo de Coyhaique Ana Mar\u00eda Carrera se\u00f1al\u00f3 que \u201cEs importante contar con estos espacios de comercializaci\u00f3n. Creemos que el sentido de estar presentes es tremendamente importante sobre todo despu\u00e9s de la pandemia, ya que impidi\u00f3 que el mundo nos pusiera en vitrina por tanto es necesario Sali,r mostrarnos y demostrar que estamos vigentes con propuestas interesantes. Adicionalmente, nada de esto es posible sino contamos con el apoyo de Sernatur a trav\u00e9s del FNDR con el Programa de Promoci\u00f3n que ha sido pedido por el mundo privado para que nos apoyen en estas instancias que no son posibles sin el apoyo del Estado, por tanto se agradece el trabajo que realiza Sernatur junto al sector privado\u201d.<\/p>\n<p style=\"text-align: justify;\">En tanto desde la Corporaci\u00f3n Chelenko, que naci\u00f3 al alero de las Zonas de Inter\u00e9s Tur\u00edsticos, ZOIT a trav\u00e9s de su presidenta Jasmia Y\u00e1\u00f1ez coment\u00f3 que \u201cEs necesario y muy positivo que existan instancias como estas que apuntan a potenciar el destino, que permite dar a conocer la amplia oferta tur\u00edstica, poniendo en valor los atributos y la cultura de la regi\u00f3n. Y que adem\u00e1s hace un tiempo se est\u00e1 trabajando hacia un turismo m\u00e1s sustentable, con una\u00a0mirada m\u00e1s responsable hacia los territorios, lo que es bueno comunicar en este tipo de instancia, ya que la tendencia de la industria apunta hacia all\u00e1\u201d.<\/p>\n<p style=\"text-align: justify;\">Finalmente, la invitaci\u00f3n de Sernatur Ays\u00e9n a los prestadores de servicios tur\u00edsticos de la regi\u00f3n es a participar de la convocatoria a las ferias con un plazo de cierre hasta el 17 del presente mes, registrando su postulaci\u00f3n en <a href=\"https:\/\/forms.gle\/WeP7d1n49wt9d61U6\">https:\/\/forms.gle\/WeP7d1n49wt9d61U6<\/a> donde destacar\u00e1 la presencia de Sernatur Ays\u00e9n, entre otros, en la Feria Expo Lagos en San Mart\u00edn de Los Andes, permiti\u00e9ndoles revitalizar y fomentar la activaci\u00f3n del sector en los distintos eventos de la marca Ays\u00e9n Patagonia en el mercado nacional e internacional.<\/p>\n<\/div><\/section><\/div><div  style='height:50px' class='hr hr-invisible   avia-builder-el-6  el_after_av_one_full  el_before_av_social_share '><span class='hr-inner ' ><span class='hr-inner-style'><\/span><\/span><\/div><\/p>\n<div  class='av-social-sharing-box  avia-builder-el-7  el_after_av_hr  el_before_av_hr  '><div class='av-share-box'><h5 class='av-share-link-description av-no-toc '>Compartir esta noticia<\/h5><ul class='av-share-box-list noLightbox'><li class='av-share-link av-social-link-facebook' ><a target=\"_blank\" aria-label=\"Compartir en Facebook\" href='https:\/\/www.facebook.com\/sharer.php?u=https:\/\/radiorevelacionfm.cl\/?p=32775&#038;t=Sernatur%20prepara%20lanzamiento%20de%20temporada%20tur%C3%ADstica%20con%20eventos%20y%20ferias%20para%20promocionar%20destino%20Ays%C3%A9n%20Patagonia' aria-hidden='false' data-av_icon='\ue8f3' data-av_iconfont='entypo-fontello' title='' data-avia-related-tooltip='Compartir en Facebook' rel=\"noopener\"><span class='avia_hidden_link_text'>Compartir en Facebook<\/span><\/a><\/li><li class='av-share-link av-social-link-twitter' ><a target=\"_blank\" aria-label=\"Compartir en Twitter\" href='https:\/\/twitter.com\/share?text=Sernatur%20prepara%20lanzamiento%20de%20temporada%20tur%C3%ADstica%20con%20eventos%20y%20ferias%20para%20promocionar%20destino%20Ays%C3%A9n%20Patagonia&#038;url=https:\/\/radiorevelacionfm.cl\/?p=32775' aria-hidden='false' data-av_icon='\ue8f1' data-av_iconfont='entypo-fontello' title='' data-avia-related-tooltip='Compartir en Twitter' rel=\"noopener\"><span class='avia_hidden_link_text'>Compartir en Twitter<\/span><\/a><\/li><li class='av-share-link av-social-link-whatsapp' ><a target=\"_blank\" aria-label=\"Compartir en Whatsapp\" href='https:\/\/api.whatsapp.com\/send?text=https:\/\/radiorevelacionfm.cl\/?p=32775' aria-hidden='false' data-av_icon='\uf232' data-av_iconfont='entypo-fontello' title='' data-avia-related-tooltip='Compartir en Whatsapp' rel=\"noopener\"><span class='avia_hidden_link_text'>Compartir en Whatsapp<\/span><\/a><\/li><li class='av-share-link av-social-link-linkedin' ><a target=\"_blank\" aria-label=\"Compartir en LinkedIn\" href='https:\/\/linkedin.com\/shareArticle?mini=true&#038;title=Sernatur%20prepara%20lanzamiento%20de%20temporada%20tur%C3%ADstica%20con%20eventos%20y%20ferias%20para%20promocionar%20destino%20Ays%C3%A9n%20Patagonia&#038;url=https:\/\/radiorevelacionfm.cl\/?p=32775' aria-hidden='false' data-av_icon='\ue8fc' data-av_iconfont='entypo-fontello' title='' data-avia-related-tooltip='Compartir en LinkedIn' rel=\"noopener\"><span class='avia_hidden_link_text'>Compartir en LinkedIn<\/span><\/a><\/li><li class='av-share-link av-social-link-mail' ><a  aria-label=\"Compartir por correo\" href='mailto:?subject=Sernatur%20prepara%20lanzamiento%20de%20temporada%20tur%C3%ADstica%20con%20eventos%20y%20ferias%20para%20promocionar%20destino%20Ays%C3%A9n%20Patagonia&#038;body=https:\/\/radiorevelacionfm.cl\/?p=32775' aria-hidden='false' data-av_icon='\ue805' data-av_iconfont='entypo-fontello' title='' data-avia-related-tooltip='Compartir por correo'><span class='avia_hidden_link_text'>Compartir por correo<\/span><\/a><\/li><\/ul><\/div><\/div>\n<div  style='height:50px' class='hr hr-invisible   avia-builder-el-8  el_after_av_social_share  el_before_av_comments_list '><span class='hr-inner ' ><span class='hr-inner-style'><\/span><\/span><\/div>\n<div  class='av-buildercomment  av-blog-meta-html-info-disabled av-blog-meta-tag-disabled  '><\/div>\n","protected":false},"excerpt":{"rendered":"","protected":false},"author":1,"featured_media":32776,"comment_status":"open","ping_status":"open","sticky":false,"template":"","format":"standard","meta":{"footnotes":""},"categories":[54],"tags":[],"class_list":["post-32775","post","type-post","status-publish","format-standard","has-post-thumbnail","hentry","category-turismo"],"jetpack_featured_media_url":"https:\/\/radiorevelacionfm.cl\/wp-content\/uploads\/2023\/07\/image-133-2.jpg","_links":{"self":[{"href":"https:\/\/radiorevelacionfm.cl\/index.php?rest_route=\/wp\/v2\/posts\/32775","targetHints":{"allow":["GET"]}}],"collection":[{"href":"https:\/\/radiorevelacionfm.cl\/index.php?rest_route=\/wp\/v2\/posts"}],"about":[{"href":"https:\/\/radiorevelacionfm.cl\/index.php?rest_route=\/wp\/v2\/types\/post"}],"author":[{"embeddable":true,"href":"https:\/\/radiorevelacionfm.cl\/index.php?rest_route=\/wp\/v2\/users\/1"}],"replies":[{"embeddable":true,"href":"https:\/\/radiorevelacionfm.cl\/index.php?rest_route=%2Fwp%2Fv2%2Fcomments&post=32775"}],"version-history":[{"count":1,"href":"https:\/\/radiorevelacionfm.cl\/index.php?rest_route=\/wp\/v2\/posts\/32775\/revisions"}],"predecessor-version":[{"id":32777,"href":"https:\/\/radiorevelacionfm.cl\/index.php?rest_route=\/wp\/v2\/posts\/32775\/revisions\/32777"}],"wp:featuredmedia":[{"embeddable":true,"href":"https:\/\/radiorevelacionfm.cl\/index.php?rest_route=\/wp\/v2\/media\/32776"}],"wp:attachment":[{"href":"https:\/\/radiorevelacionfm.cl\/index.php?rest_route=%2Fwp%2Fv2%2Fmedia&parent=32775"}],"wp:term":[{"taxonomy":"category","embeddable":true,"href":"https:\/\/radiorevelacionfm.cl\/index.php?rest_route=%2Fwp%2Fv2%2Fcategories&post=32775"},{"taxonomy":"post_tag","embeddable":true,"href":"https:\/\/radiorevelacionfm.cl\/index.php?rest_route=%2Fwp%2Fv2%2Ftags&post=32775"}],"curies":[{"name":"wp","href":"https:\/\/api.w.org\/{rel}","templated":true}]}}