{"id":32766,"date":"2023-07-07T19:37:48","date_gmt":"2023-07-07T22:37:48","guid":{"rendered":"https:\/\/radiorevelacionfm.cl\/?p=32766"},"modified":"2023-07-07T19:37:48","modified_gmt":"2023-07-07T22:37:48","slug":"en-chile-chico-detienen-a-cinco-personas-por-receptacion-y-un-profugo-de-la-justicia-recuperando-especies-del-delito","status":"publish","type":"post","link":"https:\/\/radiorevelacionfm.cl\/?p=32766","title":{"rendered":"En Chile Chico detienen a cinco personas por receptaci\u00f3n y un pr\u00f3fugo de la justicia, recuperando especies del delito"},"content":{"rendered":"<div class=\"flex_column av_one_full  flex_column_div av-zero-column-padding first  avia-builder-el-0  el_before_av_one_full  avia-builder-el-first  \" style='border-radius:0px; '><div  class='avia-image-container  av-styling-    avia-builder-el-1  avia-builder-el-no-sibling  avia-align-center '  itemprop=\"image\" itemscope=\"itemscope\" itemtype=\"https:\/\/schema.org\/ImageObject\"  ><div class='avia-image-container-inner'><div class='avia-image-overlay-wrap'><img decoding=\"async\" class='wp-image-32767 avia-img-lazy-loading-not-32767 avia_image' src=\"https:\/\/radiorevelacionfm.cl\/wp-content\/uploads\/2023\/07\/0f6c9b0a-ca77-4272-bee3-711cba849a70-2_optimized.jpg\" alt='' title='0f6c9b0a-ca77-4272-bee3-711cba849a70-2_optimized' height=\"600\" width=\"626\"  itemprop=\"thumbnailUrl\" srcset=\"https:\/\/radiorevelacionfm.cl\/wp-content\/uploads\/2023\/07\/0f6c9b0a-ca77-4272-bee3-711cba849a70-2_optimized.jpg 626w, https:\/\/radiorevelacionfm.cl\/wp-content\/uploads\/2023\/07\/0f6c9b0a-ca77-4272-bee3-711cba849a70-2_optimized-300x288.jpg 300w, https:\/\/radiorevelacionfm.cl\/wp-content\/uploads\/2023\/07\/0f6c9b0a-ca77-4272-bee3-711cba849a70-2_optimized-36x36.jpg 36w, https:\/\/radiorevelacionfm.cl\/wp-content\/uploads\/2023\/07\/0f6c9b0a-ca77-4272-bee3-711cba849a70-2_optimized-450x431.jpg 450w, https:\/\/radiorevelacionfm.cl\/wp-content\/uploads\/2023\/07\/0f6c9b0a-ca77-4272-bee3-711cba849a70-2_optimized-600x575.jpg 600w\" sizes=\"(max-width: 626px) 100vw, 626px\" \/><\/div><\/div><\/div><\/div><div class=\"flex_column av_one_full  flex_column_div av-zero-column-padding first  avia-builder-el-2  el_after_av_one_full  el_before_av_one_full  column-top-margin\" style='border-radius:0px; '><section class=\"av_textblock_section \"  itemscope=\"itemscope\" itemtype=\"https:\/\/schema.org\/BlogPosting\" itemprop=\"blogPost\" ><div class='avia_textblock  '   itemprop=\"text\" ><p style=\"text-align: center;\"><span style=\"font-size: 18pt;\"><strong>En Chile Chico detienen a cinco personas por receptaci\u00f3n y un pr\u00f3fugo de la justicia, recuperando especies del delito<\/strong><\/span><\/p>\n<div id=\"gtx-trans\" style=\"position: absolute; left: -50px; top: 4.31534px;\">\n<div class=\"gtx-trans-icon\"><\/div>\n<\/div>\n<\/div><\/section><\/div><div class=\"flex_column av_one_full  flex_column_div av-zero-column-padding first  avia-builder-el-4  el_after_av_one_full  el_before_av_hr  column-top-margin\" style='border-radius:0px; '><section class=\"av_textblock_section \"  itemscope=\"itemscope\" itemtype=\"https:\/\/schema.org\/BlogPosting\" itemprop=\"blogPost\" ><div class='avia_textblock  '   itemprop=\"text\" ><div id=\"message-htmlpart1\" class=\"message-htmlpart\">\n<div class=\"rcmBody\">\n<div dir=\"ltr\">\n<div>\n<div>\n<p class=\"v1MsoNormal\" style=\"text-align: justify;\">Diligencias desarrolladas por Carabineros de la 3ra. Comisar\u00eda de Chile Chico (F) a trav\u00e9s de la Secci\u00f3n de Investigaci\u00f3n Policial (S.I.P) logr\u00f3 la detenci\u00f3n de cinco personas por el delito de receptaci\u00f3n -entre ellos un sujeto pr\u00f3fugo de la justicia- siendo recuperadas diversas especies producto de delito, tras continuos robos que hab\u00edan afectado a residentes de esta comuna lacustre.<\/p>\n<p class=\"v1MsoNormal\" style=\"text-align: justify;\">En virtud de una orden de investigar emanada desde la Fiscal\u00eda de esta ciudad por el delito de robo en lugar habitado, el personal civil se aboc\u00f3 al desarrollo de diversas diligencias de su especialidad, siendo materializada una entrada y registro a un inmueble donde se ubic\u00f3 y detuvo a un pr\u00f3fugo de la justicia, quien manten\u00eda tres \u00f3rdenes de detenci\u00f3n vigente por lesiones, hurto y conducci\u00f3n en estado de ebriedad, emanadas desde el Juzgado de Garant\u00eda de Coyhaique y Ays\u00e9n.<\/p>\n<p class=\"v1MsoNormal\" style=\"text-align: justify;\">Al efectuar la revisi\u00f3n del inmueble, Carabineros encontr\u00f3 una motosierra, especie sobre la cual exist\u00eda una denuncia por robo, siendo sustra\u00edda 24 horas antes desde un domicilio de la comuna, tras lo cual el sujeto y la pareja de este, fueron igualmente detenidos por receptaci\u00f3n.<\/p>\n<p class=\"v1MsoNormal\" style=\"text-align: justify;\"><b>Otros tres detenidos\u00a0\u00a0 <\/b><\/p>\n<p class=\"v1MsoNormal\" style=\"text-align: justify;\">Acto seguido, personal de la SIP realiz\u00f3 el ingreso y registro a otros cinco inmuebles, desde donde incaut\u00f3 cilindros de gas, una podadora y tel\u00e9fonos celulares, diligencia que culmin\u00f3 con la detenci\u00f3n de otras tres personas por el delito de receptaci\u00f3n.<\/p>\n<p class=\"v1MsoNormal\" style=\"text-align: justify;\">Los antecedentes del procedimiento fueron puestos en conocimiento de la Fiscal\u00eda, en tanto que parte de las especies fueron entregadas a sus propietarios, mientras que las restantes fueron derivadas mediante cadena de custodia al Ministerio P\u00fablico.<\/p>\n<p class=\"v1MsoNormal\" style=\"text-align: justify;\">Cuatro de los detenidos fueron dejados en libertad, permaneciendo en espera de citaci\u00f3n por parte de la Fiscal\u00eda, en tanto que el sujeto pr\u00f3fugo de la justicia pas\u00f3 a la audiencia de control de detenci\u00f3n por este hecho.<\/p>\n<p class=\"v1MsoNormal\" style=\"text-align: justify;\">Cabe consignar que una de las principales preocupaciones y orientaciones derivadas del Plan Nacional de Seguridad P\u00fablica y Prevenci\u00f3n del Delito 2022 \u2013 2026 tratadas semanalmente en el comit\u00e9 policial liderado por el Delegado Presidencial Regional de Ays\u00e9n, Rodrigo Araya Morales junto a ambas polic\u00edas, es precisamente la detenci\u00f3n de pr\u00f3fugos de la justicia, el control de armas y drogas, ambas problem\u00e1ticas ligadas al crimen organizado, logrando de este modo -seg\u00fan lo expresado por el Jefe de Zona Ays\u00e9n, General Patricio Javier Santos Poblete- dar cumplimiento a la pol\u00edtica p\u00fablica.<\/p>\n<p class=\"v1MsoNormal\" style=\"text-align: justify;\">Desde el mes de enero al 2 de julio del presente a\u00f1o, Carabineros ha detenido en la regi\u00f3n de Ays\u00e9n a 299 pr\u00f3fugos de la justicia, de los cuales 26 (un 9%) han sido capturados en la provincia de General Carrera (19 en Chile Chico y 7 en R\u00edo Ib\u00e1\u00f1ez).<\/p>\n<p class=\"v1MsoNormal\" style=\"text-align: justify;\">En este mismo periodo, Carabineros ha materializado 34 ingresos y registros a inmuebles (1 cada 5 d\u00edas) en la regi\u00f3n de Ays\u00e9n.<\/p>\n<\/div>\n<\/div>\n<\/div>\n<\/div>\n<\/div>\n<\/div><\/section><\/div><div  style='height:50px' class='hr hr-invisible   avia-builder-el-6  el_after_av_one_full  el_before_av_social_share '><span class='hr-inner ' ><span class='hr-inner-style'><\/span><\/span><\/div><\/p>\n<div  class='av-social-sharing-box  avia-builder-el-7  el_after_av_hr  el_before_av_hr  '><div class='av-share-box'><h5 class='av-share-link-description av-no-toc '>Compartir esta noticia<\/h5><ul class='av-share-box-list noLightbox'><li class='av-share-link av-social-link-facebook' ><a target=\"_blank\" aria-label=\"Compartir en Facebook\" href='https:\/\/www.facebook.com\/sharer.php?u=https:\/\/radiorevelacionfm.cl\/?p=32766&#038;t=En%20Chile%20Chico%20detienen%20a%20cinco%20personas%20por%20receptaci%C3%B3n%20y%20un%20pr%C3%B3fugo%20de%20la%20justicia%2C%20recuperando%20especies%20del%20delito' aria-hidden='false' data-av_icon='\ue8f3' data-av_iconfont='entypo-fontello' title='' data-avia-related-tooltip='Compartir en Facebook' rel=\"noopener\"><span class='avia_hidden_link_text'>Compartir en Facebook<\/span><\/a><\/li><li class='av-share-link av-social-link-twitter' ><a target=\"_blank\" aria-label=\"Compartir en Twitter\" href='https:\/\/twitter.com\/share?text=En%20Chile%20Chico%20detienen%20a%20cinco%20personas%20por%20receptaci%C3%B3n%20y%20un%20pr%C3%B3fugo%20de%20la%20justicia%2C%20recuperando%20especies%20del%20delito&#038;url=https:\/\/radiorevelacionfm.cl\/?p=32766' aria-hidden='false' data-av_icon='\ue8f1' data-av_iconfont='entypo-fontello' title='' data-avia-related-tooltip='Compartir en Twitter' rel=\"noopener\"><span class='avia_hidden_link_text'>Compartir en Twitter<\/span><\/a><\/li><li class='av-share-link av-social-link-whatsapp' ><a target=\"_blank\" aria-label=\"Compartir en Whatsapp\" href='https:\/\/api.whatsapp.com\/send?text=https:\/\/radiorevelacionfm.cl\/?p=32766' aria-hidden='false' data-av_icon='\uf232' data-av_iconfont='entypo-fontello' title='' data-avia-related-tooltip='Compartir en Whatsapp' rel=\"noopener\"><span class='avia_hidden_link_text'>Compartir en Whatsapp<\/span><\/a><\/li><li class='av-share-link av-social-link-linkedin' ><a target=\"_blank\" aria-label=\"Compartir en LinkedIn\" href='https:\/\/linkedin.com\/shareArticle?mini=true&#038;title=En%20Chile%20Chico%20detienen%20a%20cinco%20personas%20por%20receptaci%C3%B3n%20y%20un%20pr%C3%B3fugo%20de%20la%20justicia%2C%20recuperando%20especies%20del%20delito&#038;url=https:\/\/radiorevelacionfm.cl\/?p=32766' aria-hidden='false' data-av_icon='\ue8fc' data-av_iconfont='entypo-fontello' title='' data-avia-related-tooltip='Compartir en LinkedIn' rel=\"noopener\"><span class='avia_hidden_link_text'>Compartir en LinkedIn<\/span><\/a><\/li><li class='av-share-link av-social-link-mail' ><a  aria-label=\"Compartir por correo\" href='mailto:?subject=En%20Chile%20Chico%20detienen%20a%20cinco%20personas%20por%20receptaci%C3%B3n%20y%20un%20pr%C3%B3fugo%20de%20la%20justicia%2C%20recuperando%20especies%20del%20delito&#038;body=https:\/\/radiorevelacionfm.cl\/?p=32766' aria-hidden='false' data-av_icon='\ue805' data-av_iconfont='entypo-fontello' title='' data-avia-related-tooltip='Compartir por correo'><span class='avia_hidden_link_text'>Compartir por correo<\/span><\/a><\/li><\/ul><\/div><\/div>\n<div  style='height:50px' class='hr hr-invisible   avia-builder-el-8  el_after_av_social_share  el_before_av_comments_list '><span class='hr-inner ' ><span class='hr-inner-style'><\/span><\/span><\/div>\n<div  class='av-buildercomment  av-blog-meta-html-info-disabled av-blog-meta-tag-disabled  '><\/div>\n","protected":false},"excerpt":{"rendered":"","protected":false},"author":1,"featured_media":32767,"comment_status":"open","ping_status":"open","sticky":false,"template":"","format":"standard","meta":{"footnotes":""},"categories":[36],"tags":[],"class_list":["post-32766","post","type-post","status-publish","format-standard","has-post-thumbnail","hentry","category-policial"],"jetpack_featured_media_url":"https:\/\/radiorevelacionfm.cl\/wp-content\/uploads\/2023\/07\/0f6c9b0a-ca77-4272-bee3-711cba849a70-2_optimized.jpg","_links":{"self":[{"href":"https:\/\/radiorevelacionfm.cl\/index.php?rest_route=\/wp\/v2\/posts\/32766","targetHints":{"allow":["GET"]}}],"collection":[{"href":"https:\/\/radiorevelacionfm.cl\/index.php?rest_route=\/wp\/v2\/posts"}],"about":[{"href":"https:\/\/radiorevelacionfm.cl\/index.php?rest_route=\/wp\/v2\/types\/post"}],"author":[{"embeddable":true,"href":"https:\/\/radiorevelacionfm.cl\/index.php?rest_route=\/wp\/v2\/users\/1"}],"replies":[{"embeddable":true,"href":"https:\/\/radiorevelacionfm.cl\/index.php?rest_route=%2Fwp%2Fv2%2Fcomments&post=32766"}],"version-history":[{"count":1,"href":"https:\/\/radiorevelacionfm.cl\/index.php?rest_route=\/wp\/v2\/posts\/32766\/revisions"}],"predecessor-version":[{"id":32768,"href":"https:\/\/radiorevelacionfm.cl\/index.php?rest_route=\/wp\/v2\/posts\/32766\/revisions\/32768"}],"wp:featuredmedia":[{"embeddable":true,"href":"https:\/\/radiorevelacionfm.cl\/index.php?rest_route=\/wp\/v2\/media\/32767"}],"wp:attachment":[{"href":"https:\/\/radiorevelacionfm.cl\/index.php?rest_route=%2Fwp%2Fv2%2Fmedia&parent=32766"}],"wp:term":[{"taxonomy":"category","embeddable":true,"href":"https:\/\/radiorevelacionfm.cl\/index.php?rest_route=%2Fwp%2Fv2%2Fcategories&post=32766"},{"taxonomy":"post_tag","embeddable":true,"href":"https:\/\/radiorevelacionfm.cl\/index.php?rest_route=%2Fwp%2Fv2%2Ftags&post=32766"}],"curies":[{"name":"wp","href":"https:\/\/api.w.org\/{rel}","templated":true}]}}