{"id":32761,"date":"2023-07-07T18:59:55","date_gmt":"2023-07-07T21:59:55","guid":{"rendered":"https:\/\/radiorevelacionfm.cl\/?p=32761"},"modified":"2023-07-07T19:01:08","modified_gmt":"2023-07-07T22:01:08","slug":"autoridades-realizan-enfatico-llamado-a-la-prevencion-frente-a-las-condiciones-climaticas","status":"publish","type":"post","link":"https:\/\/radiorevelacionfm.cl\/?p=32761","title":{"rendered":"Autoridades realizan enf\u00e1tico llamado a la prevenci\u00f3n frente a las condiciones clim\u00e1ticas en Ays\u00e9n"},"content":{"rendered":"<div class=\"flex_column av_one_full  flex_column_div av-zero-column-padding first  avia-builder-el-0  el_before_av_one_full  avia-builder-el-first  \" style='border-radius:0px; '><div  class='avia-image-container  av-styling-    avia-builder-el-1  avia-builder-el-no-sibling  avia-align-center '  itemprop=\"image\" itemscope=\"itemscope\" itemtype=\"https:\/\/schema.org\/ImageObject\"  ><div class='avia-image-container-inner'><div class='avia-image-overlay-wrap'><img decoding=\"async\" class='wp-image-32762 avia-img-lazy-loading-not-32762 avia_image' src=\"https:\/\/radiorevelacionfm.cl\/wp-content\/uploads\/2023\/07\/CAMINO-NEVADO-II-2-2.jpeg\" alt='' title='CAMINO NEVADO II-2-2' height=\"600\" width=\"901\"  itemprop=\"thumbnailUrl\" srcset=\"https:\/\/radiorevelacionfm.cl\/wp-content\/uploads\/2023\/07\/CAMINO-NEVADO-II-2-2.jpeg 901w, https:\/\/radiorevelacionfm.cl\/wp-content\/uploads\/2023\/07\/CAMINO-NEVADO-II-2-2-300x200.jpeg 300w, https:\/\/radiorevelacionfm.cl\/wp-content\/uploads\/2023\/07\/CAMINO-NEVADO-II-2-2-768x511.jpeg 768w, https:\/\/radiorevelacionfm.cl\/wp-content\/uploads\/2023\/07\/CAMINO-NEVADO-II-2-2-705x469.jpeg 705w, https:\/\/radiorevelacionfm.cl\/wp-content\/uploads\/2023\/07\/CAMINO-NEVADO-II-2-2-450x300.jpeg 450w, https:\/\/radiorevelacionfm.cl\/wp-content\/uploads\/2023\/07\/CAMINO-NEVADO-II-2-2-600x400.jpeg 600w\" sizes=\"(max-width: 901px) 100vw, 901px\" \/><\/div><\/div><\/div><\/div>\n<div class=\"flex_column av_one_full  flex_column_div av-zero-column-padding first  avia-builder-el-2  el_after_av_one_full  el_before_av_one_full  column-top-margin\" style='border-radius:0px; '><section class=\"av_textblock_section \"  itemscope=\"itemscope\" itemtype=\"https:\/\/schema.org\/BlogPosting\" itemprop=\"blogPost\" ><div class='avia_textblock  '   itemprop=\"text\" ><p style=\"text-align: center;\"><span style=\"font-size: 18pt;\"><strong>Autoridades realizan enf\u00e1tico llamado a la prevenci\u00f3n frente a las condiciones clim\u00e1ticas en Ays\u00e9n<\/strong><\/span><\/p>\n<div id=\"gtx-trans\" style=\"position: absolute; left: -50px; top: 4.31534px;\">\n<div class=\"gtx-trans-icon\"><\/div>\n<\/div>\n<\/div><\/section><\/div><div class=\"flex_column av_one_full  flex_column_div av-zero-column-padding first  avia-builder-el-4  el_after_av_one_full  el_before_av_hr  column-top-margin\" style='border-radius:0px; '><section class=\"av_textblock_section \"  itemscope=\"itemscope\" itemtype=\"https:\/\/schema.org\/BlogPosting\" itemprop=\"blogPost\" ><div class='avia_textblock  '   itemprop=\"text\" ><p style=\"text-align: justify;\">La preocupaci\u00f3n ante el pron\u00f3stico clim\u00e1tico anunciado para este fin de semana en la regi\u00f3n de Ays\u00e9n, con temperaturas bajo cero, ha llevado a todas las autoridades a insistir en el llamado a la responsabilidad, no solo para abordar las rutas y las recientes restricciones en algunos sectores de la carretera, sino tambi\u00e9n, en nuestros hogares y frente a los cuidados de nuestra salud.<\/p>\n<p style=\"text-align: justify;\">El delegado presidencial regional, Rodrigo Araya, llam\u00f3 a la prevenci\u00f3n acompa\u00f1ado por Rodrigo Verdugo, subdirector de Gesti\u00f3n Asistencial del Servicio de Salud Ays\u00e9n, tras la visita al Hospital Regional de Coyhaique para verificar las condiciones en se est\u00e1 enfrentando la contingencia de enfermedades respiratorias.<\/p>\n<p style=\"text-align: justify;\">\u201cSabemos que en la regi\u00f3n, este fin de semana, a partir del jueves, vamos a tener temperaturas bajo cero, por lo tanto, la precauci\u00f3n\u201d, enfatiz\u00f3. \u201cSi estamos pensando en temperaturas bajo cero, estamos pensando en escarcha. Las precauciones son, tanto para la gente que camina por la calle, que lo haga en terreno adecuado y que usen, si tienen a su alcance, los dispositivos para poder tener mejor adherencia, como tambi\u00e9n a todos los conductores\u201d, continu\u00f3, haciendo un llamado a manejar a la defensiva, con una velocidad prudente, usando neum\u00e1ticos con clavos o cadenas cuando sea necesario. En la recomendaci\u00f3n, tambi\u00e9n record\u00f3 la restricci\u00f3n de no circular de noche.<\/p>\n<p style=\"text-align: justify;\">Al mismo tiempo, Verdugo se\u00f1al\u00f3 que \u201cnecesitamos que nuestra comunidad parta auto cuid\u00e1ndose\u201d. \u00bfC\u00f3mo?, se cuestion\u00f3 el subdirector, \u201cvacun\u00e1ndose\u201d, recalc\u00f3, recomendando, adem\u00e1s, salir abrigados y utilizar mascarilla, en lugares cerrados y ante la presencia de s\u00edntomas. El representante de Gesti\u00f3n Asistencial del Servicio de Salud se\u00f1al\u00f3 que todo esto ayudar\u00eda a no colapsar Emergencias producto de accidentes evitables.<\/p>\n<p style=\"text-align: justify;\">El director regional de Senapred, Sidi Bravo, retom\u00f3 el llamado a la prevenci\u00f3n del gobierno para esta temporada invernal. Enfatiz\u00f3 que \u201cno hay que olvidar que vivimos en la Patagonia\u201d y que, la colaboraci\u00f3n entre conductores para mitigar situaciones de riesgo en la carretera, la preparaci\u00f3n antes de salir a terreno -considerando los m\u00faltiples escenarios que podr\u00edan afectarnos en nuestra ruta- y el autocuidado, es esencial, no solo para evitar accidentes lamentables, sino, tambi\u00e9n, para apoyar los esfuerzos que realizan a diario los equipos de los diversos servicios responsables de habilitar los caminos y las rutas.<\/p>\n<p style=\"text-align: justify;\">El director se\u00f1al\u00f3 que \u201cel traspaso de la ni\u00f1a al ni\u00f1o nos ha estado afectando durante este tiempo, no solamente a nosotros, sino, tambi\u00e9n, a la zona centro-sur del pa\u00eds, con inundaciones y lluvias intensas\u201d, enfatizando que en los esfuerzos por coordinar una instancia que involucre a los diferentes servicios y secretarios ministeriales, se conform\u00f3 un mesa invernal y que \u201cel delegado presidencial regional -Rodrigo Araya- nos ha pedido encarecidamente que tengamos un trabajo de mayor presencia en el territorio\u201d.<\/p>\n<p style=\"text-align: justify;\">\u201cPara tal efecto, se han tomado medidas de car\u00e1cter preventivo, bas\u00e1ndonos en los hechos que hist\u00f3ricamente ya nos han pasado en la regi\u00f3n\u201d, se\u00f1al\u00f3, refiri\u00e9ndose a los habituales cortes en la ruta 7, que durante a\u00f1os anteriores han dificultado el transitar veh\u00edculos de emergencia, como lo son las ambulancias. \u201cPor esto, se tom\u00f3 la decisi\u00f3n por parte del Ministerio de Obras P\u00fablicas -MOP- y Vialidad, de realizar cortes preventivos\u201d, indic\u00f3, recordando que estos comenzaron a funcionar este martes 4 de julio y se extender\u00e1n hasta el 3 de septiembre, desde las 18 horas, hasta las 10 de la ma\u00f1ana.<\/p>\n<p style=\"text-align: justify;\">Entre otras recomendaciones que apunt\u00f3 el director durante la entrevista, como planificar lo viajes con tiempo, saliendo con luz d\u00eda, cuando los caminos ya est\u00e9n en condiciones de ser transitados e ir con neum\u00e1ticos especiales o de lleno con cadenas. Tambi\u00e9n, relacionado a otros riesgos comunes en la regi\u00f3n, se refiri\u00f3 a los cuidarnos de los incendios evitables, por ejemplo, limpiando los ductos de humo, haciendo mantenciones frecuentemente a todos los artefactos de calefacci\u00f3n y refiri\u00e9ndose espec\u00edficamente a las estufas a pellet, el considerar el tipo de combustible, ya que estos aportan diferentes energ\u00edas cal\u00f3ricas, que no todas las estufas soportan.<\/p>\n<p style=\"text-align: justify;\">Cabe recordar el llamado \u201cA-B-C\u201d, que hace referencia a los n\u00fameros de emergencia: Ambulancia, marcando al 131, Bomberos, al 132 y Carabineros, al 133. Servicios a los que podemos recurrir ante cualquier emergencia, ya sea que participemos de un accidente o seamos testigos, donde el principal llamado es a no involucrarse, sino a dar aviso y colaborar facilitando la llegada de los diferentes equipos.<\/p>\n<\/div><\/section><\/div><\/p>\n<div  style='height:50px' class='hr hr-invisible   avia-builder-el-6  el_after_av_one_full  el_before_av_social_share '><span class='hr-inner ' ><span class='hr-inner-style'><\/span><\/span><\/div>\n<div  class='av-social-sharing-box  avia-builder-el-7  el_after_av_hr  el_before_av_hr  '><div class='av-share-box'><h5 class='av-share-link-description av-no-toc '>Compartir esta noticia<\/h5><ul class='av-share-box-list noLightbox'><li class='av-share-link av-social-link-facebook' ><a target=\"_blank\" aria-label=\"Compartir en Facebook\" href='https:\/\/www.facebook.com\/sharer.php?u=https:\/\/radiorevelacionfm.cl\/?p=32761&#038;t=Autoridades%20realizan%20enf%C3%A1tico%20llamado%20a%20la%20prevenci%C3%B3n%20frente%20a%20las%20condiciones%20clim%C3%A1ticas%20en%20Ays%C3%A9n' aria-hidden='false' data-av_icon='\ue8f3' data-av_iconfont='entypo-fontello' title='' data-avia-related-tooltip='Compartir en Facebook' rel=\"noopener\"><span class='avia_hidden_link_text'>Compartir en Facebook<\/span><\/a><\/li><li class='av-share-link av-social-link-twitter' ><a target=\"_blank\" aria-label=\"Compartir en Twitter\" href='https:\/\/twitter.com\/share?text=Autoridades%20realizan%20enf%C3%A1tico%20llamado%20a%20la%20prevenci%C3%B3n%20frente%20a%20las%20condiciones%20clim%C3%A1ticas%20en%20Ays%C3%A9n&#038;url=https:\/\/radiorevelacionfm.cl\/?p=32761' aria-hidden='false' data-av_icon='\ue8f1' data-av_iconfont='entypo-fontello' title='' data-avia-related-tooltip='Compartir en Twitter' rel=\"noopener\"><span class='avia_hidden_link_text'>Compartir en Twitter<\/span><\/a><\/li><li class='av-share-link av-social-link-whatsapp' ><a target=\"_blank\" aria-label=\"Compartir en Whatsapp\" href='https:\/\/api.whatsapp.com\/send?text=https:\/\/radiorevelacionfm.cl\/?p=32761' aria-hidden='false' data-av_icon='\uf232' data-av_iconfont='entypo-fontello' title='' data-avia-related-tooltip='Compartir en Whatsapp' rel=\"noopener\"><span class='avia_hidden_link_text'>Compartir en Whatsapp<\/span><\/a><\/li><li class='av-share-link av-social-link-linkedin' ><a target=\"_blank\" aria-label=\"Compartir en LinkedIn\" href='https:\/\/linkedin.com\/shareArticle?mini=true&#038;title=Autoridades%20realizan%20enf%C3%A1tico%20llamado%20a%20la%20prevenci%C3%B3n%20frente%20a%20las%20condiciones%20clim%C3%A1ticas%20en%20Ays%C3%A9n&#038;url=https:\/\/radiorevelacionfm.cl\/?p=32761' aria-hidden='false' data-av_icon='\ue8fc' data-av_iconfont='entypo-fontello' title='' data-avia-related-tooltip='Compartir en LinkedIn' rel=\"noopener\"><span class='avia_hidden_link_text'>Compartir en LinkedIn<\/span><\/a><\/li><li class='av-share-link av-social-link-mail' ><a  aria-label=\"Compartir por correo\" href='mailto:?subject=Autoridades%20realizan%20enf%C3%A1tico%20llamado%20a%20la%20prevenci%C3%B3n%20frente%20a%20las%20condiciones%20clim%C3%A1ticas%20en%20Ays%C3%A9n&#038;body=https:\/\/radiorevelacionfm.cl\/?p=32761' aria-hidden='false' data-av_icon='\ue805' data-av_iconfont='entypo-fontello' title='' data-avia-related-tooltip='Compartir por correo'><span class='avia_hidden_link_text'>Compartir por correo<\/span><\/a><\/li><\/ul><\/div><\/div>\n<div  style='height:50px' class='hr hr-invisible   avia-builder-el-8  el_after_av_social_share  el_before_av_comments_list '><span class='hr-inner ' ><span class='hr-inner-style'><\/span><\/span><\/div>\n<div  class='av-buildercomment  av-blog-meta-html-info-disabled av-blog-meta-tag-disabled  '><\/div>\n<\/div><\/div><\/div><!-- close content main div --><\/div><\/div><div id='av_section_1'  class='avia-section main_color avia-section-default avia-no-border-styling  avia-bg-style-scroll  avia-builder-el-10  el_after_av_comments_list  avia-builder-el-last   container_wrap sidebar_right' style=' '  ><div class='container' ><div class='template-page content  av-content-small alpha units'><div class='post-entry post-entry-type-page post-entry-32761'><div class='entry-content-wrapper clearfix'><\/div><\/div><\/div><!-- close content main div --><\/div><\/div><div id='after_section_1'  class='main_color av_default_container_wrap container_wrap sidebar_right' style=' '  ><div class='container' ><div class='template-page content  av-content-small alpha units'><div class='post-entry post-entry-type-page post-entry-32761'><div class='entry-content-wrapper clearfix'>\n","protected":false},"excerpt":{"rendered":"","protected":false},"author":1,"featured_media":32762,"comment_status":"open","ping_status":"open","sticky":false,"template":"","format":"standard","meta":{"footnotes":""},"categories":[38],"tags":[],"class_list":["post-32761","post","type-post","status-publish","format-standard","has-post-thumbnail","hentry","category-regional"],"jetpack_featured_media_url":"https:\/\/radiorevelacionfm.cl\/wp-content\/uploads\/2023\/07\/CAMINO-NEVADO-II-2-2.jpeg","_links":{"self":[{"href":"https:\/\/radiorevelacionfm.cl\/index.php?rest_route=\/wp\/v2\/posts\/32761","targetHints":{"allow":["GET"]}}],"collection":[{"href":"https:\/\/radiorevelacionfm.cl\/index.php?rest_route=\/wp\/v2\/posts"}],"about":[{"href":"https:\/\/radiorevelacionfm.cl\/index.php?rest_route=\/wp\/v2\/types\/post"}],"author":[{"embeddable":true,"href":"https:\/\/radiorevelacionfm.cl\/index.php?rest_route=\/wp\/v2\/users\/1"}],"replies":[{"embeddable":true,"href":"https:\/\/radiorevelacionfm.cl\/index.php?rest_route=%2Fwp%2Fv2%2Fcomments&post=32761"}],"version-history":[{"count":3,"href":"https:\/\/radiorevelacionfm.cl\/index.php?rest_route=\/wp\/v2\/posts\/32761\/revisions"}],"predecessor-version":[{"id":32765,"href":"https:\/\/radiorevelacionfm.cl\/index.php?rest_route=\/wp\/v2\/posts\/32761\/revisions\/32765"}],"wp:featuredmedia":[{"embeddable":true,"href":"https:\/\/radiorevelacionfm.cl\/index.php?rest_route=\/wp\/v2\/media\/32762"}],"wp:attachment":[{"href":"https:\/\/radiorevelacionfm.cl\/index.php?rest_route=%2Fwp%2Fv2%2Fmedia&parent=32761"}],"wp:term":[{"taxonomy":"category","embeddable":true,"href":"https:\/\/radiorevelacionfm.cl\/index.php?rest_route=%2Fwp%2Fv2%2Fcategories&post=32761"},{"taxonomy":"post_tag","embeddable":true,"href":"https:\/\/radiorevelacionfm.cl\/index.php?rest_route=%2Fwp%2Fv2%2Ftags&post=32761"}],"curies":[{"name":"wp","href":"https:\/\/api.w.org\/{rel}","templated":true}]}}