{"id":32758,"date":"2023-07-09T20:56:49","date_gmt":"2023-07-09T23:56:49","guid":{"rendered":"https:\/\/radiorevelacionfm.cl\/?p=32758"},"modified":"2023-07-09T20:56:49","modified_gmt":"2023-07-09T23:56:49","slug":"incremento-del-aporte-a-70-y-nuevas-iniciativas-para-conservacion-de-caminos-sella-modificacion-de-convenio-de-programacion-entre-el-mop-y-gore-aysen","status":"publish","type":"post","link":"https:\/\/radiorevelacionfm.cl\/?p=32758","title":{"rendered":"Incremento del aporte a 70% y nuevas iniciativas para conservaci\u00f3n de caminos sella modificaci\u00f3n de convenio de programaci\u00f3n entre el MOP y GORE Ays\u00e9n"},"content":{"rendered":"<div class=\"flex_column av_one_full  flex_column_div av-zero-column-padding first  avia-builder-el-0  el_before_av_one_full  avia-builder-el-first  \" style='border-radius:0px; '><div  class='avia-image-container  av-styling-    avia-builder-el-1  avia-builder-el-no-sibling  avia-align-center '  itemprop=\"image\" itemscope=\"itemscope\" itemtype=\"https:\/\/schema.org\/ImageObject\"  ><div class='avia-image-container-inner'><div class='avia-image-overlay-wrap'><img decoding=\"async\" class='wp-image-32759 avia-img-lazy-loading-not-32759 avia_image' src=\"https:\/\/radiorevelacionfm.cl\/wp-content\/uploads\/2023\/07\/cinco-core-2_optimized.jpg\" alt='' title='cinco-core-2_optimized' height=\"600\" width=\"900\"  itemprop=\"thumbnailUrl\" srcset=\"https:\/\/radiorevelacionfm.cl\/wp-content\/uploads\/2023\/07\/cinco-core-2_optimized.jpg 900w, https:\/\/radiorevelacionfm.cl\/wp-content\/uploads\/2023\/07\/cinco-core-2_optimized-300x200.jpg 300w, https:\/\/radiorevelacionfm.cl\/wp-content\/uploads\/2023\/07\/cinco-core-2_optimized-768x512.jpg 768w, https:\/\/radiorevelacionfm.cl\/wp-content\/uploads\/2023\/07\/cinco-core-2_optimized-705x470.jpg 705w, https:\/\/radiorevelacionfm.cl\/wp-content\/uploads\/2023\/07\/cinco-core-2_optimized-450x300.jpg 450w, https:\/\/radiorevelacionfm.cl\/wp-content\/uploads\/2023\/07\/cinco-core-2_optimized-600x400.jpg 600w\" sizes=\"(max-width: 900px) 100vw, 900px\" \/><\/div><\/div><\/div><\/div><div class=\"flex_column av_one_full  flex_column_div av-zero-column-padding first  avia-builder-el-2  el_after_av_one_full  el_before_av_one_full  column-top-margin\" style='border-radius:0px; '><section class=\"av_textblock_section \"  itemscope=\"itemscope\" itemtype=\"https:\/\/schema.org\/BlogPosting\" itemprop=\"blogPost\" ><div class='avia_textblock  '   itemprop=\"text\" ><p style=\"text-align: center;\"><span style=\"font-size: 18pt;\"><strong>Incremento del aporte a 70% y nuevas iniciativas para conservaci\u00f3n de caminos sella modificaci\u00f3n de convenio de programaci\u00f3n entre el MOP y GORE Ays\u00e9n<\/strong><\/span><\/p>\n<div id=\"gtx-trans\" style=\"position: absolute; left: -50px; top: 4.31534px;\">\n<div class=\"gtx-trans-icon\"><\/div>\n<\/div>\n<\/div><\/section><\/div><div class=\"flex_column av_one_full  flex_column_div av-zero-column-padding first  avia-builder-el-4  el_after_av_one_full  el_before_av_hr  column-top-margin\" style='border-radius:0px; '><section class=\"av_textblock_section \"  itemscope=\"itemscope\" itemtype=\"https:\/\/schema.org\/BlogPosting\" itemprop=\"blogPost\" ><div class='avia_textblock  '   itemprop=\"text\" ><p style=\"text-align: justify;\">Tras el anuncio del presidente Gabriel Boric Font en su \u00faltima \u00a0visita a la regi\u00f3n de Ays\u00e9n,\u00a0 el Ministerio de Obras P\u00fablicas ser\u00e1 quien se encargar\u00e1 de financiar las obras de mejoramiento y pavimentaci\u00f3n de la Ruta 7, lo que en la pr\u00e1ctica implica la liberaci\u00f3n de compromisos presupuestarios del Gobierno Regional, y abri\u00f3 la oportunidad de abordar nuevos desaf\u00edos como son la conservaci\u00f3n de caminos, la que ser\u00e1 fortalecida a trav\u00e9s de la reposici\u00f3n y adquisici\u00f3n de maquinaria y avanzar con los estudios de ingenier\u00eda de dos importantes puentes, el Gran Pangal en la comuna de Ays\u00e9n y la Pasarela Pinuer en la comuna de Coyhaique.\u00a0 As\u00ed lo se\u00f1alaron, la Gobernadora Regional Andrea Mac\u00edas Palma y el Secretario Regional Ministerial de Obras P\u00fablicas Patricio Sanhueza Ulloa, en el marco de sesi\u00f3n del Consejo Regional de Ays\u00e9n esta semana.<\/p>\n<p style=\"text-align: justify;\">La Gobernadora Regional Andrea Mac\u00edas Palma destac\u00f3 la importancia de esta iniciativa, indicando que \u201ccomo Gobierno Regional estamos muy contentos, en lo personal como Ejecutivo, por la posibilidad de avanzar en esta modificaci\u00f3n que tiene mucho que ver con la voluntad que tuvo el gobierno a nivel nacional de poder asumir el financiamiento de la Ruta 7 y a partir de ello, presentarnos a nosotros una oportunidad para poder modificar este Convenio, de tal forma de liberar ciertos recursos que nos permitan ir en apoyo de otras iniciativas igual de necesarias y que no hab\u00edan sido consideradas en este Convenio. En ese sentido, el aporte que va hacer el Gobierno Regional para la adquisici\u00f3n de maquinaria va a permitir que Vialidad pueda fortalecer y robustecer el trabajo, y tambi\u00e9n recuperar aquel trabajo que hac\u00eda Vialidad y que a prop\u00f3sito de maquinaria que ya ha cumplido su vida \u00fatil y ya est\u00e1 en desuso, no han permitido seguir en esas funciones. As\u00ed que muy contentos, fue una aprobaci\u00f3n un\u00e1nime, y esto tambi\u00e9n da cuenta de un trabajo que se ha realizado en materia de seguimiento, comisi\u00f3n que est\u00e1 a cargo como Secretar\u00eda Ejecutiva el propio Ministerio a trav\u00e9s de su Direcci\u00f3n de Planeamiento, por lo tanto da muestra del trabajo colaborativo y coordinado para avanzar juntos en los desaf\u00edos que tenemos como regi\u00f3n\u201d.<\/p>\n<p style=\"text-align: justify;\">El acuerdo con el Gobierno Regional de Ays\u00e9n a trav\u00e9s de su Consejo Regional considera mantener en forma excepcional una iniciativa que ser\u00eda financiada con fondos del Gobierno Regional de Ays\u00e9n, y que es la pavimentaci\u00f3n de cinco kil\u00f3metros de la Ruta 7 sur en el sector norte de la ciudad de Cochrane. De esta forma, \u201cson dos importantes obras en las que ahora el Ministerio de Obras P\u00fablicas asume la inversi\u00f3n, como son la pavimentaci\u00f3n de la Ruta 7 Norte en el sector Fiordo Queulat hasta el puente Chucao y en la Ruta 7 sur el tramo Laguna Verde hasta Alcantarilla Cascada; se incorporan financieramente a los compromisos MOP tambi\u00e9n, el pavimento \u00a0desde el cruce Bah\u00eda Murta hasta el puente El Belga. Ser\u00e1n materia para la Comisi\u00f3n de Seguimiento del Convenio, pero sin compromiso financiero, la pavimentaci\u00f3n en la Ruta 7 de los tramos: Confluencia &#8211; Puente Chacabuco\u00a0 y\u00a0 Alcantarilla Cascada-San Sebasti\u00e1n. La inversi\u00f3n del Convenio crece, acercando los recursos a los 300 mil millones de pesos, entre las obras ejecutadas y las obras que tiene programadas el Ministerio de Obras P\u00fablicas\u201d, indic\u00f3 el SEREMI del MOP.<\/p>\n<p style=\"text-align: justify;\">Consultado al respecto, el Delegado Regional Presidencial Rodrigo Araya Morales manifest\u00f3 \u201cestamos cumpliendo la decisi\u00f3n de nuestro Presidente de que todos los gastos de pavimentaci\u00f3n de la Ruta 7 sean responsabilidad del Ministerio de Obras P\u00fablicas, del Gobierno, para que los recursos del Gobierno Regional puedan ser usados en otras prioridades. Esta redistribuci\u00f3n de recursos permitir\u00e1 que Vialidad mejore su capacidad de conservaci\u00f3n y de obras en otros caminos secundarios de la regi\u00f3n, lo que es tremendamente necesario para la conectividad de los habitantes de las diez comunas de nuestro territorio\u201d.<\/p>\n<p style=\"text-align: justify;\"><strong><u>NUEVO CONVENIO<\/u><\/strong><\/p>\n<p style=\"text-align: justify;\">El Ministerio de Obras P\u00fablicas continuar\u00e1 trabajando con el Gobierno Regional de Ays\u00e9n y su Consejo, en cuatro l\u00edneas de acci\u00f3n con el aporte de inversi\u00f3n para la renovaci\u00f3n del 23% del parque de maquinaria que el Ministerio de Obras P\u00fablicas a trav\u00e9s de la Direcci\u00f3n Regional de Vialidad tiene en la regi\u00f3n de Ays\u00e9n, la adquisici\u00f3n de nueva maquinaria para operaciones invernales (tales como el despeje de nieve y esparcido de sal, con la compra de camionetas multiprop\u00f3sitos con uso de nueva tecnolog\u00eda y capacidad de despeje de nieve); en el marco de la ejecuci\u00f3n del Plan de Mejoramiento para la Integraci\u00f3n y Conectividad regi\u00f3n de Ays\u00e9n y Provincia de Palena, se van a adquirir maquinarias y equipo de apoyo a la gesti\u00f3n y que permitir\u00e1 a Vialidad mayor autonom\u00eda en el desarrollo de su trabajo con la adquisici\u00f3n de equipos de sondajes, compra de drones con capacidad geod\u00e9sica o topograf\u00eda de precisi\u00f3n entre otros; y finalmente la adquisici\u00f3n de maquinaria para avanzar en caminos b\u00e1sicos o en carpetas estabilizadas con sellos asf\u00e1lticos.<\/p>\n<p style=\"text-align: justify;\">Relacionado con esta \u00faltima l\u00ednea, en la regi\u00f3n de Ays\u00e9n, la Oficina Provincial de Vialidad del Ministerio de Obras P\u00fablicas ha ido a la vanguardia en la ejecuci\u00f3n -desde el a\u00f1o pasado- en la aplicaci\u00f3n de una soluci\u00f3n de carpeta estabilizada en alrededor de 3 kil\u00f3metros en la Ruta 7 sur, en el tramo de acceso sur a Cochrane y en el camino San Lorenzo, teniendo en ambos sectores una buena respuesta ante solicitaciones de carga importantes y permanente en el tiempo. Este a\u00f1o, se espera completar 8 km aplicando esta soluci\u00f3n en la Ruta 7 Sur entre la confluencia de los r\u00edos Baker y Neff hasta Puerto Bertrand por el norte y al finalizar el gobierno del presidente Gabriel Boric la meta es tener 70 kil\u00f3metros terminados a trav\u00e9s de este sistema de soluci\u00f3n de carpeta estabilizada.<\/p>\n<p style=\"text-align: justify;\">Se va a extender el Convenio hasta el 2027 y adem\u00e1s, se sumar\u00e1 la participaci\u00f3n de la Direcci\u00f3n de Vialidad quienes est\u00e1n ejecutando las obras del Plan. Hasta hoy s\u00f3lo participaba la Direcci\u00f3n de Planeamiento como Secretaria Ejecutiva. Adem\u00e1s, se modificar\u00e1 el dise\u00f1o de dos puentes el Gran Pangal y el puente que va a reemplazar la pasarela Pinuer en Coyhaique y adem\u00e1s, hemos comprometido con el Gobierno Regional de Ays\u00e9n -no financiero- otras obras en el Convenio, como son la pavimentaci\u00f3n de la Ruta 7 Sur entre la confluencia Baker-Neff hasta el puente Chacabuco.<\/p>\n<p style=\"text-align: justify;\">Acompa\u00f1ado por los dirigentes de la Asociaci\u00f3n Nacional de Trabajadores de Vialidad Provincial Ays\u00e9n (ANATRAVIAL) Arturo Loiza y Daniel Cadin, Javier Ch\u00e1vez de ANATRAVIAL Provincial Coyhaique, Claudio Ritter de la Asociaci\u00f3n Nacional de Funcionarios de Vialidad (ANFAVIAL), Antonia C\u00e1rdenas y Jos\u00e9 Castillo de la Asociaci\u00f3n Nacional de Trabajadores del Ministerio de Obras P\u00fablicas (ANTMOP) y Fernando Castro de la Asociaci\u00f3n Nacional de Constructores Civiles y otros Profesionales del MOP (ANCCOP-MOP), el SEREMI del MOP particip\u00f3 en la sesi\u00f3n del Consejo Regional de Ays\u00e9n, oportunidad en la que los y las Consejeras Regionales le manifestaron su satisfacci\u00f3n por el trabajo conjunto realizado y valoraron gestiones efectuadas por la autoridad regional de Obras P\u00fablicas.<\/p>\n<p style=\"text-align: justify;\">\u201cAqu\u00ed hay un trabajo de varios meses. Felicitamos a nuestros equipos de la Direcci\u00f3n de Planeamiento y Planificaci\u00f3n de Vialidad, as\u00ed como al Departamento de Conservaci\u00f3n quienes han trabajo arduamente para contar de manera permanente con los presupuestos actualizados y con los insumos para avanzar en este Convenio. As\u00ed como tambi\u00e9n, han sido m\u00faltiples las reuniones que hemos sostenido con la Gobernadora Regional Andrea Mac\u00edas, y con las Consejeras y los Consejeros que conforman la Comisi\u00f3n de Seguimiento del Plan y la Comisi\u00f3n de Infraestructura, a quienes agradecemos haber alcanzado este tremendo acuerdo que beneficia sustancialmente a nuestros habitantes y a quienes nos visitan\u201d, afirm\u00f3 el SEREMI del MOP.<\/p>\n<p style=\"text-align: justify;\">Por su parte, el Dirigente de ANATRAVIAL de Vialidad Puerto Ays\u00e9n, Arturo Loiza Aguilante se\u00f1al\u00f3: \u201cFeliz por el aumento del presupuesto para el MOP y dentro de eso la redestinaci\u00f3n de dinero para la compra de maquinaria para la Direcci\u00f3n de Vialidad, as\u00ed que contento con todo lo que se logr\u00f3 hoy d\u00eda\u201d.<\/p>\n<p style=\"text-align: justify;\"><strong>\u00a0<\/strong><\/p>\n<\/div><\/section><\/div><div  style='height:50px' class='hr hr-invisible   avia-builder-el-6  el_after_av_one_full  el_before_av_social_share '><span class='hr-inner ' ><span class='hr-inner-style'><\/span><\/span><\/div><\/p>\n<div  class='av-social-sharing-box  avia-builder-el-7  el_after_av_hr  el_before_av_hr  '><div class='av-share-box'><h5 class='av-share-link-description av-no-toc '>Compartir esta noticia<\/h5><ul class='av-share-box-list noLightbox'><li class='av-share-link av-social-link-facebook' ><a target=\"_blank\" aria-label=\"Compartir en Facebook\" href='https:\/\/www.facebook.com\/sharer.php?u=https:\/\/radiorevelacionfm.cl\/?p=32758&#038;t=Incremento%20del%20aporte%20a%2070%25%20y%20nuevas%20iniciativas%20para%20conservaci%C3%B3n%20de%20caminos%20sella%20modificaci%C3%B3n%20de%20convenio%20de%20programaci%C3%B3n%20entre%20el%20MOP%20y%20GORE%20Ays%C3%A9n' aria-hidden='false' data-av_icon='\ue8f3' data-av_iconfont='entypo-fontello' title='' data-avia-related-tooltip='Compartir en Facebook' rel=\"noopener\"><span class='avia_hidden_link_text'>Compartir en Facebook<\/span><\/a><\/li><li class='av-share-link av-social-link-twitter' ><a target=\"_blank\" aria-label=\"Compartir en Twitter\" href='https:\/\/twitter.com\/share?text=Incremento%20del%20aporte%20a%2070%25%20y%20nuevas%20iniciativas%20para%20conservaci%C3%B3n%20de%20caminos%20sella%20modificaci%C3%B3n%20de%20convenio%20de%20programaci%C3%B3n%20entre%20el%20MOP%20y%20GORE%20Ays%C3%A9n&#038;url=https:\/\/radiorevelacionfm.cl\/?p=32758' aria-hidden='false' data-av_icon='\ue8f1' data-av_iconfont='entypo-fontello' title='' data-avia-related-tooltip='Compartir en Twitter' rel=\"noopener\"><span class='avia_hidden_link_text'>Compartir en Twitter<\/span><\/a><\/li><li class='av-share-link av-social-link-whatsapp' ><a target=\"_blank\" aria-label=\"Compartir en Whatsapp\" href='https:\/\/api.whatsapp.com\/send?text=https:\/\/radiorevelacionfm.cl\/?p=32758' aria-hidden='false' data-av_icon='\uf232' data-av_iconfont='entypo-fontello' title='' data-avia-related-tooltip='Compartir en Whatsapp' rel=\"noopener\"><span class='avia_hidden_link_text'>Compartir en Whatsapp<\/span><\/a><\/li><li class='av-share-link av-social-link-linkedin' ><a target=\"_blank\" aria-label=\"Compartir en LinkedIn\" href='https:\/\/linkedin.com\/shareArticle?mini=true&#038;title=Incremento%20del%20aporte%20a%2070%25%20y%20nuevas%20iniciativas%20para%20conservaci%C3%B3n%20de%20caminos%20sella%20modificaci%C3%B3n%20de%20convenio%20de%20programaci%C3%B3n%20entre%20el%20MOP%20y%20GORE%20Ays%C3%A9n&#038;url=https:\/\/radiorevelacionfm.cl\/?p=32758' aria-hidden='false' data-av_icon='\ue8fc' data-av_iconfont='entypo-fontello' title='' data-avia-related-tooltip='Compartir en LinkedIn' rel=\"noopener\"><span class='avia_hidden_link_text'>Compartir en LinkedIn<\/span><\/a><\/li><li class='av-share-link av-social-link-mail' ><a  aria-label=\"Compartir por correo\" href='mailto:?subject=Incremento%20del%20aporte%20a%2070%25%20y%20nuevas%20iniciativas%20para%20conservaci%C3%B3n%20de%20caminos%20sella%20modificaci%C3%B3n%20de%20convenio%20de%20programaci%C3%B3n%20entre%20el%20MOP%20y%20GORE%20Ays%C3%A9n&#038;body=https:\/\/radiorevelacionfm.cl\/?p=32758' aria-hidden='false' data-av_icon='\ue805' data-av_iconfont='entypo-fontello' title='' data-avia-related-tooltip='Compartir por correo'><span class='avia_hidden_link_text'>Compartir por correo<\/span><\/a><\/li><\/ul><\/div><\/div>\n<div  style='height:50px' class='hr hr-invisible   avia-builder-el-8  el_after_av_social_share  el_before_av_comments_list '><span class='hr-inner ' ><span class='hr-inner-style'><\/span><\/span><\/div>\n<div  class='av-buildercomment  av-blog-meta-html-info-disabled av-blog-meta-tag-disabled  '><\/div>\n","protected":false},"excerpt":{"rendered":"","protected":false},"author":1,"featured_media":32759,"comment_status":"open","ping_status":"open","sticky":false,"template":"","format":"standard","meta":{"footnotes":""},"categories":[38],"tags":[],"class_list":["post-32758","post","type-post","status-publish","format-standard","has-post-thumbnail","hentry","category-regional"],"jetpack_featured_media_url":"https:\/\/radiorevelacionfm.cl\/wp-content\/uploads\/2023\/07\/cinco-core-2_optimized.jpg","_links":{"self":[{"href":"https:\/\/radiorevelacionfm.cl\/index.php?rest_route=\/wp\/v2\/posts\/32758","targetHints":{"allow":["GET"]}}],"collection":[{"href":"https:\/\/radiorevelacionfm.cl\/index.php?rest_route=\/wp\/v2\/posts"}],"about":[{"href":"https:\/\/radiorevelacionfm.cl\/index.php?rest_route=\/wp\/v2\/types\/post"}],"author":[{"embeddable":true,"href":"https:\/\/radiorevelacionfm.cl\/index.php?rest_route=\/wp\/v2\/users\/1"}],"replies":[{"embeddable":true,"href":"https:\/\/radiorevelacionfm.cl\/index.php?rest_route=%2Fwp%2Fv2%2Fcomments&post=32758"}],"version-history":[{"count":1,"href":"https:\/\/radiorevelacionfm.cl\/index.php?rest_route=\/wp\/v2\/posts\/32758\/revisions"}],"predecessor-version":[{"id":32760,"href":"https:\/\/radiorevelacionfm.cl\/index.php?rest_route=\/wp\/v2\/posts\/32758\/revisions\/32760"}],"wp:featuredmedia":[{"embeddable":true,"href":"https:\/\/radiorevelacionfm.cl\/index.php?rest_route=\/wp\/v2\/media\/32759"}],"wp:attachment":[{"href":"https:\/\/radiorevelacionfm.cl\/index.php?rest_route=%2Fwp%2Fv2%2Fmedia&parent=32758"}],"wp:term":[{"taxonomy":"category","embeddable":true,"href":"https:\/\/radiorevelacionfm.cl\/index.php?rest_route=%2Fwp%2Fv2%2Fcategories&post=32758"},{"taxonomy":"post_tag","embeddable":true,"href":"https:\/\/radiorevelacionfm.cl\/index.php?rest_route=%2Fwp%2Fv2%2Ftags&post=32758"}],"curies":[{"name":"wp","href":"https:\/\/api.w.org\/{rel}","templated":true}]}}