{"id":32755,"date":"2023-07-07T20:34:46","date_gmt":"2023-07-07T23:34:46","guid":{"rendered":"https:\/\/radiorevelacionfm.cl\/?p=32755"},"modified":"2023-07-07T20:34:46","modified_gmt":"2023-07-07T23:34:46","slug":"en-total-27-proyectos-de-la-region-se-adjudicaron-el-fondo-de-fortalecimiento-de-organizaciones-de-interes-publico-2023","status":"publish","type":"post","link":"https:\/\/radiorevelacionfm.cl\/?p=32755","title":{"rendered":"En total 27 proyectos de la regi\u00f3n se adjudicaron el Fondo de Fortalecimiento de Organizaciones de Inter\u00e9s P\u00fablico 2023"},"content":{"rendered":"<div class=\"flex_column av_one_full  flex_column_div av-zero-column-padding first  avia-builder-el-0  el_before_av_one_full  avia-builder-el-first  \" style='border-radius:0px; '><div  class='avia-image-container  av-styling-    avia-builder-el-1  avia-builder-el-no-sibling  avia-align-center '  itemprop=\"image\" itemscope=\"itemscope\" itemtype=\"https:\/\/schema.org\/ImageObject\"  ><div class='avia-image-container-inner'><div class='avia-image-overlay-wrap'><img decoding=\"async\" class='wp-image-32756 avia-img-lazy-loading-not-32756 avia_image' src=\"https:\/\/radiorevelacionfm.cl\/wp-content\/uploads\/2023\/07\/img_3687-2-2_optimized-2.jpg\" alt='' title='img_3687-2-2_optimized-2' height=\"600\" width=\"900\"  itemprop=\"thumbnailUrl\" srcset=\"https:\/\/radiorevelacionfm.cl\/wp-content\/uploads\/2023\/07\/img_3687-2-2_optimized-2.jpg 900w, https:\/\/radiorevelacionfm.cl\/wp-content\/uploads\/2023\/07\/img_3687-2-2_optimized-2-300x200.jpg 300w, https:\/\/radiorevelacionfm.cl\/wp-content\/uploads\/2023\/07\/img_3687-2-2_optimized-2-768x512.jpg 768w, https:\/\/radiorevelacionfm.cl\/wp-content\/uploads\/2023\/07\/img_3687-2-2_optimized-2-705x470.jpg 705w, https:\/\/radiorevelacionfm.cl\/wp-content\/uploads\/2023\/07\/img_3687-2-2_optimized-2-450x300.jpg 450w, https:\/\/radiorevelacionfm.cl\/wp-content\/uploads\/2023\/07\/img_3687-2-2_optimized-2-600x400.jpg 600w\" sizes=\"(max-width: 900px) 100vw, 900px\" \/><\/div><\/div><\/div><\/div><div class=\"flex_column av_one_full  flex_column_div av-zero-column-padding first  avia-builder-el-2  el_after_av_one_full  el_before_av_one_full  column-top-margin\" style='border-radius:0px; '><section class=\"av_textblock_section \"  itemscope=\"itemscope\" itemtype=\"https:\/\/schema.org\/BlogPosting\" itemprop=\"blogPost\" ><div class='avia_textblock  '   itemprop=\"text\" ><p style=\"text-align: center;\"><strong><span style=\"font-size: 18pt;\">En total 27 proyectos de la regi\u00f3n se adjudicaron el Fondo de Fortalecimiento de Organizaciones de Inter\u00e9s P\u00fablico 2023<\/span><\/strong><\/p>\n<div id=\"gtx-trans\" style=\"position: absolute; left: -50px; top: 4.31534px;\">\n<div class=\"gtx-trans-icon\"><\/div>\n<\/div>\n<\/div><\/section><\/div><div class=\"flex_column av_one_full  flex_column_div av-zero-column-padding first  avia-builder-el-4  el_after_av_one_full  el_before_av_hr  column-top-margin\" style='border-radius:0px; '><section class=\"av_textblock_section \"  itemscope=\"itemscope\" itemtype=\"https:\/\/schema.org\/BlogPosting\" itemprop=\"blogPost\" ><div class='avia_textblock  '   itemprop=\"text\" ><p class=\"v1MsoNormal\" style=\"text-align: justify;\">En el sal\u00f3n Padre Antonio Ronchi del Gobierno Regional de Ays\u00e9n se realiz\u00f3 este jueves la ceremonia de adjudicaci\u00f3n del <a href=\"https:\/\/fondodefortalecimiento.gob.cl\/\" target=\"_blank\" rel=\"noopener noreferrer\">Fondo de Fortalecimiento de Organizaciones de Inter\u00e9s P\u00fablico (Ffoip<\/a>), otorgado por el Ministerio Secretar\u00eda General de Gobierno. La actividad fue encabezada por la subsecretaria de la cartera, Nicole Cardoch Ramos; el delegado presidencial regional, Rodrigo Araya Morales y la seremi de Gobierno, Tatiana Pl\u00e1 \u00c1lvarez, quienes entregaron los\u00a0 certificados de adjudicaci\u00f3n a las y los representantes de los proyectos que se adjudicaron el fondo.<\/p>\n<p class=\"v1MsoNormal\" style=\"text-align: justify;\">A nivel regional, 87 iniciativas participaron en el concurso 2023 del Fondo de Fortalecimiento, de las cuales, 81 cumpl\u00edan con los requisitos establecidos en las bases del concurso. Finalmente, un total de 27 proyectos fueron seleccionados para los fondos de este a\u00f1o en la Regi\u00f3n de Ays\u00e9n. Las iniciativas pertenecen a organizaciones sociales presentes en las cuatro provincias que conforman la regi\u00f3n.<\/p>\n<p class=\"v1MsoNormal\" style=\"text-align: justify;\">La subsecretaria de la Secretar\u00eda General de Gobierno, Nicole Cardoch Ramos, afirm\u00f3 que \u00abcomo Ministerio de Secretar\u00eda General de Gobierno estamos muy contentos de poder estar presente en todas las regiones de nuestro pa\u00eds, en espec\u00edfico en la Regi\u00f3n de Ays\u00e9n, en una regi\u00f3n que adem\u00e1s tiene tantas urgencias y necesidades de nuestras organizaciones sociales\u00bb. Sobre los proyectos que se adjudicaron el fondo, la autoridad destac\u00f3 que \u00abhoy d\u00eda pudimos beneficiar a 27 proyectos e iniciativas de distintas organizaciones que van a impactar a sus vecinos y vecinas de las distintas comunas\u00bb.<\/p>\n<p class=\"v1MsoNormal\" style=\"text-align: justify;\">Los beneficiarios recibieron un m\u00e1ximo de $2 millones para proyectos de alcance comunal y un l\u00edmite de $4 millones para aquellos de car\u00e1cter regional. En total, la convocatoria del Ffoip de este a\u00f1o entreg\u00f3 un total de $53 millones en la Regi\u00f3n de Ays\u00e9n.<\/p>\n<p class=\"v1MsoNormal\" style=\"text-align: justify;\">En el concurso Ffoip 2023 se puso \u00e9nfasis en los proyectos que promueven la participaci\u00f3n ciudadana y la asociatividad. En ese contexto, el delegado presidencial regional de Ays\u00e9n, Rodrigo Araya Morales, destac\u00f3 \u00abel esfuerzo que hacen las agrupaciones de inter\u00e9s p\u00fablico, pero que en el fondo representan a grupos de personas que creen en la solidaridad, que creen en lo importante de organizarse para obtener los beneficios que van m\u00e1s all\u00e1 de sus propias familia. Eso nosotros destacamos, forma parte de lo que nuestro Gobierno visualiza a futuro\u00bb.<\/p>\n<p class=\"v1MsoNormal\" style=\"text-align: justify;\">Este a\u00f1o, las postulaciones a este fondo registraron un aumento de un 107% en la Regi\u00f3n de Ays\u00e9n, en comparaci\u00f3n con la convocatoria 2022. La seremi de Gobierno, Tatiana Pl\u00e1 \u00c1lvarez destac\u00f3 que este aumento \u00abes fruto del trabajo y el objetivo que ten\u00edamos como Seremi en la Regi\u00f3n de Ays\u00e9n de que, efectivamente, dada la extensi\u00f3n de nuestra regi\u00f3n, pudi\u00e9semos llegar a cada rinc\u00f3n con el Fondo de Fortalecimiento. Estuvimos en las cuatro capitales provinciales haciendo jornadas de difusi\u00f3n\u00bb.<\/p>\n<p class=\"v1MsoNormal\" style=\"text-align: justify;\">A nivel nacional, las postulaciones al Ffoip registraron un aumento de un 30% respecto de 2022, con un total de 3.063 proyectos, de los cuales, 614 fueron adjudicadas con recursos que fluct\u00faan entre los $2 millones y los $10 millones. Las iniciativas seleccionadas fueron sometidas a evaluaci\u00f3n por parte de los equipos t\u00e9cnicos del Ministerio y la adjudicaci\u00f3n de recursos fue realizada por los consejos nacional y regional del Ffoip, conformados por representantes de la sociedad civil, los gobiernos regionales y los ministerios de Desarrollo Social y Hacienda.<\/p>\n<p class=\"v1MsoNormal\" style=\"text-align: justify;\">A lo largo de su historia, el Fondo de Fortalecimiento de Organizaciones de Inter\u00e9s P\u00fablico ha beneficiado a m\u00e1s 26.000 proyectos en todo Chile, apoyando la realizaci\u00f3n de proyectos que apuntan al fortalecimiento tanto de las organizaciones sociales, como de las comunidades donde se encuentran.<\/p>\n<p class=\"v1MsoNormal\" style=\"text-align: justify;\">Para m\u00e1s informaci\u00f3n sobre el Fondo de Fortalecimiento de Organizaciones de Inter\u00e9s P\u00fablico\u00a0 visita<a href=\"https:\/\/fondodefortalecimiento.gob.cl\/\" target=\"_blank\" rel=\"noopener noreferrer\">https:\/\/fondodefortalecimiento.gob.cl\/<\/a><\/p>\n<\/div><\/section><\/div><div  style='height:50px' class='hr hr-invisible   avia-builder-el-6  el_after_av_one_full  el_before_av_social_share '><span class='hr-inner ' ><span class='hr-inner-style'><\/span><\/span><\/div><\/p>\n<div  class='av-social-sharing-box  avia-builder-el-7  el_after_av_hr  el_before_av_hr  '><div class='av-share-box'><h5 class='av-share-link-description av-no-toc '>Compartir esta noticia<\/h5><ul class='av-share-box-list noLightbox'><li class='av-share-link av-social-link-facebook' ><a target=\"_blank\" aria-label=\"Compartir en Facebook\" href='https:\/\/www.facebook.com\/sharer.php?u=https:\/\/radiorevelacionfm.cl\/?p=32755&#038;t=En%20total%2027%20proyectos%20de%20la%20regi%C3%B3n%20se%20adjudicaron%20el%20Fondo%20de%20Fortalecimiento%20de%20Organizaciones%20de%20Inter%C3%A9s%20P%C3%BAblico%202023' aria-hidden='false' data-av_icon='\ue8f3' data-av_iconfont='entypo-fontello' title='' data-avia-related-tooltip='Compartir en Facebook' rel=\"noopener\"><span class='avia_hidden_link_text'>Compartir en Facebook<\/span><\/a><\/li><li class='av-share-link av-social-link-twitter' ><a target=\"_blank\" aria-label=\"Compartir en Twitter\" href='https:\/\/twitter.com\/share?text=En%20total%2027%20proyectos%20de%20la%20regi%C3%B3n%20se%20adjudicaron%20el%20Fondo%20de%20Fortalecimiento%20de%20Organizaciones%20de%20Inter%C3%A9s%20P%C3%BAblico%202023&#038;url=https:\/\/radiorevelacionfm.cl\/?p=32755' aria-hidden='false' data-av_icon='\ue8f1' data-av_iconfont='entypo-fontello' title='' data-avia-related-tooltip='Compartir en Twitter' rel=\"noopener\"><span class='avia_hidden_link_text'>Compartir en Twitter<\/span><\/a><\/li><li class='av-share-link av-social-link-whatsapp' ><a target=\"_blank\" aria-label=\"Compartir en Whatsapp\" href='https:\/\/api.whatsapp.com\/send?text=https:\/\/radiorevelacionfm.cl\/?p=32755' aria-hidden='false' data-av_icon='\uf232' data-av_iconfont='entypo-fontello' title='' data-avia-related-tooltip='Compartir en Whatsapp' rel=\"noopener\"><span class='avia_hidden_link_text'>Compartir en Whatsapp<\/span><\/a><\/li><li class='av-share-link av-social-link-linkedin' ><a target=\"_blank\" aria-label=\"Compartir en LinkedIn\" href='https:\/\/linkedin.com\/shareArticle?mini=true&#038;title=En%20total%2027%20proyectos%20de%20la%20regi%C3%B3n%20se%20adjudicaron%20el%20Fondo%20de%20Fortalecimiento%20de%20Organizaciones%20de%20Inter%C3%A9s%20P%C3%BAblico%202023&#038;url=https:\/\/radiorevelacionfm.cl\/?p=32755' aria-hidden='false' data-av_icon='\ue8fc' data-av_iconfont='entypo-fontello' title='' data-avia-related-tooltip='Compartir en LinkedIn' rel=\"noopener\"><span class='avia_hidden_link_text'>Compartir en LinkedIn<\/span><\/a><\/li><li class='av-share-link av-social-link-mail' ><a  aria-label=\"Compartir por correo\" href='mailto:?subject=En%20total%2027%20proyectos%20de%20la%20regi%C3%B3n%20se%20adjudicaron%20el%20Fondo%20de%20Fortalecimiento%20de%20Organizaciones%20de%20Inter%C3%A9s%20P%C3%BAblico%202023&#038;body=https:\/\/radiorevelacionfm.cl\/?p=32755' aria-hidden='false' data-av_icon='\ue805' data-av_iconfont='entypo-fontello' title='' data-avia-related-tooltip='Compartir por correo'><span class='avia_hidden_link_text'>Compartir por correo<\/span><\/a><\/li><\/ul><\/div><\/div>\n<div  style='height:50px' class='hr hr-invisible   avia-builder-el-8  el_after_av_social_share  el_before_av_comments_list '><span class='hr-inner ' ><span class='hr-inner-style'><\/span><\/span><\/div>\n<div  class='av-buildercomment  av-blog-meta-html-info-disabled av-blog-meta-tag-disabled  '><\/div>\n","protected":false},"excerpt":{"rendered":"","protected":false},"author":1,"featured_media":32756,"comment_status":"open","ping_status":"open","sticky":false,"template":"","format":"standard","meta":{"footnotes":""},"categories":[38],"tags":[],"class_list":["post-32755","post","type-post","status-publish","format-standard","has-post-thumbnail","hentry","category-regional"],"jetpack_featured_media_url":"https:\/\/radiorevelacionfm.cl\/wp-content\/uploads\/2023\/07\/img_3687-2-2_optimized-2.jpg","_links":{"self":[{"href":"https:\/\/radiorevelacionfm.cl\/index.php?rest_route=\/wp\/v2\/posts\/32755","targetHints":{"allow":["GET"]}}],"collection":[{"href":"https:\/\/radiorevelacionfm.cl\/index.php?rest_route=\/wp\/v2\/posts"}],"about":[{"href":"https:\/\/radiorevelacionfm.cl\/index.php?rest_route=\/wp\/v2\/types\/post"}],"author":[{"embeddable":true,"href":"https:\/\/radiorevelacionfm.cl\/index.php?rest_route=\/wp\/v2\/users\/1"}],"replies":[{"embeddable":true,"href":"https:\/\/radiorevelacionfm.cl\/index.php?rest_route=%2Fwp%2Fv2%2Fcomments&post=32755"}],"version-history":[{"count":1,"href":"https:\/\/radiorevelacionfm.cl\/index.php?rest_route=\/wp\/v2\/posts\/32755\/revisions"}],"predecessor-version":[{"id":32757,"href":"https:\/\/radiorevelacionfm.cl\/index.php?rest_route=\/wp\/v2\/posts\/32755\/revisions\/32757"}],"wp:featuredmedia":[{"embeddable":true,"href":"https:\/\/radiorevelacionfm.cl\/index.php?rest_route=\/wp\/v2\/media\/32756"}],"wp:attachment":[{"href":"https:\/\/radiorevelacionfm.cl\/index.php?rest_route=%2Fwp%2Fv2%2Fmedia&parent=32755"}],"wp:term":[{"taxonomy":"category","embeddable":true,"href":"https:\/\/radiorevelacionfm.cl\/index.php?rest_route=%2Fwp%2Fv2%2Fcategories&post=32755"},{"taxonomy":"post_tag","embeddable":true,"href":"https:\/\/radiorevelacionfm.cl\/index.php?rest_route=%2Fwp%2Fv2%2Ftags&post=32755"}],"curies":[{"name":"wp","href":"https:\/\/api.w.org\/{rel}","templated":true}]}}