{"id":32750,"date":"2023-07-07T17:57:45","date_gmt":"2023-07-07T20:57:45","guid":{"rendered":"https:\/\/radiorevelacionfm.cl\/?p=32750"},"modified":"2023-07-07T18:05:25","modified_gmt":"2023-07-07T21:05:25","slug":"alegoria-patriotica-del-combate-de-la-concepcion-realizo-el-destacamento-motorizado-n14-aysen","status":"publish","type":"post","link":"https:\/\/radiorevelacionfm.cl\/?p=32750","title":{"rendered":"Alegor\u00eda patri\u00f3tica del \u201cCombate de la Concepci\u00f3n\u201d realiz\u00f3 el Destacamento Motorizado N\u00b014 \u201cAys\u00e9n\u201d"},"content":{"rendered":"<div class=\"flex_column av_one_full  flex_column_div av-zero-column-padding first  avia-builder-el-0  el_before_av_one_full  avia-builder-el-first  \" style='border-radius:0px; '><div  class='avia-image-container  av-styling-    avia-builder-el-1  avia-builder-el-no-sibling  avia-align-center '  itemprop=\"image\" itemscope=\"itemscope\" itemtype=\"https:\/\/schema.org\/ImageObject\"  ><div class='avia-image-container-inner'><div class='avia-image-overlay-wrap'><img decoding=\"async\" class='wp-image-32753 avia-img-lazy-loading-not-32753 avia_image' src=\"https:\/\/radiorevelacionfm.cl\/wp-content\/uploads\/2023\/07\/WhatsApp-Image-2023-07-06-at-18.23.52-1-2-2.jpeg\" alt='' title='WhatsApp Image 2023-07-06 at 18.23.52 (1)-2-2' height=\"600\" width=\"1236\"  itemprop=\"thumbnailUrl\" srcset=\"https:\/\/radiorevelacionfm.cl\/wp-content\/uploads\/2023\/07\/WhatsApp-Image-2023-07-06-at-18.23.52-1-2-2.jpeg 1236w, https:\/\/radiorevelacionfm.cl\/wp-content\/uploads\/2023\/07\/WhatsApp-Image-2023-07-06-at-18.23.52-1-2-2-300x146.jpeg 300w, https:\/\/radiorevelacionfm.cl\/wp-content\/uploads\/2023\/07\/WhatsApp-Image-2023-07-06-at-18.23.52-1-2-2-1030x500.jpeg 1030w, https:\/\/radiorevelacionfm.cl\/wp-content\/uploads\/2023\/07\/WhatsApp-Image-2023-07-06-at-18.23.52-1-2-2-768x373.jpeg 768w, https:\/\/radiorevelacionfm.cl\/wp-content\/uploads\/2023\/07\/WhatsApp-Image-2023-07-06-at-18.23.52-1-2-2-705x342.jpeg 705w, https:\/\/radiorevelacionfm.cl\/wp-content\/uploads\/2023\/07\/WhatsApp-Image-2023-07-06-at-18.23.52-1-2-2-450x218.jpeg 450w, https:\/\/radiorevelacionfm.cl\/wp-content\/uploads\/2023\/07\/WhatsApp-Image-2023-07-06-at-18.23.52-1-2-2-600x291.jpeg 600w\" sizes=\"(max-width: 1236px) 100vw, 1236px\" \/><\/div><\/div><\/div><\/div><div class=\"flex_column av_one_full  flex_column_div av-zero-column-padding first  avia-builder-el-2  el_after_av_one_full  el_before_av_one_full  column-top-margin\" style='border-radius:0px; '><section class=\"av_textblock_section \"  itemscope=\"itemscope\" itemtype=\"https:\/\/schema.org\/BlogPosting\" itemprop=\"blogPost\" ><div class='avia_textblock  '   itemprop=\"text\" ><p style=\"text-align: center;\"><span style=\"font-size: 18pt;\"><strong>Alegor\u00eda patri\u00f3tica del \u201cCombate de la Concepci\u00f3n\u201d realiz\u00f3 el Destacamento Motorizado N\u00b014 \u201cAys\u00e9n\u201d<\/strong><\/span><\/p>\n<div id=\"gtx-trans\" style=\"position: absolute; left: -50px; top: 4.31534px;\">\n<div class=\"gtx-trans-icon\"><\/div>\n<\/div>\n<\/div><\/section><\/div><\/p>\n<div class=\"flex_column av_one_full  flex_column_div av-zero-column-padding first  avia-builder-el-4  el_after_av_one_full  el_before_av_hr  column-top-margin\" style='border-radius:0px; '><section class=\"av_textblock_section \"  itemscope=\"itemscope\" itemtype=\"https:\/\/schema.org\/BlogPosting\" itemprop=\"blogPost\" ><div class='avia_textblock  '   itemprop=\"text\" ><div>\n<p style=\"text-align: justify;\"><span lang=\"ES\">En el auditorio del Campo Militar \u201cCoyhaique\u201d, el Destacamento Motorizado N\u00b014 \u201cAys\u00e9n\u201d, present\u00f3 la alegor\u00eda patri\u00f3tica alusiva al \u201cCombate de La Concepci\u00f3n.<\/span><\/p>\n<\/div>\n<div style=\"text-align: justify;\">\n<p><span lang=\"ES\">En la oportunidad, integrantes del Batall\u00f3n de Infanter\u00eda Liviano N\u00b0 26 \u201cAys\u00e9n\u201d recrearon los acontecimientos del 9 y 10 de julio del a\u00f1o 1882, hace ya 141 a\u00f1os, en que en lejanas tierras extranjeras se inmolaron por la patria 77 soldados, al mando del Capit\u00e1n Ignacio Carrera Pinto. <\/span><\/p>\n<\/div>\n<div>\n<p style=\"text-align: justify;\"><span lang=\"ES\">Cabe destacar, que dicha actividad se desarrolla previa al Juramento a la Bandera, donde se sella el compromiso entre el soldado y la patria comprometi\u00e9ndose a entregar el m\u00e1ximo de si, hasta rendir la vida si fuese necesario.<\/span><\/p>\n<\/div>\n<\/div><\/section><\/div>\n<div  style='height:50px' class='hr hr-invisible   avia-builder-el-6  el_after_av_one_full  el_before_av_social_share '><span class='hr-inner ' ><span class='hr-inner-style'><\/span><\/span><\/div>\n<div  class='av-social-sharing-box  avia-builder-el-7  el_after_av_hr  el_before_av_hr  '><div class='av-share-box'><h5 class='av-share-link-description av-no-toc '>Compartir esta noticia<\/h5><ul class='av-share-box-list noLightbox'><li class='av-share-link av-social-link-facebook' ><a target=\"_blank\" aria-label=\"Compartir en Facebook\" href='https:\/\/www.facebook.com\/sharer.php?u=https:\/\/radiorevelacionfm.cl\/?p=32750&#038;t=Alegor%C3%ADa%20patri%C3%B3tica%20del%20%E2%80%9CCombate%20de%20la%20Concepci%C3%B3n%E2%80%9D%20realiz%C3%B3%20el%20Destacamento%20Motorizado%20N%C2%B014%20%E2%80%9CAys%C3%A9n%E2%80%9D' aria-hidden='false' data-av_icon='\ue8f3' data-av_iconfont='entypo-fontello' title='' data-avia-related-tooltip='Compartir en Facebook' rel=\"noopener\"><span class='avia_hidden_link_text'>Compartir en Facebook<\/span><\/a><\/li><li class='av-share-link av-social-link-twitter' ><a target=\"_blank\" aria-label=\"Compartir en Twitter\" href='https:\/\/twitter.com\/share?text=Alegor%C3%ADa%20patri%C3%B3tica%20del%20%E2%80%9CCombate%20de%20la%20Concepci%C3%B3n%E2%80%9D%20realiz%C3%B3%20el%20Destacamento%20Motorizado%20N%C2%B014%20%E2%80%9CAys%C3%A9n%E2%80%9D&#038;url=https:\/\/radiorevelacionfm.cl\/?p=32750' aria-hidden='false' data-av_icon='\ue8f1' data-av_iconfont='entypo-fontello' title='' data-avia-related-tooltip='Compartir en Twitter' rel=\"noopener\"><span class='avia_hidden_link_text'>Compartir en Twitter<\/span><\/a><\/li><li class='av-share-link av-social-link-whatsapp' ><a target=\"_blank\" aria-label=\"Compartir en Whatsapp\" href='https:\/\/api.whatsapp.com\/send?text=https:\/\/radiorevelacionfm.cl\/?p=32750' aria-hidden='false' data-av_icon='\uf232' data-av_iconfont='entypo-fontello' title='' data-avia-related-tooltip='Compartir en Whatsapp' rel=\"noopener\"><span class='avia_hidden_link_text'>Compartir en Whatsapp<\/span><\/a><\/li><li class='av-share-link av-social-link-linkedin' ><a target=\"_blank\" aria-label=\"Compartir en LinkedIn\" href='https:\/\/linkedin.com\/shareArticle?mini=true&#038;title=Alegor%C3%ADa%20patri%C3%B3tica%20del%20%E2%80%9CCombate%20de%20la%20Concepci%C3%B3n%E2%80%9D%20realiz%C3%B3%20el%20Destacamento%20Motorizado%20N%C2%B014%20%E2%80%9CAys%C3%A9n%E2%80%9D&#038;url=https:\/\/radiorevelacionfm.cl\/?p=32750' aria-hidden='false' data-av_icon='\ue8fc' data-av_iconfont='entypo-fontello' title='' data-avia-related-tooltip='Compartir en LinkedIn' rel=\"noopener\"><span class='avia_hidden_link_text'>Compartir en LinkedIn<\/span><\/a><\/li><li class='av-share-link av-social-link-mail' ><a  aria-label=\"Compartir por correo\" href='mailto:?subject=Alegor%C3%ADa%20patri%C3%B3tica%20del%20%E2%80%9CCombate%20de%20la%20Concepci%C3%B3n%E2%80%9D%20realiz%C3%B3%20el%20Destacamento%20Motorizado%20N%C2%B014%20%E2%80%9CAys%C3%A9n%E2%80%9D&#038;body=https:\/\/radiorevelacionfm.cl\/?p=32750' aria-hidden='false' data-av_icon='\ue805' data-av_iconfont='entypo-fontello' title='' data-avia-related-tooltip='Compartir por correo'><span class='avia_hidden_link_text'>Compartir por correo<\/span><\/a><\/li><\/ul><\/div><\/div>\n<div  style='height:50px' class='hr hr-invisible   avia-builder-el-8  el_after_av_social_share  el_before_av_comments_list '><span class='hr-inner ' ><span class='hr-inner-style'><\/span><\/span><\/div>\n<div  class='av-buildercomment  av-blog-meta-html-info-disabled av-blog-meta-tag-disabled  '><\/div>\n","protected":false},"excerpt":{"rendered":"","protected":false},"author":1,"featured_media":32753,"comment_status":"open","ping_status":"open","sticky":false,"template":"","format":"standard","meta":{"footnotes":""},"categories":[38],"tags":[],"class_list":["post-32750","post","type-post","status-publish","format-standard","has-post-thumbnail","hentry","category-regional"],"jetpack_featured_media_url":"https:\/\/radiorevelacionfm.cl\/wp-content\/uploads\/2023\/07\/WhatsApp-Image-2023-07-06-at-18.23.52-1-2-2.jpeg","_links":{"self":[{"href":"https:\/\/radiorevelacionfm.cl\/index.php?rest_route=\/wp\/v2\/posts\/32750","targetHints":{"allow":["GET"]}}],"collection":[{"href":"https:\/\/radiorevelacionfm.cl\/index.php?rest_route=\/wp\/v2\/posts"}],"about":[{"href":"https:\/\/radiorevelacionfm.cl\/index.php?rest_route=\/wp\/v2\/types\/post"}],"author":[{"embeddable":true,"href":"https:\/\/radiorevelacionfm.cl\/index.php?rest_route=\/wp\/v2\/users\/1"}],"replies":[{"embeddable":true,"href":"https:\/\/radiorevelacionfm.cl\/index.php?rest_route=%2Fwp%2Fv2%2Fcomments&post=32750"}],"version-history":[{"count":2,"href":"https:\/\/radiorevelacionfm.cl\/index.php?rest_route=\/wp\/v2\/posts\/32750\/revisions"}],"predecessor-version":[{"id":32754,"href":"https:\/\/radiorevelacionfm.cl\/index.php?rest_route=\/wp\/v2\/posts\/32750\/revisions\/32754"}],"wp:featuredmedia":[{"embeddable":true,"href":"https:\/\/radiorevelacionfm.cl\/index.php?rest_route=\/wp\/v2\/media\/32753"}],"wp:attachment":[{"href":"https:\/\/radiorevelacionfm.cl\/index.php?rest_route=%2Fwp%2Fv2%2Fmedia&parent=32750"}],"wp:term":[{"taxonomy":"category","embeddable":true,"href":"https:\/\/radiorevelacionfm.cl\/index.php?rest_route=%2Fwp%2Fv2%2Fcategories&post=32750"},{"taxonomy":"post_tag","embeddable":true,"href":"https:\/\/radiorevelacionfm.cl\/index.php?rest_route=%2Fwp%2Fv2%2Ftags&post=32750"}],"curies":[{"name":"wp","href":"https:\/\/api.w.org\/{rel}","templated":true}]}}