{"id":32747,"date":"2023-07-07T17:32:14","date_gmt":"2023-07-07T20:32:14","guid":{"rendered":"https:\/\/radiorevelacionfm.cl\/?p=32747"},"modified":"2023-07-07T17:32:14","modified_gmt":"2023-07-07T20:32:14","slug":"junaeb-asigna-mas-de-6-800-becas-a-estudiantes-de-la-region-de-aysen","status":"publish","type":"post","link":"https:\/\/radiorevelacionfm.cl\/?p=32747","title":{"rendered":"Junaeb asigna m\u00e1s de 6.800 becas a estudiantes de la regi\u00f3n de Ays\u00e9n"},"content":{"rendered":"<div class=\"flex_column av_one_full  flex_column_div av-zero-column-padding first  avia-builder-el-0  el_before_av_one_full  avia-builder-el-first  \" style='border-radius:0px; '><div  class='avia-image-container  av-styling-    avia-builder-el-1  avia-builder-el-no-sibling  avia-align-center '  itemprop=\"image\" itemscope=\"itemscope\" itemtype=\"https:\/\/schema.org\/ImageObject\"  ><div class='avia-image-container-inner'><div class='avia-image-overlay-wrap'><img decoding=\"async\" class='wp-image-32748 avia-img-lazy-loading-not-32748 avia_image' src=\"https:\/\/radiorevelacionfm.cl\/wp-content\/uploads\/2023\/07\/IMG_8266-2-2.jpg\" alt='' title='IMG_8266-2-2' height=\"600\" width=\"1005\"  itemprop=\"thumbnailUrl\" srcset=\"https:\/\/radiorevelacionfm.cl\/wp-content\/uploads\/2023\/07\/IMG_8266-2-2.jpg 1005w, https:\/\/radiorevelacionfm.cl\/wp-content\/uploads\/2023\/07\/IMG_8266-2-2-300x179.jpg 300w, https:\/\/radiorevelacionfm.cl\/wp-content\/uploads\/2023\/07\/IMG_8266-2-2-768x459.jpg 768w, https:\/\/radiorevelacionfm.cl\/wp-content\/uploads\/2023\/07\/IMG_8266-2-2-705x421.jpg 705w, https:\/\/radiorevelacionfm.cl\/wp-content\/uploads\/2023\/07\/IMG_8266-2-2-450x269.jpg 450w, https:\/\/radiorevelacionfm.cl\/wp-content\/uploads\/2023\/07\/IMG_8266-2-2-600x358.jpg 600w\" sizes=\"(max-width: 1005px) 100vw, 1005px\" \/><\/div><\/div><\/div><\/div><div class=\"flex_column av_one_full  flex_column_div av-zero-column-padding first  avia-builder-el-2  el_after_av_one_full  el_before_av_one_full  column-top-margin\" style='border-radius:0px; '><section class=\"av_textblock_section \"  itemscope=\"itemscope\" itemtype=\"https:\/\/schema.org\/BlogPosting\" itemprop=\"blogPost\" ><div class='avia_textblock  '   itemprop=\"text\" ><p style=\"text-align: center;\"><strong><span style=\"font-size: 18pt;\">Junaeb asigna m\u00e1s de 6.800 becas a estudiantes de la regi\u00f3n de Ays\u00e9n<\/span><\/strong><\/p>\n<div id=\"gtx-trans\" style=\"position: absolute; left: -50px; top: 4.31534px;\">\n<div class=\"gtx-trans-icon\"><\/div>\n<\/div>\n<\/div><\/section><\/div><div class=\"flex_column av_one_full  flex_column_div av-zero-column-padding first  avia-builder-el-4  el_after_av_one_full  el_before_av_hr  column-top-margin\" style='border-radius:0px; '><section class=\"av_textblock_section \"  itemscope=\"itemscope\" itemtype=\"https:\/\/schema.org\/BlogPosting\" itemprop=\"blogPost\" ><div class='avia_textblock  '   itemprop=\"text\" ><p style=\"text-align: justify;\">Un total de 6.879 becas otorg\u00f3 la Junta Nacional de Auxilio Escolar y Becas (Junaeb) en la Regi\u00f3n de Ays\u00e9n, con una inversi\u00f3n que supera los 10.800 millones de pesos, tras el cierre del proceso de asignaci\u00f3n de beneficios estudiantiles que comienza en marzo de cada a\u00f1o.<\/p>\n<p style=\"text-align: justify;\">As\u00ed lo informaron el Delegado Presidencial Regional de Ays\u00e9n, Rodrigo Araya, y el director regional de Junaeb, Manuel Vivar, al presentar los detalles del proceso dirigido a apoyar los procesos formativos de alumnas y alumnos que cursen estudios tanto dentro como fuera de esta regi\u00f3n.<\/p>\n<p style=\"text-align: justify;\">El Delegado Rodrigo Araya destac\u00f3 la relevancia de las becas de educaci\u00f3n superior, que representan cerca del 65% de la cantidad de becas asignadas y cerca del 85% del presupuesto total. En este sentido, precis\u00f3 que se iniciaron inmediatamente las gestiones para aumentar cupos en el caso de becas regionales de educaci\u00f3n superior.<\/p>\n<p style=\"text-align: justify;\">\u201cDesde las nueve de la ma\u00f1ana los estudiantes tienen acceso a la informaci\u00f3n correspondiente. Hemos podido cerrar el proceso y dar la informaci\u00f3n a las familias que tanto lo necesitan. Con respecto a las personas que cumplen con los requisitos, pero no han alcanzado, estamos haciendo gestiones a nivel ministerial y de Junaeb nacional para obtener los recursos que permitan solucionar esa problem\u00e1tica\u201d, indic\u00f3 Rodrigo Araya.<\/p>\n<p style=\"text-align: justify;\">El proceso de entrega de becas liderado por la Junaeb en la regi\u00f3n, comienza garantizando y asignando las becas a los estudiantes renovantes que cumplieron los\u00a0requisitos establecidos para cada una de ellas. En educaci\u00f3n superior, la asignaci\u00f3n para renovantes fue 2.963 becas, representando cerca del 68% del total de becas asignadas.<\/p>\n<p style=\"text-align: justify;\">\u201cCon esta asignaci\u00f3n ya nos encontramos cerrando el proceso, entregando gran parte de los cupos disponibles para quienes cumplen con los requisitos en las distintas becas, sin duda es un proceso complejo e intenso donde buscamos dar respuesta a las necesidades de las y los estudiantes y sus familias para contribuir con\u00a0sus procesos formativos. En primera instancia aseguramos la asignaci\u00f3n de becas para los renovantes de becas y durante junio y julio, la prioridad es hacer la asignaci\u00f3n para estudiantes nuevos de educaci\u00f3n superior\u201d, precis\u00f3 Manuel Vivar.<\/p>\n<p style=\"text-align: justify;\">Cabe se\u00f1alar que\u00a0durante los meses de junio y julio se realiza el proceso de entrega de becas regionales de educaci\u00f3n superior para las y los postulantes nuevos tanto de la beca Ays\u00e9n, Patagonia e Integraci\u00f3n Regional, asignando a la fecha un total de 1.424 becas.<\/p>\n<\/div><\/section><\/div><div  style='height:50px' class='hr hr-invisible   avia-builder-el-6  el_after_av_one_full  el_before_av_social_share '><span class='hr-inner ' ><span class='hr-inner-style'><\/span><\/span><\/div><\/p>\n<div  class='av-social-sharing-box  avia-builder-el-7  el_after_av_hr  el_before_av_hr  '><div class='av-share-box'><h5 class='av-share-link-description av-no-toc '>Compartir esta noticia<\/h5><ul class='av-share-box-list noLightbox'><li class='av-share-link av-social-link-facebook' ><a target=\"_blank\" aria-label=\"Compartir en Facebook\" href='https:\/\/www.facebook.com\/sharer.php?u=https:\/\/radiorevelacionfm.cl\/?p=32747&#038;t=Junaeb%20asigna%20m%C3%A1s%20de%206.800%20becas%20a%20estudiantes%20de%20la%20regi%C3%B3n%20de%20Ays%C3%A9n' aria-hidden='false' data-av_icon='\ue8f3' data-av_iconfont='entypo-fontello' title='' data-avia-related-tooltip='Compartir en Facebook' rel=\"noopener\"><span class='avia_hidden_link_text'>Compartir en Facebook<\/span><\/a><\/li><li class='av-share-link av-social-link-twitter' ><a target=\"_blank\" aria-label=\"Compartir en Twitter\" href='https:\/\/twitter.com\/share?text=Junaeb%20asigna%20m%C3%A1s%20de%206.800%20becas%20a%20estudiantes%20de%20la%20regi%C3%B3n%20de%20Ays%C3%A9n&#038;url=https:\/\/radiorevelacionfm.cl\/?p=32747' aria-hidden='false' data-av_icon='\ue8f1' data-av_iconfont='entypo-fontello' title='' data-avia-related-tooltip='Compartir en Twitter' rel=\"noopener\"><span class='avia_hidden_link_text'>Compartir en Twitter<\/span><\/a><\/li><li class='av-share-link av-social-link-whatsapp' ><a target=\"_blank\" aria-label=\"Compartir en Whatsapp\" href='https:\/\/api.whatsapp.com\/send?text=https:\/\/radiorevelacionfm.cl\/?p=32747' aria-hidden='false' data-av_icon='\uf232' data-av_iconfont='entypo-fontello' title='' data-avia-related-tooltip='Compartir en Whatsapp' rel=\"noopener\"><span class='avia_hidden_link_text'>Compartir en Whatsapp<\/span><\/a><\/li><li class='av-share-link av-social-link-linkedin' ><a target=\"_blank\" aria-label=\"Compartir en LinkedIn\" href='https:\/\/linkedin.com\/shareArticle?mini=true&#038;title=Junaeb%20asigna%20m%C3%A1s%20de%206.800%20becas%20a%20estudiantes%20de%20la%20regi%C3%B3n%20de%20Ays%C3%A9n&#038;url=https:\/\/radiorevelacionfm.cl\/?p=32747' aria-hidden='false' data-av_icon='\ue8fc' data-av_iconfont='entypo-fontello' title='' data-avia-related-tooltip='Compartir en LinkedIn' rel=\"noopener\"><span class='avia_hidden_link_text'>Compartir en LinkedIn<\/span><\/a><\/li><li class='av-share-link av-social-link-mail' ><a  aria-label=\"Compartir por correo\" href='mailto:?subject=Junaeb%20asigna%20m%C3%A1s%20de%206.800%20becas%20a%20estudiantes%20de%20la%20regi%C3%B3n%20de%20Ays%C3%A9n&#038;body=https:\/\/radiorevelacionfm.cl\/?p=32747' aria-hidden='false' data-av_icon='\ue805' data-av_iconfont='entypo-fontello' title='' data-avia-related-tooltip='Compartir por correo'><span class='avia_hidden_link_text'>Compartir por correo<\/span><\/a><\/li><\/ul><\/div><\/div>\n<div  style='height:50px' class='hr hr-invisible   avia-builder-el-8  el_after_av_social_share  el_before_av_comments_list '><span class='hr-inner ' ><span class='hr-inner-style'><\/span><\/span><\/div>\n<div  class='av-buildercomment  av-blog-meta-html-info-disabled av-blog-meta-tag-disabled  '><\/div>\n","protected":false},"excerpt":{"rendered":"","protected":false},"author":1,"featured_media":32748,"comment_status":"open","ping_status":"open","sticky":false,"template":"","format":"standard","meta":{"footnotes":""},"categories":[38],"tags":[],"class_list":["post-32747","post","type-post","status-publish","format-standard","has-post-thumbnail","hentry","category-regional"],"jetpack_featured_media_url":"https:\/\/radiorevelacionfm.cl\/wp-content\/uploads\/2023\/07\/IMG_8266-2-2.jpg","_links":{"self":[{"href":"https:\/\/radiorevelacionfm.cl\/index.php?rest_route=\/wp\/v2\/posts\/32747","targetHints":{"allow":["GET"]}}],"collection":[{"href":"https:\/\/radiorevelacionfm.cl\/index.php?rest_route=\/wp\/v2\/posts"}],"about":[{"href":"https:\/\/radiorevelacionfm.cl\/index.php?rest_route=\/wp\/v2\/types\/post"}],"author":[{"embeddable":true,"href":"https:\/\/radiorevelacionfm.cl\/index.php?rest_route=\/wp\/v2\/users\/1"}],"replies":[{"embeddable":true,"href":"https:\/\/radiorevelacionfm.cl\/index.php?rest_route=%2Fwp%2Fv2%2Fcomments&post=32747"}],"version-history":[{"count":1,"href":"https:\/\/radiorevelacionfm.cl\/index.php?rest_route=\/wp\/v2\/posts\/32747\/revisions"}],"predecessor-version":[{"id":32749,"href":"https:\/\/radiorevelacionfm.cl\/index.php?rest_route=\/wp\/v2\/posts\/32747\/revisions\/32749"}],"wp:featuredmedia":[{"embeddable":true,"href":"https:\/\/radiorevelacionfm.cl\/index.php?rest_route=\/wp\/v2\/media\/32748"}],"wp:attachment":[{"href":"https:\/\/radiorevelacionfm.cl\/index.php?rest_route=%2Fwp%2Fv2%2Fmedia&parent=32747"}],"wp:term":[{"taxonomy":"category","embeddable":true,"href":"https:\/\/radiorevelacionfm.cl\/index.php?rest_route=%2Fwp%2Fv2%2Fcategories&post=32747"},{"taxonomy":"post_tag","embeddable":true,"href":"https:\/\/radiorevelacionfm.cl\/index.php?rest_route=%2Fwp%2Fv2%2Ftags&post=32747"}],"curies":[{"name":"wp","href":"https:\/\/api.w.org\/{rel}","templated":true}]}}