{"id":32744,"date":"2023-07-11T12:11:15","date_gmt":"2023-07-11T15:11:15","guid":{"rendered":"https:\/\/radiorevelacionfm.cl\/?p=32744"},"modified":"2023-07-11T12:11:15","modified_gmt":"2023-07-11T15:11:15","slug":"cuatro-comunas-actualizan-agenda-de-desarrollo-cultural-con-seremi-de-las-culturas-aysen","status":"publish","type":"post","link":"https:\/\/radiorevelacionfm.cl\/?p=32744","title":{"rendered":"Cuatro comunas actualizan Agenda de Desarrollo Cultural con Seremi de las Culturas Ays\u00e9n"},"content":{"rendered":"<div class=\"flex_column av_one_full  flex_column_div av-zero-column-padding first  avia-builder-el-0  el_before_av_one_full  avia-builder-el-first  \" style='border-radius:0px; '><div  class='avia-image-container  av-styling-    avia-builder-el-1  avia-builder-el-no-sibling  avia-align-center '  itemprop=\"image\" itemscope=\"itemscope\" itemtype=\"https:\/\/schema.org\/ImageObject\"  ><div class='avia-image-container-inner'><div class='avia-image-overlay-wrap'><img decoding=\"async\" class='wp-image-32745 avia-img-lazy-loading-not-32745 avia_image' src=\"https:\/\/radiorevelacionfm.cl\/wp-content\/uploads\/2023\/07\/Firma-convenio-Tortel-2-2.jpeg\" alt='' title='Firma convenio Tortel-2-2' height=\"600\" width=\"1333\"  itemprop=\"thumbnailUrl\" srcset=\"https:\/\/radiorevelacionfm.cl\/wp-content\/uploads\/2023\/07\/Firma-convenio-Tortel-2-2.jpeg 1333w, https:\/\/radiorevelacionfm.cl\/wp-content\/uploads\/2023\/07\/Firma-convenio-Tortel-2-2-300x135.jpeg 300w, https:\/\/radiorevelacionfm.cl\/wp-content\/uploads\/2023\/07\/Firma-convenio-Tortel-2-2-1030x464.jpeg 1030w, https:\/\/radiorevelacionfm.cl\/wp-content\/uploads\/2023\/07\/Firma-convenio-Tortel-2-2-768x346.jpeg 768w, https:\/\/radiorevelacionfm.cl\/wp-content\/uploads\/2023\/07\/Firma-convenio-Tortel-2-2-705x317.jpeg 705w, https:\/\/radiorevelacionfm.cl\/wp-content\/uploads\/2023\/07\/Firma-convenio-Tortel-2-2-450x203.jpeg 450w, https:\/\/radiorevelacionfm.cl\/wp-content\/uploads\/2023\/07\/Firma-convenio-Tortel-2-2-600x270.jpeg 600w\" sizes=\"(max-width: 1333px) 100vw, 1333px\" \/><\/div><\/div><\/div><\/div><div class=\"flex_column av_one_full  flex_column_div av-zero-column-padding first  avia-builder-el-2  el_after_av_one_full  el_before_av_one_full  column-top-margin\" style='border-radius:0px; '><section class=\"av_textblock_section \"  itemscope=\"itemscope\" itemtype=\"https:\/\/schema.org\/BlogPosting\" itemprop=\"blogPost\" ><div class='avia_textblock  '   itemprop=\"text\" ><p style=\"text-align: center;\"><span style=\"font-size: 18pt;\"><strong>Cuatro comunas actualizan Agenda de Desarrollo Cultural con Seremi de las Culturas Ays\u00e9n<\/strong><\/span><\/p>\n<div id=\"gtx-trans\" style=\"position: absolute; left: -50px; top: 4.31534px;\">\n<div class=\"gtx-trans-icon\"><\/div>\n<\/div>\n<\/div><\/section><\/div><div class=\"flex_column av_one_full  flex_column_div av-zero-column-padding first  avia-builder-el-4  el_after_av_one_full  el_before_av_hr  column-top-margin\" style='border-radius:0px; '><section class=\"av_textblock_section \"  itemscope=\"itemscope\" itemtype=\"https:\/\/schema.org\/BlogPosting\" itemprop=\"blogPost\" ><div class='avia_textblock  '   itemprop=\"text\" ><p style=\"text-align: justify;\">La Seremi de las Culturas Ays\u00e9n actualiz\u00f3 la Agenda de Desarrollo Cultural Comunal con los municipios de Cochrane, Tortel, Coyhaique y O\u2019Higgins hasta 2028. Ser\u00e1n cinco a\u00f1os de trabajo colaborativo entre las casas edilicias y la entidad p\u00fablica que permitir\u00e1 acercar la pol\u00edtica cultural del Estado a los gobiernos locales.<\/p>\n<p style=\"text-align: justify;\">Como parte del compromiso de fortalecer la planificaci\u00f3n y dotar de nuevos horizontes territoriales, el programa Red Cultura, albergado en la Unidad de Ciudadan\u00eda de la instituci\u00f3n regional, estableci\u00f3 l\u00edneas concisas de acci\u00f3n entre el 2023 y 2028 mediante la implementaci\u00f3n de la Agenda de Desarrollo Cultural Comunal.<\/p>\n<p style=\"text-align: justify;\">La suscripci\u00f3n de este instrumento busca establecer v\u00ednculos de colaboraci\u00f3n con las municipalidades para fortalecer el desarrollo cultural territorial e impulsar la gesti\u00f3n cultural local, promoviendo el respeto por las culturas vivas junto a la participaci\u00f3n ciudadana en procesos relativos al trabajo y difusi\u00f3n de las manifestaciones culturales, art\u00edsticas y patrimoniales.<\/p>\n<p style=\"text-align: justify;\">\u201cEl trabajo con los gobiernos locales es clave para cualquier organismo gubernamental, porque son ellos quienes desarrollan y generan estrategias en pro de sus propias comunidades\u201d, coment\u00f3 el seremi de Culturas Ays\u00e9n, Felipe Quiroz. Lo anterior con miras a garantizar un \u00f3ptimo quehacer \u201cpotenciando tambi\u00e9n un compromiso por parte de las figuras alcaldicias para un mejor y mayor presupuesto\u201d, agreg\u00f3.<\/p>\n<p style=\"text-align: justify;\">Con la actualizaci\u00f3n de agendas, los municipios de Coyhaique, Cochrane, Tortel y O\u2019Higgins fijan la continuidad de procesos vigentes y metas, entre las que se encuentra la elaboraci\u00f3n del Plan Municipal de Cultura (PMC) junto a su debida sostenibilidad e incorporaci\u00f3n al Plan de Desarrollo Comunal (PLADECO), adem\u00e1s de disponer de una persona a cargo del \u00e1rea y, de manera progresiva, avanzar en la conformaci\u00f3n de un equipo de trabajo.<\/p>\n<p style=\"text-align: justify;\">\u201cEs muy motivante ver c\u00f3mo esto se da, sobre todo en el \u00e1rea de cultura que, bien sabemos, no puede desarrollarse de manera aislada\u201d, manifest\u00f3 el encargado del Centro Cultural de Cochrane, Danilo Cruces. En ese tenor destac\u00f3 la cohesi\u00f3n y sinergia del sector art\u00edstico: \u201csin duda que nos involucra a todos como seres individuales, como miembros de una agrupaci\u00f3n cultural o como miembro de una sociedad que tiene derecho a acceder a las culturas, las artes y a tener una vida cultural activa\u201d.<\/p>\n<\/div><\/section><\/div><div  style='height:50px' class='hr hr-invisible   avia-builder-el-6  el_after_av_one_full  el_before_av_social_share '><span class='hr-inner ' ><span class='hr-inner-style'><\/span><\/span><\/div><\/p>\n<div  class='av-social-sharing-box  avia-builder-el-7  el_after_av_hr  el_before_av_hr  '><div class='av-share-box'><h5 class='av-share-link-description av-no-toc '>Compartir esta noticia<\/h5><ul class='av-share-box-list noLightbox'><li class='av-share-link av-social-link-facebook' ><a target=\"_blank\" aria-label=\"Compartir en Facebook\" href='https:\/\/www.facebook.com\/sharer.php?u=https:\/\/radiorevelacionfm.cl\/?p=32744&#038;t=Cuatro%20comunas%20actualizan%20Agenda%20de%20Desarrollo%20Cultural%20con%20Seremi%20de%20las%20Culturas%20Ays%C3%A9n' aria-hidden='false' data-av_icon='\ue8f3' data-av_iconfont='entypo-fontello' title='' data-avia-related-tooltip='Compartir en Facebook' rel=\"noopener\"><span class='avia_hidden_link_text'>Compartir en Facebook<\/span><\/a><\/li><li class='av-share-link av-social-link-twitter' ><a target=\"_blank\" aria-label=\"Compartir en Twitter\" href='https:\/\/twitter.com\/share?text=Cuatro%20comunas%20actualizan%20Agenda%20de%20Desarrollo%20Cultural%20con%20Seremi%20de%20las%20Culturas%20Ays%C3%A9n&#038;url=https:\/\/radiorevelacionfm.cl\/?p=32744' aria-hidden='false' data-av_icon='\ue8f1' data-av_iconfont='entypo-fontello' title='' data-avia-related-tooltip='Compartir en Twitter' rel=\"noopener\"><span class='avia_hidden_link_text'>Compartir en Twitter<\/span><\/a><\/li><li class='av-share-link av-social-link-whatsapp' ><a target=\"_blank\" aria-label=\"Compartir en Whatsapp\" href='https:\/\/api.whatsapp.com\/send?text=https:\/\/radiorevelacionfm.cl\/?p=32744' aria-hidden='false' data-av_icon='\uf232' data-av_iconfont='entypo-fontello' title='' data-avia-related-tooltip='Compartir en Whatsapp' rel=\"noopener\"><span class='avia_hidden_link_text'>Compartir en Whatsapp<\/span><\/a><\/li><li class='av-share-link av-social-link-linkedin' ><a target=\"_blank\" aria-label=\"Compartir en LinkedIn\" href='https:\/\/linkedin.com\/shareArticle?mini=true&#038;title=Cuatro%20comunas%20actualizan%20Agenda%20de%20Desarrollo%20Cultural%20con%20Seremi%20de%20las%20Culturas%20Ays%C3%A9n&#038;url=https:\/\/radiorevelacionfm.cl\/?p=32744' aria-hidden='false' data-av_icon='\ue8fc' data-av_iconfont='entypo-fontello' title='' data-avia-related-tooltip='Compartir en LinkedIn' rel=\"noopener\"><span class='avia_hidden_link_text'>Compartir en LinkedIn<\/span><\/a><\/li><li class='av-share-link av-social-link-mail' ><a  aria-label=\"Compartir por correo\" href='mailto:?subject=Cuatro%20comunas%20actualizan%20Agenda%20de%20Desarrollo%20Cultural%20con%20Seremi%20de%20las%20Culturas%20Ays%C3%A9n&#038;body=https:\/\/radiorevelacionfm.cl\/?p=32744' aria-hidden='false' data-av_icon='\ue805' data-av_iconfont='entypo-fontello' title='' data-avia-related-tooltip='Compartir por correo'><span class='avia_hidden_link_text'>Compartir por correo<\/span><\/a><\/li><\/ul><\/div><\/div>\n<div  style='height:50px' class='hr hr-invisible   avia-builder-el-8  el_after_av_social_share  el_before_av_comments_list '><span class='hr-inner ' ><span class='hr-inner-style'><\/span><\/span><\/div>\n<div  class='av-buildercomment  av-blog-meta-html-info-disabled av-blog-meta-tag-disabled  '><\/div>\n","protected":false},"excerpt":{"rendered":"","protected":false},"author":1,"featured_media":32745,"comment_status":"open","ping_status":"open","sticky":false,"template":"","format":"standard","meta":{"footnotes":""},"categories":[52],"tags":[],"class_list":["post-32744","post","type-post","status-publish","format-standard","has-post-thumbnail","hentry","category-cultura"],"jetpack_featured_media_url":"https:\/\/radiorevelacionfm.cl\/wp-content\/uploads\/2023\/07\/Firma-convenio-Tortel-2-2.jpeg","_links":{"self":[{"href":"https:\/\/radiorevelacionfm.cl\/index.php?rest_route=\/wp\/v2\/posts\/32744","targetHints":{"allow":["GET"]}}],"collection":[{"href":"https:\/\/radiorevelacionfm.cl\/index.php?rest_route=\/wp\/v2\/posts"}],"about":[{"href":"https:\/\/radiorevelacionfm.cl\/index.php?rest_route=\/wp\/v2\/types\/post"}],"author":[{"embeddable":true,"href":"https:\/\/radiorevelacionfm.cl\/index.php?rest_route=\/wp\/v2\/users\/1"}],"replies":[{"embeddable":true,"href":"https:\/\/radiorevelacionfm.cl\/index.php?rest_route=%2Fwp%2Fv2%2Fcomments&post=32744"}],"version-history":[{"count":1,"href":"https:\/\/radiorevelacionfm.cl\/index.php?rest_route=\/wp\/v2\/posts\/32744\/revisions"}],"predecessor-version":[{"id":32746,"href":"https:\/\/radiorevelacionfm.cl\/index.php?rest_route=\/wp\/v2\/posts\/32744\/revisions\/32746"}],"wp:featuredmedia":[{"embeddable":true,"href":"https:\/\/radiorevelacionfm.cl\/index.php?rest_route=\/wp\/v2\/media\/32745"}],"wp:attachment":[{"href":"https:\/\/radiorevelacionfm.cl\/index.php?rest_route=%2Fwp%2Fv2%2Fmedia&parent=32744"}],"wp:term":[{"taxonomy":"category","embeddable":true,"href":"https:\/\/radiorevelacionfm.cl\/index.php?rest_route=%2Fwp%2Fv2%2Fcategories&post=32744"},{"taxonomy":"post_tag","embeddable":true,"href":"https:\/\/radiorevelacionfm.cl\/index.php?rest_route=%2Fwp%2Fv2%2Ftags&post=32744"}],"curies":[{"name":"wp","href":"https:\/\/api.w.org\/{rel}","templated":true}]}}