{"id":32741,"date":"2023-07-10T10:51:11","date_gmt":"2023-07-10T13:51:11","guid":{"rendered":"https:\/\/radiorevelacionfm.cl\/?p=32741"},"modified":"2023-07-10T10:51:11","modified_gmt":"2023-07-10T13:51:11","slug":"en-aysen-lanzan-fondo-de-desarrollo-vecinal-fondeve-con-un-aumento-en-su-capital","status":"publish","type":"post","link":"https:\/\/radiorevelacionfm.cl\/?p=32741","title":{"rendered":"En Ays\u00e9n lanzan Fondo de Desarrollo Vecinal FONDEVE con un aumento en su capital"},"content":{"rendered":"<div class=\"flex_column av_one_full  flex_column_div av-zero-column-padding first  avia-builder-el-0  el_before_av_one_full  avia-builder-el-first  \" style='border-radius:0px; '><div  class='avia-image-container  av-styling-    avia-builder-el-1  avia-builder-el-no-sibling  avia-align-center '  itemprop=\"image\" itemscope=\"itemscope\" itemtype=\"https:\/\/schema.org\/ImageObject\"  ><div class='avia-image-container-inner'><div class='avia-image-overlay-wrap'><img decoding=\"async\" class='wp-image-32742 avia-img-lazy-loading-not-32742 avia_image' src=\"https:\/\/radiorevelacionfm.cl\/wp-content\/uploads\/2023\/07\/Fotografia-4-2-2.jpeg\" alt='' title='Fotograf\u00eda-4-2-2' height=\"600\" width=\"800\"  itemprop=\"thumbnailUrl\" srcset=\"https:\/\/radiorevelacionfm.cl\/wp-content\/uploads\/2023\/07\/Fotografia-4-2-2.jpeg 800w, https:\/\/radiorevelacionfm.cl\/wp-content\/uploads\/2023\/07\/Fotografia-4-2-2-300x225.jpeg 300w, https:\/\/radiorevelacionfm.cl\/wp-content\/uploads\/2023\/07\/Fotografia-4-2-2-768x576.jpeg 768w, https:\/\/radiorevelacionfm.cl\/wp-content\/uploads\/2023\/07\/Fotografia-4-2-2-705x529.jpeg 705w, https:\/\/radiorevelacionfm.cl\/wp-content\/uploads\/2023\/07\/Fotografia-4-2-2-450x338.jpeg 450w, https:\/\/radiorevelacionfm.cl\/wp-content\/uploads\/2023\/07\/Fotografia-4-2-2-600x450.jpeg 600w\" sizes=\"(max-width: 800px) 100vw, 800px\" \/><\/div><\/div><\/div><\/div><div class=\"flex_column av_one_full  flex_column_div av-zero-column-padding first  avia-builder-el-2  el_after_av_one_full  el_before_av_one_full  column-top-margin\" style='border-radius:0px; '><section class=\"av_textblock_section \"  itemscope=\"itemscope\" itemtype=\"https:\/\/schema.org\/BlogPosting\" itemprop=\"blogPost\" ><div class='avia_textblock  '   itemprop=\"text\" ><p style=\"text-align: center;\"><strong><span style=\"font-size: 18pt;\">En Ays\u00e9n lanzan Fondo de Desarrollo Vecinal FONDEVE con un aumento en su capital<\/span> <\/strong><\/p>\n<div id=\"gtx-trans\" style=\"position: absolute; left: -50px; top: 4.31534px;\">\n<div class=\"gtx-trans-icon\"><\/div>\n<\/div>\n<\/div><\/section><\/div><div class=\"flex_column av_one_full  flex_column_div av-zero-column-padding first  avia-builder-el-4  el_after_av_one_full  el_before_av_hr  column-top-margin\" style='border-radius:0px; '><section class=\"av_textblock_section \"  itemscope=\"itemscope\" itemtype=\"https:\/\/schema.org\/BlogPosting\" itemprop=\"blogPost\" ><div class='avia_textblock  '   itemprop=\"text\" ><p style=\"text-align: justify;\">La Ilustre Municipalidad de Ays\u00e9n a trav\u00e9s de su Oficina de Organizaciones Comunitarias llev\u00f3 a cabo el lanzamiento del Fondo de Desarrollo Vecinal FONDEVE para el a\u00f1o 2023. La actividad cont\u00f3 con la presencia de la concejala, Rosa Gonz\u00e1lez B\u00f3rquez; el administrador municipal, \u00d3scar Az\u00f3car Adriazola; el director de la Direcci\u00f3n de Desarrollo Comunitario, Mauricio Jaque Luengo; el presidente de la Uni\u00f3n Comunal de Vecinos, Carlos D\u00edaz Mansilla; la encargada de Organizaciones Comunitarias de la Ilustre Municipalidad de Ays\u00e9n, Mar\u00eda Rita Aguilar Oyarzo, y representantes de las Juntas de Vecinos.<\/p>\n<p style=\"text-align: justify;\">El objetivo del Fondo de Desarrollo Vecinal es apoyar el desarrollo de las comunidades. Hasta la fecha, se mantienen vigentes 27 Juntas de Vecinos que cumplen con los requisitos establecidos para su postulaci\u00f3n.<\/p>\n<p style=\"text-align: justify;\">Durante la ceremonia se dio la palabra al presidente de la Uni\u00f3n Comunal de Vecinos, Carlos D\u00edaz Mansilla, quien destac\u00f3 la importancia del Fondo de Desarrollo Vecinal para la comunidad. Este a\u00f1o, el Honorable Consejo Municipal de Ays\u00e9n aument\u00f3 los fondos de FONDEVE, que anteriormente, en el a\u00f1o 2022, era de quince millones de pesos. A partir de 2023, se aprob\u00f3 un monto de dieciocho millones de pesos, que se distribuir\u00e1 entre las Juntas de Vecinos vigentes.<\/p>\n<p style=\"text-align: justify;\">El alcalde, Julio Uribe Alvarado, ha impulsado el fortalecimiento de las Juntas de Vecinos desde el inicio de su gesti\u00f3n. Al asumir su cargo, solo once Juntas de Vecinos estaban activas. Al d\u00eda de hoy, son 27 las Juntas de Vecinos vigentes que cumplen con todos los requisitos establecidos en las bases para su postulaci\u00f3n. \u201cHoy en d\u00eda vamos a poder contar con m\u00e1s recursos de los que hab\u00edamos destinado en un principio desde nuestro presupuesto\u201d, destac\u00f3 el alcalde, Julio Uribe Alvarado.<\/p>\n<p style=\"text-align: justify;\">Mar\u00eda Rita Aguilar, encargada de la Oficina de Organizaciones Comunitarias, tambi\u00e9n se dirigi\u00f3 a las y los presentes en la ceremonia de Lanzamiento Fondo de Desarrollo Vecinal FONDEVE. Destacando que se ha logrado fortalecer la labor de Juntas de Vecinos, promoviendo el desarrollo de la comuna a trav\u00e9s de la organizaci\u00f3n territorial.<\/p>\n<\/div><\/section><\/div><div  style='height:50px' class='hr hr-invisible   avia-builder-el-6  el_after_av_one_full  el_before_av_social_share '><span class='hr-inner ' ><span class='hr-inner-style'><\/span><\/span><\/div><\/p>\n<div  class='av-social-sharing-box  avia-builder-el-7  el_after_av_hr  el_before_av_hr  '><div class='av-share-box'><h5 class='av-share-link-description av-no-toc '>Compartir esta noticia<\/h5><ul class='av-share-box-list noLightbox'><li class='av-share-link av-social-link-facebook' ><a target=\"_blank\" aria-label=\"Compartir en Facebook\" href='https:\/\/www.facebook.com\/sharer.php?u=https:\/\/radiorevelacionfm.cl\/?p=32741&#038;t=En%20Ays%C3%A9n%20lanzan%20Fondo%20de%20Desarrollo%20Vecinal%20FONDEVE%20con%20un%20aumento%20en%20su%20capital' aria-hidden='false' data-av_icon='\ue8f3' data-av_iconfont='entypo-fontello' title='' data-avia-related-tooltip='Compartir en Facebook' rel=\"noopener\"><span class='avia_hidden_link_text'>Compartir en Facebook<\/span><\/a><\/li><li class='av-share-link av-social-link-twitter' ><a target=\"_blank\" aria-label=\"Compartir en Twitter\" href='https:\/\/twitter.com\/share?text=En%20Ays%C3%A9n%20lanzan%20Fondo%20de%20Desarrollo%20Vecinal%20FONDEVE%20con%20un%20aumento%20en%20su%20capital&#038;url=https:\/\/radiorevelacionfm.cl\/?p=32741' aria-hidden='false' data-av_icon='\ue8f1' data-av_iconfont='entypo-fontello' title='' data-avia-related-tooltip='Compartir en Twitter' rel=\"noopener\"><span class='avia_hidden_link_text'>Compartir en Twitter<\/span><\/a><\/li><li class='av-share-link av-social-link-whatsapp' ><a target=\"_blank\" aria-label=\"Compartir en Whatsapp\" href='https:\/\/api.whatsapp.com\/send?text=https:\/\/radiorevelacionfm.cl\/?p=32741' aria-hidden='false' data-av_icon='\uf232' data-av_iconfont='entypo-fontello' title='' data-avia-related-tooltip='Compartir en Whatsapp' rel=\"noopener\"><span class='avia_hidden_link_text'>Compartir en Whatsapp<\/span><\/a><\/li><li class='av-share-link av-social-link-linkedin' ><a target=\"_blank\" aria-label=\"Compartir en LinkedIn\" href='https:\/\/linkedin.com\/shareArticle?mini=true&#038;title=En%20Ays%C3%A9n%20lanzan%20Fondo%20de%20Desarrollo%20Vecinal%20FONDEVE%20con%20un%20aumento%20en%20su%20capital&#038;url=https:\/\/radiorevelacionfm.cl\/?p=32741' aria-hidden='false' data-av_icon='\ue8fc' data-av_iconfont='entypo-fontello' title='' data-avia-related-tooltip='Compartir en LinkedIn' rel=\"noopener\"><span class='avia_hidden_link_text'>Compartir en LinkedIn<\/span><\/a><\/li><li class='av-share-link av-social-link-mail' ><a  aria-label=\"Compartir por correo\" href='mailto:?subject=En%20Ays%C3%A9n%20lanzan%20Fondo%20de%20Desarrollo%20Vecinal%20FONDEVE%20con%20un%20aumento%20en%20su%20capital&#038;body=https:\/\/radiorevelacionfm.cl\/?p=32741' aria-hidden='false' data-av_icon='\ue805' data-av_iconfont='entypo-fontello' title='' data-avia-related-tooltip='Compartir por correo'><span class='avia_hidden_link_text'>Compartir por correo<\/span><\/a><\/li><\/ul><\/div><\/div>\n<div  style='height:50px' class='hr hr-invisible   avia-builder-el-8  el_after_av_social_share  el_before_av_comments_list '><span class='hr-inner ' ><span class='hr-inner-style'><\/span><\/span><\/div>\n<div  class='av-buildercomment  av-blog-meta-html-info-disabled av-blog-meta-tag-disabled  '><\/div>\n","protected":false},"excerpt":{"rendered":"","protected":false},"author":1,"featured_media":32742,"comment_status":"open","ping_status":"open","sticky":false,"template":"","format":"standard","meta":{"footnotes":""},"categories":[38],"tags":[],"class_list":["post-32741","post","type-post","status-publish","format-standard","has-post-thumbnail","hentry","category-regional"],"jetpack_featured_media_url":"https:\/\/radiorevelacionfm.cl\/wp-content\/uploads\/2023\/07\/Fotografia-4-2-2.jpeg","_links":{"self":[{"href":"https:\/\/radiorevelacionfm.cl\/index.php?rest_route=\/wp\/v2\/posts\/32741","targetHints":{"allow":["GET"]}}],"collection":[{"href":"https:\/\/radiorevelacionfm.cl\/index.php?rest_route=\/wp\/v2\/posts"}],"about":[{"href":"https:\/\/radiorevelacionfm.cl\/index.php?rest_route=\/wp\/v2\/types\/post"}],"author":[{"embeddable":true,"href":"https:\/\/radiorevelacionfm.cl\/index.php?rest_route=\/wp\/v2\/users\/1"}],"replies":[{"embeddable":true,"href":"https:\/\/radiorevelacionfm.cl\/index.php?rest_route=%2Fwp%2Fv2%2Fcomments&post=32741"}],"version-history":[{"count":1,"href":"https:\/\/radiorevelacionfm.cl\/index.php?rest_route=\/wp\/v2\/posts\/32741\/revisions"}],"predecessor-version":[{"id":32743,"href":"https:\/\/radiorevelacionfm.cl\/index.php?rest_route=\/wp\/v2\/posts\/32741\/revisions\/32743"}],"wp:featuredmedia":[{"embeddable":true,"href":"https:\/\/radiorevelacionfm.cl\/index.php?rest_route=\/wp\/v2\/media\/32742"}],"wp:attachment":[{"href":"https:\/\/radiorevelacionfm.cl\/index.php?rest_route=%2Fwp%2Fv2%2Fmedia&parent=32741"}],"wp:term":[{"taxonomy":"category","embeddable":true,"href":"https:\/\/radiorevelacionfm.cl\/index.php?rest_route=%2Fwp%2Fv2%2Fcategories&post=32741"},{"taxonomy":"post_tag","embeddable":true,"href":"https:\/\/radiorevelacionfm.cl\/index.php?rest_route=%2Fwp%2Fv2%2Ftags&post=32741"}],"curies":[{"name":"wp","href":"https:\/\/api.w.org\/{rel}","templated":true}]}}