{"id":32737,"date":"2023-07-18T11:58:34","date_gmt":"2023-07-18T14:58:34","guid":{"rendered":"https:\/\/radiorevelacionfm.cl\/?p=32737"},"modified":"2023-07-18T11:58:34","modified_gmt":"2023-07-18T14:58:34","slug":"mineduc-convoca-a-especialistas-para-reflexionar-sobre-la-articulacion-entre-la-educacion-parvularia-y-basica-en-el-nuevo-curriculum","status":"publish","type":"post","link":"https:\/\/radiorevelacionfm.cl\/?p=32737","title":{"rendered":"Mineduc convoca a especialistas para reflexionar sobre la articulaci\u00f3n entre la educaci\u00f3n parvularia y b\u00e1sica en el nuevo curr\u00edculum"},"content":{"rendered":"<div class=\"flex_column av_one_full  flex_column_div av-zero-column-padding first  avia-builder-el-0  el_before_av_one_full  avia-builder-el-first  \" style='border-radius:0px; '><div  class='avia-image-container  av-styling-    avia-builder-el-1  avia-builder-el-no-sibling  avia-align-center '  itemprop=\"image\" itemscope=\"itemscope\" itemtype=\"https:\/\/schema.org\/ImageObject\"  ><div class='avia-image-container-inner'><div class='avia-image-overlay-wrap'><img decoding=\"async\" class='wp-image-32738 avia-img-lazy-loading-not-32738 avia_image' src=\"https:\/\/radiorevelacionfm.cl\/wp-content\/uploads\/2023\/07\/3-10-2-2_optimized-2.jpg\" alt='' title='3-10-2-2_optimized-2' height=\"600\" width=\"1273\"  itemprop=\"thumbnailUrl\" srcset=\"https:\/\/radiorevelacionfm.cl\/wp-content\/uploads\/2023\/07\/3-10-2-2_optimized-2.jpg 1273w, https:\/\/radiorevelacionfm.cl\/wp-content\/uploads\/2023\/07\/3-10-2-2_optimized-2-300x141.jpg 300w, https:\/\/radiorevelacionfm.cl\/wp-content\/uploads\/2023\/07\/3-10-2-2_optimized-2-1030x485.jpg 1030w, https:\/\/radiorevelacionfm.cl\/wp-content\/uploads\/2023\/07\/3-10-2-2_optimized-2-768x362.jpg 768w, https:\/\/radiorevelacionfm.cl\/wp-content\/uploads\/2023\/07\/3-10-2-2_optimized-2-705x332.jpg 705w, https:\/\/radiorevelacionfm.cl\/wp-content\/uploads\/2023\/07\/3-10-2-2_optimized-2-450x212.jpg 450w, https:\/\/radiorevelacionfm.cl\/wp-content\/uploads\/2023\/07\/3-10-2-2_optimized-2-600x283.jpg 600w\" sizes=\"(max-width: 1273px) 100vw, 1273px\" \/><\/div><\/div><\/div><\/div><div class=\"flex_column av_one_full  flex_column_div av-zero-column-padding first  avia-builder-el-2  el_after_av_one_full  el_before_av_one_full  column-top-margin\" style='border-radius:0px; '><section class=\"av_textblock_section \"  itemscope=\"itemscope\" itemtype=\"https:\/\/schema.org\/BlogPosting\" itemprop=\"blogPost\" ><div class='avia_textblock  '   itemprop=\"text\" ><p style=\"text-align: center;\"><span style=\"font-size: 18pt;\"><b>Mineduc convoca a especialistas para reflexionar sobre la articulaci\u00f3n entre la educaci\u00f3n parvularia y b\u00e1sica en el nuevo curr\u00edculum<\/b><\/span><\/p>\n<div id=\"gtx-trans\" style=\"position: absolute; left: -50px; top: 4.31534px;\">\n<div class=\"gtx-trans-icon\"><\/div>\n<\/div>\n<\/div><\/section><\/div><div class=\"flex_column av_one_full  flex_column_div av-zero-column-padding first  avia-builder-el-4  el_after_av_one_full  el_before_av_hr  column-top-margin\" style='border-radius:0px; '><section class=\"av_textblock_section \"  itemscope=\"itemscope\" itemtype=\"https:\/\/schema.org\/BlogPosting\" itemprop=\"blogPost\" ><div class='avia_textblock  '   itemprop=\"text\" ><p class=\"v1MsoNormal\" style=\"text-align: justify;\">En el marco del proceso de actualizaci\u00f3n de las Bases Curriculares de primero b\u00e1sico a segundo medio, impulsado por el Ministerio de Educaci\u00f3n, hoy inici\u00f3 su trabajo la mesa t\u00e9cnica de <i>Articulaci\u00f3n y Transici\u00f3n entre Educaci\u00f3n Parvularia y Educaci\u00f3n B\u00e1sica. <\/i>La instancia busca, a trav\u00e9s de un espacio de di\u00e1logo junto a expertas en educaci\u00f3n, generar insumos que nutran el proceso que actualizar\u00e1 el curr\u00edculum para fortalecer las trayectorias educativas.<\/p>\n<p class=\"v1MsoNormal\" style=\"text-align: justify;\">La actividad cont\u00f3 con la participaci\u00f3n de la Subsecretaria de Educaci\u00f3n Parvularia, Claudia Lagos; la Coordinadora Nacional de la Unidad de Curr\u00edculum y Evaluaci\u00f3n, Viviana Castillo; la Premio Nacional de Ciencias de la Educaci\u00f3n 2019 y actual presidenta de Fundaci\u00f3n Integra, Mar\u00eda Victoria Peralta; y la representante nacional de la Organizaci\u00f3n Mundial de Educaci\u00f3n Preescolar (OMEP), Selma Simonstein.<\/p>\n<p class=\"v1MsoNormal\" style=\"text-align: justify;\">La instancia fue dirigida por la coordinadora nacional de la Unidad de Curr\u00edculum y Evaluaci\u00f3n, viviana Castillo, quien se\u00f1al\u00f3 que \u201cesta Mesa de Articulaci\u00f3n, que tendr\u00e1 un total de cinco sesiones, es muy importante para el fortalecimiento de la educaci\u00f3n inicial y b\u00e1sica, ya que permitir\u00e1 poner el foco en mejorar la transici\u00f3n y articulaci\u00f3n entre ambos niveles, con una mirada de trayectoria educativa y posibilitando mejores experiencias de aprendizaje y bienestar integral para las ni\u00f1as y ni\u00f1os\u201d.<\/p>\n<p class=\"v1MsoNormal\" style=\"text-align: justify;\"><span lang=\"ES-MX\">En la misma l\u00ednea, la subsecretar\u00eda de Educaci\u00f3n Parvularia, Claudia Lagos, destac\u00f3 que \u201ceste trabajo que la UCE est\u00e1 comprometida a desarrollar, apunta en la direcci\u00f3n de un cambio de paradigma, de pensar y hacer las cosas de una manera diferente a partir de esta selecci\u00f3n cultural que es el curr\u00edculum y que, parad\u00f3jicamente o quiz\u00e1s no de la manera m\u00e1s adecuada, ha recogido la mirada de las ni\u00f1as y ni\u00f1os. Estamos ante un desaf\u00edo in\u00e9dito, que marca el inicio de una discusi\u00f3n que espero no se agote hoy\u201d. Adem\u00e1s, la autoridad destac\u00f3 la necesidad de incluir la perspectiva de la pospandemia, entendiendo lo que ha implicado en nuestras vidas, respecto a c\u00f3mo nos relacionamos con la tecnolog\u00eda, en c\u00f3mo entendemos e implementamos el curr\u00edculum, la dimensi\u00f3n socioemocional, entre otras tem\u00e1ticas.<\/span><\/p>\n<p class=\"v1MsoNormal\" style=\"text-align: justify;\">La UCE, organismo que lidera el proceso de Actualizaci\u00f3n de las Bases Curriculares, durante junio inici\u00f3 este trabajo a trav\u00e9s de las mesas de <i>Dise\u00f1o Curricular<\/i> y <i>Centros de Investigaci\u00f3n, <\/i>instancias que reunieron a destacadas\/os especialistas curriculares para, a trav\u00e9s de un espacio de di\u00e1logo, recoger informaci\u00f3n sobre experiencias nacionales e internacionales, que permitan nutrir las definiciones curriculares y la toma de decisiones en el marco de un proceso participativo.<\/p>\n<p class=\"v1MsoNormal\" style=\"text-align: justify;\">Se espera que la actualizaci\u00f3n del curr\u00edculum permita dar mayor coherencia curricular, pedag\u00f3gica y sist\u00e9mica entre el Primer y Segundo nivel de Transici\u00f3n (pre-k\u00ednder y k\u00ednder) y Primero y Segundo A\u00f1o B\u00e1sico, con el objetivo de generar trayectorias educativas positivas para las infancias.<\/p>\n<p class=\"v1MsoNormal\" style=\"text-align: justify;\"><b>Diagn\u00f3stico sobre la situaci\u00f3n curricular en Chile<\/b><\/p>\n<p class=\"v1MsoNormal\" style=\"text-align: justify;\">Durante 2022, la UCE realiz\u00f3 un proceso de diagn\u00f3stico sobre la situaci\u00f3n curricular en el sistema educativo con la finalidad de recoger evidencias para la toma de decisiones y evaluar la repercusi\u00f3n en los aprendizajes producto de la pandemia. Este diagn\u00f3stico evidenci\u00f3 la necesidad de mantener y actualizar la Priorizaci\u00f3n Curricular hasta el a\u00f1o 2025 y la necesidad de revisar y actualizar el curr\u00edculum vigente.<\/p>\n<p class=\"v1MsoNormal\" style=\"text-align: justify;\">Las mesas t\u00e9cnicas son parte de la etapa de recolecci\u00f3n de informaci\u00f3n, y los insumos ser\u00e1n complementados con otras instancias de participaci\u00f3n que buscan que las comunidades educativas y sociedad civil conversen sobre las prioridades que debe atender la educaci\u00f3n en la actualidad. Las personas interesadas pueden revisar m\u00e1s informaci\u00f3n en <a href=\"http:\/\/www.curriculumnacional.cl\/\" target=\"_blank\" rel=\"noopener noreferrer\">www.curriculumnacional.cl<\/a> o las redes sociales de la <a href=\"https:\/\/www.instagram.com\/curriculum.mineduc\/\" target=\"_blank\" rel=\"noopener noreferrer\">Unidad de Curr\u00edculum y Evaluaci\u00f3n<\/a>.<\/p>\n<\/div><\/section><\/div><div  style='height:50px' class='hr hr-invisible   avia-builder-el-6  el_after_av_one_full  el_before_av_social_share '><span class='hr-inner ' ><span class='hr-inner-style'><\/span><\/span><\/div><\/p>\n<div  class='av-social-sharing-box  avia-builder-el-7  el_after_av_hr  el_before_av_hr  '><div class='av-share-box'><h5 class='av-share-link-description av-no-toc '>Compartir esta noticia<\/h5><ul class='av-share-box-list noLightbox'><li class='av-share-link av-social-link-facebook' ><a target=\"_blank\" aria-label=\"Compartir en Facebook\" href='https:\/\/www.facebook.com\/sharer.php?u=https:\/\/radiorevelacionfm.cl\/?p=32737&#038;t=Mineduc%20convoca%20a%20especialistas%20para%20reflexionar%20sobre%20la%20articulaci%C3%B3n%20entre%20la%20educaci%C3%B3n%20parvularia%20y%20b%C3%A1sica%20en%20el%20nuevo%20curr%C3%ADculum' aria-hidden='false' data-av_icon='\ue8f3' data-av_iconfont='entypo-fontello' title='' data-avia-related-tooltip='Compartir en Facebook' rel=\"noopener\"><span class='avia_hidden_link_text'>Compartir en Facebook<\/span><\/a><\/li><li class='av-share-link av-social-link-twitter' ><a target=\"_blank\" aria-label=\"Compartir en Twitter\" href='https:\/\/twitter.com\/share?text=Mineduc%20convoca%20a%20especialistas%20para%20reflexionar%20sobre%20la%20articulaci%C3%B3n%20entre%20la%20educaci%C3%B3n%20parvularia%20y%20b%C3%A1sica%20en%20el%20nuevo%20curr%C3%ADculum&#038;url=https:\/\/radiorevelacionfm.cl\/?p=32737' aria-hidden='false' data-av_icon='\ue8f1' data-av_iconfont='entypo-fontello' title='' data-avia-related-tooltip='Compartir en Twitter' rel=\"noopener\"><span class='avia_hidden_link_text'>Compartir en Twitter<\/span><\/a><\/li><li class='av-share-link av-social-link-whatsapp' ><a target=\"_blank\" aria-label=\"Compartir en Whatsapp\" href='https:\/\/api.whatsapp.com\/send?text=https:\/\/radiorevelacionfm.cl\/?p=32737' aria-hidden='false' data-av_icon='\uf232' data-av_iconfont='entypo-fontello' title='' data-avia-related-tooltip='Compartir en Whatsapp' rel=\"noopener\"><span class='avia_hidden_link_text'>Compartir en Whatsapp<\/span><\/a><\/li><li class='av-share-link av-social-link-linkedin' ><a target=\"_blank\" aria-label=\"Compartir en LinkedIn\" href='https:\/\/linkedin.com\/shareArticle?mini=true&#038;title=Mineduc%20convoca%20a%20especialistas%20para%20reflexionar%20sobre%20la%20articulaci%C3%B3n%20entre%20la%20educaci%C3%B3n%20parvularia%20y%20b%C3%A1sica%20en%20el%20nuevo%20curr%C3%ADculum&#038;url=https:\/\/radiorevelacionfm.cl\/?p=32737' aria-hidden='false' data-av_icon='\ue8fc' data-av_iconfont='entypo-fontello' title='' data-avia-related-tooltip='Compartir en LinkedIn' rel=\"noopener\"><span class='avia_hidden_link_text'>Compartir en LinkedIn<\/span><\/a><\/li><li class='av-share-link av-social-link-mail' ><a  aria-label=\"Compartir por correo\" href='mailto:?subject=Mineduc%20convoca%20a%20especialistas%20para%20reflexionar%20sobre%20la%20articulaci%C3%B3n%20entre%20la%20educaci%C3%B3n%20parvularia%20y%20b%C3%A1sica%20en%20el%20nuevo%20curr%C3%ADculum&#038;body=https:\/\/radiorevelacionfm.cl\/?p=32737' aria-hidden='false' data-av_icon='\ue805' data-av_iconfont='entypo-fontello' title='' data-avia-related-tooltip='Compartir por correo'><span class='avia_hidden_link_text'>Compartir por correo<\/span><\/a><\/li><\/ul><\/div><\/div>\n<div  style='height:50px' class='hr hr-invisible   avia-builder-el-8  el_after_av_social_share  el_before_av_comments_list '><span class='hr-inner ' ><span class='hr-inner-style'><\/span><\/span><\/div>\n<div  class='av-buildercomment  av-blog-meta-html-info-disabled av-blog-meta-tag-disabled  '><\/div>\n","protected":false},"excerpt":{"rendered":"","protected":false},"author":1,"featured_media":32738,"comment_status":"open","ping_status":"open","sticky":false,"template":"","format":"standard","meta":{"footnotes":""},"categories":[61],"tags":[],"class_list":["post-32737","post","type-post","status-publish","format-standard","has-post-thumbnail","hentry","category-nacional"],"jetpack_featured_media_url":"https:\/\/radiorevelacionfm.cl\/wp-content\/uploads\/2023\/07\/3-10-2-2_optimized-2.jpg","_links":{"self":[{"href":"https:\/\/radiorevelacionfm.cl\/index.php?rest_route=\/wp\/v2\/posts\/32737","targetHints":{"allow":["GET"]}}],"collection":[{"href":"https:\/\/radiorevelacionfm.cl\/index.php?rest_route=\/wp\/v2\/posts"}],"about":[{"href":"https:\/\/radiorevelacionfm.cl\/index.php?rest_route=\/wp\/v2\/types\/post"}],"author":[{"embeddable":true,"href":"https:\/\/radiorevelacionfm.cl\/index.php?rest_route=\/wp\/v2\/users\/1"}],"replies":[{"embeddable":true,"href":"https:\/\/radiorevelacionfm.cl\/index.php?rest_route=%2Fwp%2Fv2%2Fcomments&post=32737"}],"version-history":[{"count":1,"href":"https:\/\/radiorevelacionfm.cl\/index.php?rest_route=\/wp\/v2\/posts\/32737\/revisions"}],"predecessor-version":[{"id":32740,"href":"https:\/\/radiorevelacionfm.cl\/index.php?rest_route=\/wp\/v2\/posts\/32737\/revisions\/32740"}],"wp:featuredmedia":[{"embeddable":true,"href":"https:\/\/radiorevelacionfm.cl\/index.php?rest_route=\/wp\/v2\/media\/32738"}],"wp:attachment":[{"href":"https:\/\/radiorevelacionfm.cl\/index.php?rest_route=%2Fwp%2Fv2%2Fmedia&parent=32737"}],"wp:term":[{"taxonomy":"category","embeddable":true,"href":"https:\/\/radiorevelacionfm.cl\/index.php?rest_route=%2Fwp%2Fv2%2Fcategories&post=32737"},{"taxonomy":"post_tag","embeddable":true,"href":"https:\/\/radiorevelacionfm.cl\/index.php?rest_route=%2Fwp%2Fv2%2Ftags&post=32737"}],"curies":[{"name":"wp","href":"https:\/\/api.w.org\/{rel}","templated":true}]}}