{"id":32734,"date":"2023-07-07T11:07:08","date_gmt":"2023-07-07T14:07:08","guid":{"rendered":"https:\/\/radiorevelacionfm.cl\/?p=32734"},"modified":"2023-07-07T11:07:08","modified_gmt":"2023-07-07T14:07:08","slug":"equipo-medico-de-espana-reforzo-y-apoyo-a-profesionales-del-hospital-coyhaique-por-campana-de-invierno","status":"publish","type":"post","link":"https:\/\/radiorevelacionfm.cl\/?p=32734","title":{"rendered":"Equipo m\u00e9dico de Espa\u00f1a reforz\u00f3 y apoy\u00f3 a profesionales del Hospital Coyhaique por Campa\u00f1a de Invierno"},"content":{"rendered":"<div class=\"flex_column av_one_full  flex_column_div av-zero-column-padding first  avia-builder-el-0  el_before_av_one_full  avia-builder-el-first  \" style='border-radius:0px; '><div  class='avia-image-container  av-styling-    avia-builder-el-1  avia-builder-el-no-sibling  avia-align-center '  itemprop=\"image\" itemscope=\"itemscope\" itemtype=\"https:\/\/schema.org\/ImageObject\"  ><div class='avia-image-container-inner'><div class='avia-image-overlay-wrap'><img decoding=\"async\" class='wp-image-32735 avia-img-lazy-loading-not-32735 avia_image' src=\"https:\/\/radiorevelacionfm.cl\/wp-content\/uploads\/2023\/07\/image-132-2.jpg\" alt='' title='image-132-2' height=\"600\" width=\"1038\"  itemprop=\"thumbnailUrl\" srcset=\"https:\/\/radiorevelacionfm.cl\/wp-content\/uploads\/2023\/07\/image-132-2.jpg 1038w, https:\/\/radiorevelacionfm.cl\/wp-content\/uploads\/2023\/07\/image-132-2-300x173.jpg 300w, https:\/\/radiorevelacionfm.cl\/wp-content\/uploads\/2023\/07\/image-132-2-1030x595.jpg 1030w, https:\/\/radiorevelacionfm.cl\/wp-content\/uploads\/2023\/07\/image-132-2-768x444.jpg 768w, https:\/\/radiorevelacionfm.cl\/wp-content\/uploads\/2023\/07\/image-132-2-705x408.jpg 705w, https:\/\/radiorevelacionfm.cl\/wp-content\/uploads\/2023\/07\/image-132-2-450x260.jpg 450w, https:\/\/radiorevelacionfm.cl\/wp-content\/uploads\/2023\/07\/image-132-2-600x347.jpg 600w\" sizes=\"(max-width: 1038px) 100vw, 1038px\" \/><\/div><\/div><\/div><\/div><div class=\"flex_column av_one_full  flex_column_div av-zero-column-padding first  avia-builder-el-2  el_after_av_one_full  el_before_av_one_full  column-top-margin\" style='border-radius:0px; '><section class=\"av_textblock_section \"  itemscope=\"itemscope\" itemtype=\"https:\/\/schema.org\/BlogPosting\" itemprop=\"blogPost\" ><div class='avia_textblock  '   itemprop=\"text\" ><p style=\"text-align: center;\"><span style=\"font-size: 18pt;\"><strong>Equipo m\u00e9dico de Espa\u00f1a reforz\u00f3 y apoy\u00f3 a profesionales del Hospital Coyhaique por Campa\u00f1a de Invierno<\/strong><\/span><\/p>\n<div id=\"gtx-trans\" style=\"position: absolute; left: -50px; top: 4.31534px;\">\n<div class=\"gtx-trans-icon\"><\/div>\n<\/div>\n<\/div><\/section><\/div><div class=\"flex_column av_one_full  flex_column_div av-zero-column-padding first  avia-builder-el-4  el_after_av_one_full  el_before_av_hr  column-top-margin\" style='border-radius:0px; '><section class=\"av_textblock_section \"  itemscope=\"itemscope\" itemtype=\"https:\/\/schema.org\/BlogPosting\" itemprop=\"blogPost\" ><div class='avia_textblock  '   itemprop=\"text\" ><p style=\"text-align: justify;\">Atenci\u00f3n directa a pacientes preescolares y lactantes graves en UTI Pedi\u00e1trica y UCI Adulto del Hospital Regional Coyhaique (HRC), fueron parte de las acciones que durante dos semanas realiz\u00f3 el equipo m\u00e9dico proveniente de Espa\u00f1a, denominados \u201cEMT\u201d y que se definen como grupos de profesionales integrado por: m\u00e9dicos, enfermeras, param\u00e9dicos, trabajadores de apoyo, log\u00edsticos, que tratan a pacientes afectados por una emergencia o desastre.<\/p>\n<p style=\"text-align: justify;\">En el caso de Coyhaique, los profesionales estuvieron durante dos semanas en el Hospital Regional apoyando la estrategia de Campa\u00f1a de Invierno que mantiene la Direcci\u00f3n del Servicio de Salud.<\/p>\n<p style=\"text-align: justify;\">\u201cUna experiencia profesional importante y he tenido la suerte y el honor de ser el l\u00edder del equipo de enfermer\u00eda que han sido nuestros pies y manos estos d\u00edas aqu\u00ed y materializar este relevo para que el equipo haya podido dar ese descanso para los equipos locales\u201d, se\u00f1al\u00f3 Juan Gonz\u00e1lez de Escalada, l\u00edder de la misi\u00f3n.<\/p>\n<p style=\"text-align: justify;\">Los equipos de emergencia se encuentran certificados por la Organizaci\u00f3n Mundial de la Salud (OMS) y participan en misiones en distintos pa\u00edses del mundo.<\/p>\n<p style=\"text-align: justify;\">\u201cProducto de un convenio que existe entre nuestro gobierno y la Organizaci\u00f3n Panamericana de la Salud (OPS), para contar con este apoyo que fue muy \u00fatil para nosotros. El equipo especialista en atenci\u00f3n intensiva pedi\u00e1trica realiz\u00f3 labores tanto en la Unidad de Tratamiento Intermedio de Pediatr\u00eda de nuestro hospital, como en la atenci\u00f3n directa de paciente pedi\u00e1tricos que ingresaron a la UCI adulto que tenemos en la instituci\u00f3n y adem\u00e1s realizaron capacitaciones a nuestro equipo\u201d, precis\u00f3 por su parte, el doctor Rodrigo Verdugo, Subdirector de Gesti\u00f3n Asistencial del Servicio de Salud Ays\u00e9n.<\/p>\n<p style=\"text-align: justify;\">\u201cAl final no hay mucha discrepancia entre c\u00f3mo se trabaja ac\u00e1 y como lo hacemos nosotros en Espa\u00f1a, pero siempre se puede aprender y esperamos que nuestra colaboraci\u00f3n haya sido de ayuda\u201d, matiz\u00f3 la enfermera andaluza, Julia Ceballos.<\/p>\n<p style=\"text-align: justify;\">Su compa\u00f1era Alba Molina, agreg\u00f3 que \u201cpara m\u00ed ha sido muy interesante y enriquecedor repetir la experiencia que nosotros mismos hemos tenido en el invierno europeo, con un contexto diferente, pero con ni\u00f1os con patolog\u00edas an\u00e1logas\u201d, subray\u00f3.<\/p>\n<p style=\"text-align: justify;\">Tambi\u00e9n durante la \u00faltima semana se sum\u00f3 el doctor Alberto Ferr\u00edn, intensivista pedi\u00e1trico de C\u00f3rdoba, Andaluc\u00eda, quien manifest\u00f3 que \u201csobre todo, dar apoyo en el manejo de paciente cr\u00edtico pedi\u00e1trico, entubado y cardiovascular\u201d.<\/p>\n<p style=\"text-align: justify;\">El equipo procedente de Andaluc\u00eda, Espa\u00f1a, lo integraron dos m\u00e9dicos intensivistas pedi\u00e1tricos y dos enfermeras de UCI pedi\u00e1trica.<\/p>\n<\/div><\/section><\/div><div  style='height:50px' class='hr hr-invisible   avia-builder-el-6  el_after_av_one_full  el_before_av_social_share '><span class='hr-inner ' ><span class='hr-inner-style'><\/span><\/span><\/div><\/p>\n<div  class='av-social-sharing-box  avia-builder-el-7  el_after_av_hr  el_before_av_hr  '><div class='av-share-box'><h5 class='av-share-link-description av-no-toc '>Compartir esta noticia<\/h5><ul class='av-share-box-list noLightbox'><li class='av-share-link av-social-link-facebook' ><a target=\"_blank\" aria-label=\"Compartir en Facebook\" href='https:\/\/www.facebook.com\/sharer.php?u=https:\/\/radiorevelacionfm.cl\/?p=32734&#038;t=Equipo%20m%C3%A9dico%20de%20Espa%C3%B1a%20reforz%C3%B3%20y%20apoy%C3%B3%20a%20profesionales%20del%20Hospital%20Coyhaique%20por%20Campa%C3%B1a%20de%20Invierno' aria-hidden='false' data-av_icon='\ue8f3' data-av_iconfont='entypo-fontello' title='' data-avia-related-tooltip='Compartir en Facebook' rel=\"noopener\"><span class='avia_hidden_link_text'>Compartir en Facebook<\/span><\/a><\/li><li class='av-share-link av-social-link-twitter' ><a target=\"_blank\" aria-label=\"Compartir en Twitter\" href='https:\/\/twitter.com\/share?text=Equipo%20m%C3%A9dico%20de%20Espa%C3%B1a%20reforz%C3%B3%20y%20apoy%C3%B3%20a%20profesionales%20del%20Hospital%20Coyhaique%20por%20Campa%C3%B1a%20de%20Invierno&#038;url=https:\/\/radiorevelacionfm.cl\/?p=32734' aria-hidden='false' data-av_icon='\ue8f1' data-av_iconfont='entypo-fontello' title='' data-avia-related-tooltip='Compartir en Twitter' rel=\"noopener\"><span class='avia_hidden_link_text'>Compartir en Twitter<\/span><\/a><\/li><li class='av-share-link av-social-link-whatsapp' ><a target=\"_blank\" aria-label=\"Compartir en Whatsapp\" href='https:\/\/api.whatsapp.com\/send?text=https:\/\/radiorevelacionfm.cl\/?p=32734' aria-hidden='false' data-av_icon='\uf232' data-av_iconfont='entypo-fontello' title='' data-avia-related-tooltip='Compartir en Whatsapp' rel=\"noopener\"><span class='avia_hidden_link_text'>Compartir en Whatsapp<\/span><\/a><\/li><li class='av-share-link av-social-link-linkedin' ><a target=\"_blank\" aria-label=\"Compartir en LinkedIn\" href='https:\/\/linkedin.com\/shareArticle?mini=true&#038;title=Equipo%20m%C3%A9dico%20de%20Espa%C3%B1a%20reforz%C3%B3%20y%20apoy%C3%B3%20a%20profesionales%20del%20Hospital%20Coyhaique%20por%20Campa%C3%B1a%20de%20Invierno&#038;url=https:\/\/radiorevelacionfm.cl\/?p=32734' aria-hidden='false' data-av_icon='\ue8fc' data-av_iconfont='entypo-fontello' title='' data-avia-related-tooltip='Compartir en LinkedIn' rel=\"noopener\"><span class='avia_hidden_link_text'>Compartir en LinkedIn<\/span><\/a><\/li><li class='av-share-link av-social-link-mail' ><a  aria-label=\"Compartir por correo\" href='mailto:?subject=Equipo%20m%C3%A9dico%20de%20Espa%C3%B1a%20reforz%C3%B3%20y%20apoy%C3%B3%20a%20profesionales%20del%20Hospital%20Coyhaique%20por%20Campa%C3%B1a%20de%20Invierno&#038;body=https:\/\/radiorevelacionfm.cl\/?p=32734' aria-hidden='false' data-av_icon='\ue805' data-av_iconfont='entypo-fontello' title='' data-avia-related-tooltip='Compartir por correo'><span class='avia_hidden_link_text'>Compartir por correo<\/span><\/a><\/li><\/ul><\/div><\/div>\n<div  style='height:50px' class='hr hr-invisible   avia-builder-el-8  el_after_av_social_share  el_before_av_comments_list '><span class='hr-inner ' ><span class='hr-inner-style'><\/span><\/span><\/div>\n<div  class='av-buildercomment  av-blog-meta-html-info-disabled av-blog-meta-tag-disabled  '><\/div>\n","protected":false},"excerpt":{"rendered":"","protected":false},"author":1,"featured_media":32735,"comment_status":"open","ping_status":"open","sticky":false,"template":"","format":"standard","meta":{"footnotes":""},"categories":[46],"tags":[],"class_list":["post-32734","post","type-post","status-publish","format-standard","has-post-thumbnail","hentry","category-salud"],"jetpack_featured_media_url":"https:\/\/radiorevelacionfm.cl\/wp-content\/uploads\/2023\/07\/image-132-2.jpg","_links":{"self":[{"href":"https:\/\/radiorevelacionfm.cl\/index.php?rest_route=\/wp\/v2\/posts\/32734","targetHints":{"allow":["GET"]}}],"collection":[{"href":"https:\/\/radiorevelacionfm.cl\/index.php?rest_route=\/wp\/v2\/posts"}],"about":[{"href":"https:\/\/radiorevelacionfm.cl\/index.php?rest_route=\/wp\/v2\/types\/post"}],"author":[{"embeddable":true,"href":"https:\/\/radiorevelacionfm.cl\/index.php?rest_route=\/wp\/v2\/users\/1"}],"replies":[{"embeddable":true,"href":"https:\/\/radiorevelacionfm.cl\/index.php?rest_route=%2Fwp%2Fv2%2Fcomments&post=32734"}],"version-history":[{"count":1,"href":"https:\/\/radiorevelacionfm.cl\/index.php?rest_route=\/wp\/v2\/posts\/32734\/revisions"}],"predecessor-version":[{"id":32736,"href":"https:\/\/radiorevelacionfm.cl\/index.php?rest_route=\/wp\/v2\/posts\/32734\/revisions\/32736"}],"wp:featuredmedia":[{"embeddable":true,"href":"https:\/\/radiorevelacionfm.cl\/index.php?rest_route=\/wp\/v2\/media\/32735"}],"wp:attachment":[{"href":"https:\/\/radiorevelacionfm.cl\/index.php?rest_route=%2Fwp%2Fv2%2Fmedia&parent=32734"}],"wp:term":[{"taxonomy":"category","embeddable":true,"href":"https:\/\/radiorevelacionfm.cl\/index.php?rest_route=%2Fwp%2Fv2%2Fcategories&post=32734"},{"taxonomy":"post_tag","embeddable":true,"href":"https:\/\/radiorevelacionfm.cl\/index.php?rest_route=%2Fwp%2Fv2%2Ftags&post=32734"}],"curies":[{"name":"wp","href":"https:\/\/api.w.org\/{rel}","templated":true}]}}