{"id":32725,"date":"2023-07-07T20:27:28","date_gmt":"2023-07-07T23:27:28","guid":{"rendered":"https:\/\/radiorevelacionfm.cl\/?p=32725"},"modified":"2023-07-07T20:27:28","modified_gmt":"2023-07-07T23:27:28","slug":"profesionales-de-la-oficina-del-adulto-mayor-de-la-caj-son-reconocidas-con-el-primer-lugar-en-satisfaccion-usuaria","status":"publish","type":"post","link":"https:\/\/radiorevelacionfm.cl\/?p=32725","title":{"rendered":"Profesionales de la Oficina del Adulto Mayor de la CAJ son reconocidas con el primer lugar en satisfacci\u00f3n usuaria"},"content":{"rendered":"<div class=\"flex_column av_one_full  flex_column_div av-zero-column-padding first  avia-builder-el-0  el_before_av_one_full  avia-builder-el-first  \" style='border-radius:0px; '><div  class='avia-image-container  av-styling-    avia-builder-el-1  avia-builder-el-no-sibling  avia-align-center '  itemprop=\"image\" itemscope=\"itemscope\" itemtype=\"https:\/\/schema.org\/ImageObject\"  ><div class='avia-image-container-inner'><div class='avia-image-overlay-wrap'><img decoding=\"async\" class='wp-image-32726 avia-img-lazy-loading-not-32726 avia_image' src=\"https:\/\/radiorevelacionfm.cl\/wp-content\/uploads\/2023\/07\/Reconocimiento-CAJ-2-2.jpg\" alt='' title='Reconocimiento CAJ-2-2' height=\"600\" width=\"815\"  itemprop=\"thumbnailUrl\" srcset=\"https:\/\/radiorevelacionfm.cl\/wp-content\/uploads\/2023\/07\/Reconocimiento-CAJ-2-2.jpg 815w, https:\/\/radiorevelacionfm.cl\/wp-content\/uploads\/2023\/07\/Reconocimiento-CAJ-2-2-300x221.jpg 300w, https:\/\/radiorevelacionfm.cl\/wp-content\/uploads\/2023\/07\/Reconocimiento-CAJ-2-2-768x565.jpg 768w, https:\/\/radiorevelacionfm.cl\/wp-content\/uploads\/2023\/07\/Reconocimiento-CAJ-2-2-705x519.jpg 705w, https:\/\/radiorevelacionfm.cl\/wp-content\/uploads\/2023\/07\/Reconocimiento-CAJ-2-2-450x331.jpg 450w, https:\/\/radiorevelacionfm.cl\/wp-content\/uploads\/2023\/07\/Reconocimiento-CAJ-2-2-600x442.jpg 600w\" sizes=\"(max-width: 815px) 100vw, 815px\" \/><\/div><\/div><\/div><\/div><div class=\"flex_column av_one_full  flex_column_div av-zero-column-padding first  avia-builder-el-2  el_after_av_one_full  el_before_av_one_full  column-top-margin\" style='border-radius:0px; '><section class=\"av_textblock_section \"  itemscope=\"itemscope\" itemtype=\"https:\/\/schema.org\/BlogPosting\" itemprop=\"blogPost\" ><div class='avia_textblock  '   itemprop=\"text\" ><p style=\"text-align: center;\"><span style=\"font-size: 18pt;\"><strong>Profesionales de la Oficina del Adulto Mayor de la CAJ son reconocidas con el primer lugar en satisfacci\u00f3n usuaria <\/strong><\/span><\/p>\n<div id=\"gtx-trans\" style=\"position: absolute; left: -50px; top: 4.31534px;\">\n<div class=\"gtx-trans-icon\"><\/div>\n<\/div>\n<\/div><\/section><\/div><div class=\"flex_column av_one_full  flex_column_div av-zero-column-padding first  avia-builder-el-4  el_after_av_one_full  el_before_av_hr  column-top-margin\" style='border-radius:0px; '><section class=\"av_textblock_section \"  itemscope=\"itemscope\" itemtype=\"https:\/\/schema.org\/BlogPosting\" itemprop=\"blogPost\" ><div class='avia_textblock  '   itemprop=\"text\" ><p style=\"text-align: justify;\">Recientemente, la dupla socio-jur\u00eddica de la Oficina de Atenci\u00f3n del Adulto Mayor de la Corporaci\u00f3n de Asistencia Judicial del B\u00edo B\u00edo integrada por la abogada Mildred Vasquinzay y la trabajadora social Karem Osorio recibieron de manos del Seremi de Justicia y DDHH Samuel Navarro y la Directora Regional (s) de la entidad Mar\u00eda Francisca Vilches, un reconocimiento por su alto logro de cumplimiento de satisfacci\u00f3n usuaria en el marco de la meta institucional N\u00b01 del 2022 para garantizar el acceso a la Justicia de todos y todas.<\/p>\n<p style=\"text-align: justify;\">Cabe mencionar que la Oficina del Adulto Mayor o Defensa Jur\u00eddica Integral del Adulto Mayor (ODAM) dependiente de la Corporaci\u00f3n de Asistencia Judicial del B\u00edo B\u00edo, es un programa con cobertura regional especializado en atenci\u00f3n socio-jur\u00eddica a todas aquellas personas de 60 a\u00f1os y m\u00e1s, que requieran asesor\u00eda jur\u00eddica o patrocinio judicial por ser v\u00edctima de alg\u00fan tipo de abuso o maltrato.<\/p>\n<p style=\"text-align: justify;\">Respecto al trabajo que desarrollan a diario las profesionales de esta oficina, la trabajadora social Karem Osorio explic\u00f3 \u201cdesde que el programa se pone en marcha ha sido un trabajo de constante posicionamiento, de dar a conocer a nuestros usuarios, instituciones y comunidad la oferta y que pueden contar con una representaci\u00f3n y asesoramiento en materia judicial y social, haciendo alusi\u00f3n a esta \u00faltima, donde por mi parte se aborda una alternativa de resoluci\u00f3n de conflictos, pudiendo llegar a un acuerdo extrajudicial entre las partes involucradas. Instancia que ha sido bien recepcionada por parte de nuestros usuarios, donde muchas veces esta v\u00eda ha mantenido las relaciones interpersonales con su n\u00facleo familiar y entorno\u201d.<\/p>\n<p style=\"text-align: justify;\">Mientras que la abogada, Mildred Vasquinzay se refiri\u00f3 a este reconocimiento indicando que \u201cestamos muy felices y agradecidas por este reconocimiento que nos entregan los propios usuarios, ya que es un trabajo que hacemos con mucha responsabilidad, por cierto m\u00e1s, tambi\u00e9n, con mucho coraz\u00f3n\u201d.<\/p>\n<p style=\"text-align: justify;\">En tanto, el Seremi de Justicia y Derechos Humanos Samuel Navarro Castro valor\u00f3 estas instancias y junto con felicitar a las profesionales se\u00f1al\u00f3 \u201cestamos muy contentos que se le haya entregado este reconocimiento simb\u00f3lico pero muy importante a las funcionarias que se desempe\u00f1an en el Programa del Adulto Mayor, este es un reconocimiento que hace el p\u00fablico usuario a la labor que realizan estas profesionales en toda la regi\u00f3n de Ays\u00e9n, quisimos resaltarlo frente a sus pares para que sirva de est\u00edmulo de que \u00e9stas cosas positivas hay que resaltarlas, a\u00fan m\u00e1s cuando vienen del p\u00fablico usuario, quienes reconocen la oportunidad, la eficiencia y la calidez en la atenci\u00f3n, esperamos prontamente entregar el reconocimiento tambi\u00e9n al consultorio de Chile Chico, ya que son estas dos unidades las reconocidas este a\u00f1o 2023 de la Corporaci\u00f3n de Asistencia Judicial, esperamos que en la pr\u00f3xima encuesta de satisfacci\u00f3n usuaria sean m\u00e1s las unidades reconocidas en este aspecto\u201d.<\/p>\n<p style=\"text-align: justify;\">Finalmente, la directora regional (s) de la CAJ Mar\u00eda Francisca Vilches explic\u00f3 que \u201cel reconocimiento que hacemos hoy a nuestras funcionarias de la dupla jur\u00eddico- social de la oficina de atenci\u00f3n al Adulto Mayor lo hacemos en virtud de haber sido esta unidad en conjunto con el consultorio de Chile Chico evaluadas en el primer lugar de satisfacci\u00f3n de nuestros usuarios, y en ese sentido es importante destacar que ambas profesionales han demostrado su gran compromiso con la instituci\u00f3n y principalmente con nuestros usuarios, esto ha significado que los propios usuarios hayan hecho este reconocimiento, como instituci\u00f3n conocemos y valoramos el trabajo tan importante que ellas realizan con nuestros adultos mayores de la regi\u00f3n, y con todos los organismos que se relacionan directa o indirectamente con ello. Cabe mencionar que las profesionales que componen esta dupla realizan atenciones de car\u00e1cter judicial, orientaciones, informes jur\u00eddicos y tambi\u00e9n soluci\u00f3n colaborativa de conflictos\u201d.<\/p>\n<\/div><\/section><\/div><div  style='height:50px' class='hr hr-invisible   avia-builder-el-6  el_after_av_one_full  el_before_av_social_share '><span class='hr-inner ' ><span class='hr-inner-style'><\/span><\/span><\/div><\/p>\n<div  class='av-social-sharing-box  avia-builder-el-7  el_after_av_hr  el_before_av_hr  '><div class='av-share-box'><h5 class='av-share-link-description av-no-toc '>Compartir esta noticia<\/h5><ul class='av-share-box-list noLightbox'><li class='av-share-link av-social-link-facebook' ><a target=\"_blank\" aria-label=\"Compartir en Facebook\" href='https:\/\/www.facebook.com\/sharer.php?u=https:\/\/radiorevelacionfm.cl\/?p=32725&#038;t=Profesionales%20de%20la%20Oficina%20del%20Adulto%20Mayor%20de%20la%20CAJ%20son%20reconocidas%20con%20el%20primer%20lugar%20en%20satisfacci%C3%B3n%20usuaria' aria-hidden='false' data-av_icon='\ue8f3' data-av_iconfont='entypo-fontello' title='' data-avia-related-tooltip='Compartir en Facebook' rel=\"noopener\"><span class='avia_hidden_link_text'>Compartir en Facebook<\/span><\/a><\/li><li class='av-share-link av-social-link-twitter' ><a target=\"_blank\" aria-label=\"Compartir en Twitter\" href='https:\/\/twitter.com\/share?text=Profesionales%20de%20la%20Oficina%20del%20Adulto%20Mayor%20de%20la%20CAJ%20son%20reconocidas%20con%20el%20primer%20lugar%20en%20satisfacci%C3%B3n%20usuaria&#038;url=https:\/\/radiorevelacionfm.cl\/?p=32725' aria-hidden='false' data-av_icon='\ue8f1' data-av_iconfont='entypo-fontello' title='' data-avia-related-tooltip='Compartir en Twitter' rel=\"noopener\"><span class='avia_hidden_link_text'>Compartir en Twitter<\/span><\/a><\/li><li class='av-share-link av-social-link-whatsapp' ><a target=\"_blank\" aria-label=\"Compartir en Whatsapp\" href='https:\/\/api.whatsapp.com\/send?text=https:\/\/radiorevelacionfm.cl\/?p=32725' aria-hidden='false' data-av_icon='\uf232' data-av_iconfont='entypo-fontello' title='' data-avia-related-tooltip='Compartir en Whatsapp' rel=\"noopener\"><span class='avia_hidden_link_text'>Compartir en Whatsapp<\/span><\/a><\/li><li class='av-share-link av-social-link-linkedin' ><a target=\"_blank\" aria-label=\"Compartir en LinkedIn\" href='https:\/\/linkedin.com\/shareArticle?mini=true&#038;title=Profesionales%20de%20la%20Oficina%20del%20Adulto%20Mayor%20de%20la%20CAJ%20son%20reconocidas%20con%20el%20primer%20lugar%20en%20satisfacci%C3%B3n%20usuaria&#038;url=https:\/\/radiorevelacionfm.cl\/?p=32725' aria-hidden='false' data-av_icon='\ue8fc' data-av_iconfont='entypo-fontello' title='' data-avia-related-tooltip='Compartir en LinkedIn' rel=\"noopener\"><span class='avia_hidden_link_text'>Compartir en LinkedIn<\/span><\/a><\/li><li class='av-share-link av-social-link-mail' ><a  aria-label=\"Compartir por correo\" href='mailto:?subject=Profesionales%20de%20la%20Oficina%20del%20Adulto%20Mayor%20de%20la%20CAJ%20son%20reconocidas%20con%20el%20primer%20lugar%20en%20satisfacci%C3%B3n%20usuaria&#038;body=https:\/\/radiorevelacionfm.cl\/?p=32725' aria-hidden='false' data-av_icon='\ue805' data-av_iconfont='entypo-fontello' title='' data-avia-related-tooltip='Compartir por correo'><span class='avia_hidden_link_text'>Compartir por correo<\/span><\/a><\/li><\/ul><\/div><\/div>\n<div  style='height:50px' class='hr hr-invisible   avia-builder-el-8  el_after_av_social_share  el_before_av_comments_list '><span class='hr-inner ' ><span class='hr-inner-style'><\/span><\/span><\/div>\n<div  class='av-buildercomment  av-blog-meta-html-info-disabled av-blog-meta-tag-disabled  '><\/div>\n","protected":false},"excerpt":{"rendered":"","protected":false},"author":1,"featured_media":32726,"comment_status":"open","ping_status":"open","sticky":false,"template":"","format":"standard","meta":{"footnotes":""},"categories":[38],"tags":[],"class_list":["post-32725","post","type-post","status-publish","format-standard","has-post-thumbnail","hentry","category-regional"],"jetpack_featured_media_url":"https:\/\/radiorevelacionfm.cl\/wp-content\/uploads\/2023\/07\/Reconocimiento-CAJ-2-2.jpg","_links":{"self":[{"href":"https:\/\/radiorevelacionfm.cl\/index.php?rest_route=\/wp\/v2\/posts\/32725","targetHints":{"allow":["GET"]}}],"collection":[{"href":"https:\/\/radiorevelacionfm.cl\/index.php?rest_route=\/wp\/v2\/posts"}],"about":[{"href":"https:\/\/radiorevelacionfm.cl\/index.php?rest_route=\/wp\/v2\/types\/post"}],"author":[{"embeddable":true,"href":"https:\/\/radiorevelacionfm.cl\/index.php?rest_route=\/wp\/v2\/users\/1"}],"replies":[{"embeddable":true,"href":"https:\/\/radiorevelacionfm.cl\/index.php?rest_route=%2Fwp%2Fv2%2Fcomments&post=32725"}],"version-history":[{"count":1,"href":"https:\/\/radiorevelacionfm.cl\/index.php?rest_route=\/wp\/v2\/posts\/32725\/revisions"}],"predecessor-version":[{"id":32728,"href":"https:\/\/radiorevelacionfm.cl\/index.php?rest_route=\/wp\/v2\/posts\/32725\/revisions\/32728"}],"wp:featuredmedia":[{"embeddable":true,"href":"https:\/\/radiorevelacionfm.cl\/index.php?rest_route=\/wp\/v2\/media\/32726"}],"wp:attachment":[{"href":"https:\/\/radiorevelacionfm.cl\/index.php?rest_route=%2Fwp%2Fv2%2Fmedia&parent=32725"}],"wp:term":[{"taxonomy":"category","embeddable":true,"href":"https:\/\/radiorevelacionfm.cl\/index.php?rest_route=%2Fwp%2Fv2%2Fcategories&post=32725"},{"taxonomy":"post_tag","embeddable":true,"href":"https:\/\/radiorevelacionfm.cl\/index.php?rest_route=%2Fwp%2Fv2%2Ftags&post=32725"}],"curies":[{"name":"wp","href":"https:\/\/api.w.org\/{rel}","templated":true}]}}