{"id":32722,"date":"2023-07-07T13:04:15","date_gmt":"2023-07-07T16:04:15","guid":{"rendered":"https:\/\/radiorevelacionfm.cl\/?p=32722"},"modified":"2023-07-07T13:04:15","modified_gmt":"2023-07-07T16:04:15","slug":"en-visita-inspectiva-al-hospital-regional-delegado-destaca-rol-de-funcionarios-y-medidas-del-gobierno-en-contingencia-de-enfermedades-respiratorias","status":"publish","type":"post","link":"https:\/\/radiorevelacionfm.cl\/?p=32722","title":{"rendered":"En visita inspectiva al Hospital Regional: Delegado destaca rol de funcionarios y medidas del gobierno en contingencia de enfermedades respiratorias"},"content":{"rendered":"<div class=\"flex_column av_one_full  flex_column_div av-zero-column-padding first  avia-builder-el-0  el_before_av_one_full  avia-builder-el-first  \" style='border-radius:0px; '><div  class='avia-image-container  av-styling-    avia-builder-el-1  avia-builder-el-no-sibling  avia-align-center '  itemprop=\"image\" itemscope=\"itemscope\" itemtype=\"https:\/\/schema.org\/ImageObject\"  ><div class='avia-image-container-inner'><div class='avia-image-overlay-wrap'><img decoding=\"async\" class='wp-image-32723 avia-img-lazy-loading-not-32723 avia_image' src=\"https:\/\/radiorevelacionfm.cl\/wp-content\/uploads\/2023\/07\/1-13-2_optimized.jpg\" alt='' title='1-13-2_optimized' height=\"600\" width=\"900\"  itemprop=\"thumbnailUrl\" srcset=\"https:\/\/radiorevelacionfm.cl\/wp-content\/uploads\/2023\/07\/1-13-2_optimized.jpg 900w, https:\/\/radiorevelacionfm.cl\/wp-content\/uploads\/2023\/07\/1-13-2_optimized-300x200.jpg 300w, https:\/\/radiorevelacionfm.cl\/wp-content\/uploads\/2023\/07\/1-13-2_optimized-768x512.jpg 768w, https:\/\/radiorevelacionfm.cl\/wp-content\/uploads\/2023\/07\/1-13-2_optimized-705x470.jpg 705w, https:\/\/radiorevelacionfm.cl\/wp-content\/uploads\/2023\/07\/1-13-2_optimized-450x300.jpg 450w, https:\/\/radiorevelacionfm.cl\/wp-content\/uploads\/2023\/07\/1-13-2_optimized-600x400.jpg 600w\" sizes=\"(max-width: 900px) 100vw, 900px\" \/><\/div><\/div><\/div><\/div><div class=\"flex_column av_one_full  flex_column_div av-zero-column-padding first  avia-builder-el-2  el_after_av_one_full  el_before_av_one_full  column-top-margin\" style='border-radius:0px; '><section class=\"av_textblock_section \"  itemscope=\"itemscope\" itemtype=\"https:\/\/schema.org\/BlogPosting\" itemprop=\"blogPost\" ><div class='avia_textblock  '   itemprop=\"text\" ><p style=\"text-align: center;\"><strong><span style=\"font-size: 18pt;\">En visita inspectiva al Hospital Regional: Delegado destaca rol de funcionarios y medidas del gobierno en contingencia de enfermedades respiratorias<\/span><\/strong><\/p>\n<div id=\"gtx-trans\" style=\"position: absolute; left: -50px; top: 4.31534px;\">\n<div class=\"gtx-trans-icon\"><\/div>\n<\/div>\n<\/div><\/section><\/div><div class=\"flex_column av_one_full  flex_column_div av-zero-column-padding first  avia-builder-el-4  el_after_av_one_full  el_before_av_hr  column-top-margin\" style='border-radius:0px; '><section class=\"av_textblock_section \"  itemscope=\"itemscope\" itemtype=\"https:\/\/schema.org\/BlogPosting\" itemprop=\"blogPost\" ><div class='avia_textblock  '   itemprop=\"text\" ><p style=\"text-align: justify;\">La ma\u00f1ana del mi\u00e9rcoles el delegado presidencial Rodrigo Araya realiz\u00f3 una visita inspectiva al hospital regional de Coyhaique, para verificar personalmente las condiciones en que se enfrenta la contingencia de enfermedades respiratorias, en el principal centro asistencial de salud de la regi\u00f3n.<\/p>\n<p style=\"text-align: justify;\">El representante del Gobierno lleg\u00f3 acompa\u00f1ado por la seremi de salud, Carmen Monsalve y el director del Servicio de Salud, Mauricio Cort\u00e9s y el\u00a0 subdirector de Gesti\u00f3n Asistencial, Rodrigo Verdugo.<\/p>\n<p style=\"text-align: justify;\">En su visita, el delegado presidencial recorri\u00f3 los servicios de Pediatr\u00eda, Urgencia Pedi\u00e1trica, UTI Pedi\u00e1trica, UCI y Urgencia de Adultos, pudiendo comprobar el trabajo de las y los funcionarios, el desempe\u00f1o de los equipos y la tecnolog\u00eda de que dispone el recinto y el resultado de este trabajo en la salud de la poblaci\u00f3n.<\/p>\n<p style=\"text-align: justify;\">\u201cB\u00e1sicamente vinimos a manifestar que desde nuestro Gobierno del presidente Boric y nuestra ministra de Salud, la tarea que han acometido en estos \u00faltimos meses de aumento de patolog\u00edas respiratorias ha sido important\u00edsima para la calidad de atenci\u00f3n de nuestra comunidad y a felicitar a los equipos por su capacidad de contribuir en esta estrategia, incluyendo episodios en que equipos que trabajan con adultos han tenido que trabajar con ni\u00f1os, y que lo han hecho muy bien\u201d, se\u00f1al\u00f3 Rodrigo Araya.<\/p>\n<p style=\"text-align: justify;\">Asimismo, el delegado destac\u00f3 la velocidad con que el Gobierno ha tomado las decisiones necesarias frente a la actual contingencia. \u201cHemos tenido rapidez en la transferencia de recursos para implementaci\u00f3n y equipamientos que se necesitaban, pero tambi\u00e9n en la decisi\u00f3n de traer a la regi\u00f3n el primer equipo que lleg\u00f3 desde la OPS (Organizaci\u00f3n Panamericana de la Salud), de especialistas internacionales. El primer equipo que lleg\u00f3 a Chile fue enviado a Ays\u00e9n y est\u00e1 trabajando en apoyo a las unidades del hospital\u201d, afirm\u00f3 el delegado presidencial.<\/p>\n<p style=\"text-align: justify;\">Por su parte, el director del Servicio de Salud, Mauricio Cort\u00e9s, destac\u00f3 el apoyo ministerial en la preparaci\u00f3n de esta campa\u00f1a de invierno. \u201cHace meses comenzamos nuestra campa\u00f1a de invierno. Hemos tenido un apoyo permanente de nuestro Ministerio, m\u00e1s el apoyo del equipo de la OPS que ha permitido reforzar la Unidad de Pediatr\u00eda, lo que da tranquilidad a la ciudadan\u00eda porque nos han manifestado que el equipo se encuentra plenamente capacitado para enfrentar contingencias respiratorias\u201d, afirm\u00f3 Cort\u00e9s.<\/p>\n<p style=\"text-align: justify;\">Valorando el rol de las y los funcionarios, la seremi de salud, Carmen Monsalve, enfatiz\u00f3 tambi\u00e9n el esfuerzo que se realiza desde el Gobierno indicando que se ha estado \u201ctrabajando de manera muy colaborativa y estrecha con el Servicio de Salud Ays\u00e9n, con los dispositivos de salud que conforman la red asistencial y teniendo muy en cuenta lo que menciona el delegado presidencial sobre nuestros equipos asistenciales, que han arrastrado todos estos a\u00f1os de sobre demanda asistencial y este no es el \u00fanico que ellos enfrentan de situaciones complejas\u201d, explic\u00f3 la seremi.<\/p>\n<p style=\"text-align: justify;\">Otro elemento destacado por las autoridades en esta visita, fue el refuerzo en equipos que ha recibido \u00faltimamente el principal centro asistencial de nuestra regi\u00f3n. Su director (S.), Daniel Jara, se\u00f1al\u00f3 que esta tecnolog\u00eda otorga mejores herramientas de trabajo al personal. \u201cHoy en d\u00eda tenemos ventiladores invasivos y no invasivos y otros equipamientos que eran necesarios para dar la atenci\u00f3n adecuada a los pacientes pedi\u00e1tricos, en una celeridad creo que nunca antes vista\u201d, indic\u00f3, agregando que esto ha permitido entregar a los funcionarios la tranquilidad \u201cde tener las herramientas para atender a los pacientes, como a los pacientes de poder ser atendidos\u201d, inform\u00f3.<\/p>\n<p style=\"text-align: justify;\">El director del hospital regional afirm\u00f3 que 17 pacientes pedi\u00e1tricos cr\u00edticos han sido trasladados fuera de la regi\u00f3n, recibiendo una atenci\u00f3n adecuada y que algunos de ellos ya han podido regresar a la regi\u00f3n.<\/p>\n<p style=\"text-align: justify;\">Por \u00faltimo, al t\u00e9rmino de la visita, las autoridades llamaron a la comunidad al autocuidado, ya que el esfuerzo desplegado y las tecnolog\u00edas incorporadas en las \u00faltimas semanas al hospital regional, no superan a la prevenci\u00f3n. Por ello reiteraron la importancia de la vacunaci\u00f3n y de mantener las medidas preventivas en lugares como el hogar y los lugares de trabajo.<\/p>\n<\/div><\/section><\/div><div  style='height:50px' class='hr hr-invisible   avia-builder-el-6  el_after_av_one_full  el_before_av_social_share '><span class='hr-inner ' ><span class='hr-inner-style'><\/span><\/span><\/div><\/p>\n<div  class='av-social-sharing-box  avia-builder-el-7  el_after_av_hr  el_before_av_hr  '><div class='av-share-box'><h5 class='av-share-link-description av-no-toc '>Compartir esta noticia<\/h5><ul class='av-share-box-list noLightbox'><li class='av-share-link av-social-link-facebook' ><a target=\"_blank\" aria-label=\"Compartir en Facebook\" href='https:\/\/www.facebook.com\/sharer.php?u=https:\/\/radiorevelacionfm.cl\/?p=32722&#038;t=En%20visita%20inspectiva%20al%20Hospital%20Regional%3A%20Delegado%20destaca%20rol%20de%20funcionarios%20y%20medidas%20del%20gobierno%20en%20contingencia%20de%20enfermedades%20respiratorias' aria-hidden='false' data-av_icon='\ue8f3' data-av_iconfont='entypo-fontello' title='' data-avia-related-tooltip='Compartir en Facebook' rel=\"noopener\"><span class='avia_hidden_link_text'>Compartir en Facebook<\/span><\/a><\/li><li class='av-share-link av-social-link-twitter' ><a target=\"_blank\" aria-label=\"Compartir en Twitter\" href='https:\/\/twitter.com\/share?text=En%20visita%20inspectiva%20al%20Hospital%20Regional%3A%20Delegado%20destaca%20rol%20de%20funcionarios%20y%20medidas%20del%20gobierno%20en%20contingencia%20de%20enfermedades%20respiratorias&#038;url=https:\/\/radiorevelacionfm.cl\/?p=32722' aria-hidden='false' data-av_icon='\ue8f1' data-av_iconfont='entypo-fontello' title='' data-avia-related-tooltip='Compartir en Twitter' rel=\"noopener\"><span class='avia_hidden_link_text'>Compartir en Twitter<\/span><\/a><\/li><li class='av-share-link av-social-link-whatsapp' ><a target=\"_blank\" aria-label=\"Compartir en Whatsapp\" href='https:\/\/api.whatsapp.com\/send?text=https:\/\/radiorevelacionfm.cl\/?p=32722' aria-hidden='false' data-av_icon='\uf232' data-av_iconfont='entypo-fontello' title='' data-avia-related-tooltip='Compartir en Whatsapp' rel=\"noopener\"><span class='avia_hidden_link_text'>Compartir en Whatsapp<\/span><\/a><\/li><li class='av-share-link av-social-link-linkedin' ><a target=\"_blank\" aria-label=\"Compartir en LinkedIn\" href='https:\/\/linkedin.com\/shareArticle?mini=true&#038;title=En%20visita%20inspectiva%20al%20Hospital%20Regional%3A%20Delegado%20destaca%20rol%20de%20funcionarios%20y%20medidas%20del%20gobierno%20en%20contingencia%20de%20enfermedades%20respiratorias&#038;url=https:\/\/radiorevelacionfm.cl\/?p=32722' aria-hidden='false' data-av_icon='\ue8fc' data-av_iconfont='entypo-fontello' title='' data-avia-related-tooltip='Compartir en LinkedIn' rel=\"noopener\"><span class='avia_hidden_link_text'>Compartir en LinkedIn<\/span><\/a><\/li><li class='av-share-link av-social-link-mail' ><a  aria-label=\"Compartir por correo\" href='mailto:?subject=En%20visita%20inspectiva%20al%20Hospital%20Regional%3A%20Delegado%20destaca%20rol%20de%20funcionarios%20y%20medidas%20del%20gobierno%20en%20contingencia%20de%20enfermedades%20respiratorias&#038;body=https:\/\/radiorevelacionfm.cl\/?p=32722' aria-hidden='false' data-av_icon='\ue805' data-av_iconfont='entypo-fontello' title='' data-avia-related-tooltip='Compartir por correo'><span class='avia_hidden_link_text'>Compartir por correo<\/span><\/a><\/li><\/ul><\/div><\/div>\n<div  style='height:50px' class='hr hr-invisible   avia-builder-el-8  el_after_av_social_share  el_before_av_comments_list '><span class='hr-inner ' ><span class='hr-inner-style'><\/span><\/span><\/div>\n<div  class='av-buildercomment  av-blog-meta-html-info-disabled av-blog-meta-tag-disabled  '><\/div>\n","protected":false},"excerpt":{"rendered":"","protected":false},"author":1,"featured_media":32723,"comment_status":"open","ping_status":"open","sticky":false,"template":"","format":"standard","meta":{"footnotes":""},"categories":[38],"tags":[],"class_list":["post-32722","post","type-post","status-publish","format-standard","has-post-thumbnail","hentry","category-regional"],"jetpack_featured_media_url":"https:\/\/radiorevelacionfm.cl\/wp-content\/uploads\/2023\/07\/1-13-2_optimized.jpg","_links":{"self":[{"href":"https:\/\/radiorevelacionfm.cl\/index.php?rest_route=\/wp\/v2\/posts\/32722","targetHints":{"allow":["GET"]}}],"collection":[{"href":"https:\/\/radiorevelacionfm.cl\/index.php?rest_route=\/wp\/v2\/posts"}],"about":[{"href":"https:\/\/radiorevelacionfm.cl\/index.php?rest_route=\/wp\/v2\/types\/post"}],"author":[{"embeddable":true,"href":"https:\/\/radiorevelacionfm.cl\/index.php?rest_route=\/wp\/v2\/users\/1"}],"replies":[{"embeddable":true,"href":"https:\/\/radiorevelacionfm.cl\/index.php?rest_route=%2Fwp%2Fv2%2Fcomments&post=32722"}],"version-history":[{"count":1,"href":"https:\/\/radiorevelacionfm.cl\/index.php?rest_route=\/wp\/v2\/posts\/32722\/revisions"}],"predecessor-version":[{"id":32724,"href":"https:\/\/radiorevelacionfm.cl\/index.php?rest_route=\/wp\/v2\/posts\/32722\/revisions\/32724"}],"wp:featuredmedia":[{"embeddable":true,"href":"https:\/\/radiorevelacionfm.cl\/index.php?rest_route=\/wp\/v2\/media\/32723"}],"wp:attachment":[{"href":"https:\/\/radiorevelacionfm.cl\/index.php?rest_route=%2Fwp%2Fv2%2Fmedia&parent=32722"}],"wp:term":[{"taxonomy":"category","embeddable":true,"href":"https:\/\/radiorevelacionfm.cl\/index.php?rest_route=%2Fwp%2Fv2%2Fcategories&post=32722"},{"taxonomy":"post_tag","embeddable":true,"href":"https:\/\/radiorevelacionfm.cl\/index.php?rest_route=%2Fwp%2Fv2%2Ftags&post=32722"}],"curies":[{"name":"wp","href":"https:\/\/api.w.org\/{rel}","templated":true}]}}