{"id":32718,"date":"2023-07-07T14:10:25","date_gmt":"2023-07-07T17:10:25","guid":{"rendered":"https:\/\/radiorevelacionfm.cl\/?p=32718"},"modified":"2023-07-07T14:10:25","modified_gmt":"2023-07-07T17:10:25","slug":"conforman-nuevo-consejo-asesor-de-ninos-ninas-y-adolescentes-en-la-region","status":"publish","type":"post","link":"https:\/\/radiorevelacionfm.cl\/?p=32718","title":{"rendered":"Conforman nuevo Consejo Asesor de ni\u00f1os, ni\u00f1as y adolescentes en la regi\u00f3n"},"content":{"rendered":"<div class=\"flex_column av_one_full  flex_column_div av-zero-column-padding first  avia-builder-el-0  el_before_av_one_full  avia-builder-el-first  \" style='border-radius:0px; '><div  class='avia-image-container  av-styling-    avia-builder-el-1  avia-builder-el-no-sibling  avia-align-center '  itemprop=\"image\" itemscope=\"itemscope\" itemtype=\"https:\/\/schema.org\/ImageObject\"  ><div class='avia-image-container-inner'><div class='avia-image-overlay-wrap'><img decoding=\"async\" class='wp-image-32719 avia-img-lazy-loading-not-32719 avia_image' src=\"https:\/\/radiorevelacionfm.cl\/wp-content\/uploads\/2023\/07\/1-12-2-2.jpeg\" alt='' title='1 (12)-2-2' height=\"600\" width=\"901\"  itemprop=\"thumbnailUrl\" srcset=\"https:\/\/radiorevelacionfm.cl\/wp-content\/uploads\/2023\/07\/1-12-2-2.jpeg 901w, https:\/\/radiorevelacionfm.cl\/wp-content\/uploads\/2023\/07\/1-12-2-2-300x200.jpeg 300w, https:\/\/radiorevelacionfm.cl\/wp-content\/uploads\/2023\/07\/1-12-2-2-768x511.jpeg 768w, https:\/\/radiorevelacionfm.cl\/wp-content\/uploads\/2023\/07\/1-12-2-2-705x469.jpeg 705w, https:\/\/radiorevelacionfm.cl\/wp-content\/uploads\/2023\/07\/1-12-2-2-450x300.jpeg 450w, https:\/\/radiorevelacionfm.cl\/wp-content\/uploads\/2023\/07\/1-12-2-2-600x400.jpeg 600w\" sizes=\"(max-width: 901px) 100vw, 901px\" \/><\/div><\/div><\/div><\/div>\n<div class=\"flex_column av_one_full  flex_column_div av-zero-column-padding first  avia-builder-el-2  el_after_av_one_full  el_before_av_one_full  column-top-margin\" style='border-radius:0px; '><section class=\"av_textblock_section \"  itemscope=\"itemscope\" itemtype=\"https:\/\/schema.org\/BlogPosting\" itemprop=\"blogPost\" ><div class='avia_textblock  '   itemprop=\"text\" ><p style=\"text-align: center;\"><span style=\"font-size: 18pt;\"><b>Conforman nuevo Consejo Asesor de ni\u00f1os, ni\u00f1as y adolescentes en la regi\u00f3n<\/b><\/span><\/p>\n<div id=\"gtx-trans\" style=\"position: absolute; left: -50px; top: 4.31534px;\">\n<div class=\"gtx-trans-icon\"><\/div>\n<\/div>\n<\/div><\/section><\/div><div class=\"flex_column av_one_full  flex_column_div av-zero-column-padding first  avia-builder-el-4  el_after_av_one_full  el_before_av_hr  column-top-margin\" style='border-radius:0px; '><section class=\"av_textblock_section \"  itemscope=\"itemscope\" itemtype=\"https:\/\/schema.org\/BlogPosting\" itemprop=\"blogPost\" ><div class='avia_textblock  '   itemprop=\"text\" ><p style=\"text-align: justify;\">Cuatro integrantes fueron electos por sus propios pares (dos ni\u00f1os y dos adolescentes) para conformar el nuevo Consejo Asesor, organismo que es parte de las acciones que ejecuta la unidad de participaci\u00f3n del Servicio Nacional de Protecci\u00f3n Especializada en la regi\u00f3n.<\/p>\n<p style=\"text-align: justify;\">Dichos ni\u00f1os, ni\u00f1as y adolescentes integran la red de protecci\u00f3n y de residencias y que presentan alg\u00fan grado de vulneraci\u00f3n de derechos, es por esto que, a trav\u00e9s de la direcci\u00f3n regional del Servicio y su unidad de participaci\u00f3n, se han propuesto desarrollar durante el a\u00f1o un sinn\u00famero de actividades que tienen como objetivo relevar sus necesidades y requerimientos.<\/p>\n<p style=\"text-align: justify;\">Al respecto, el encargado de la unidad de participaci\u00f3n de la direcci\u00f3n regional (del SPE) Alexis Ballesteros, indic\u00f3 que \u201ccomo unidad durante todo el a\u00f1o estamos trabajando y entregando espacios a los ni\u00f1os, ni\u00f1as y adolescentes que se encuentran en residencias y programas de reparaci\u00f3n por derechos gravemente vulnerados. En este primer encuentro regional de participaci\u00f3n de este 2023 pudimos hacer algo distinto, ya que dimos a conocer a los presentes el trabajo que hemos realizado desde el a\u00f1o pasado hasta hoy y como broche de oro se desarroll\u00f3 la elecci\u00f3n del nuevo <em>Consejo Asesor<\/em>, Consejo que est\u00e1 conformado por 4 integrantes y que ser\u00e1n los encargados de liderar las pr\u00f3ximas actividades de participaci\u00f3n con sus pares y sus familias y eso nos tiene tremendamente entusiasmados ya que es primera vez que se crea dicha instancia en nuestra regi\u00f3n\u201d.<\/p>\n<p style=\"text-align: justify;\">Finalmente, el director regional del Servicio Nacional de Protecci\u00f3n Especializada Sergio Becerra, valor\u00f3 la iniciativa e indic\u00f3 que \u201ca trav\u00e9s de este primer encuentro regional de este a\u00f1o seguimos entregando espacios para que sean los propios ni\u00f1os, ni\u00f1as y adolescentes los que se\u00f1alen sus inquietudes, sus tem\u00e1ticas de inter\u00e9s y opiniones; ya que es una parte esencial de nuestro Servicio propiciar estos espacios participativos. Quiero tambi\u00e9n agradecer al programa <em>Cecrea<\/em> de la Seremi de las Culturas y las Artes y el patrimonio, quien nos apoy\u00f3 poniendo a disposici\u00f3n el espacio f\u00edsico que disponen a un costado del Centro Cultural de Coyhaique para desarrollar dicha actividad\u201d.<\/p>\n<p style=\"text-align: justify;\">Desde la instituci\u00f3n (Servicio Nacional de Protecci\u00f3n Especializada) informaron que se siguen desarrollando actividades que est\u00e1n calendarizadas para este segundo semestre, donde los ni\u00f1os, ni\u00f1as y adolescentes que pertenecen a residencias y programas de protecci\u00f3n son protagonistas, por medio de la realizaci\u00f3n de encuentros locales, comunales y regionales, entre otras acciones.<\/p>\n<\/div><\/section><\/div><\/p>\n<div  style='height:50px' class='hr hr-invisible   avia-builder-el-6  el_after_av_one_full  el_before_av_social_share '><span class='hr-inner ' ><span class='hr-inner-style'><\/span><\/span><\/div>\n<div  class='av-social-sharing-box  avia-builder-el-7  el_after_av_hr  el_before_av_hr  '><div class='av-share-box'><h5 class='av-share-link-description av-no-toc '>Compartir esta noticia<\/h5><ul class='av-share-box-list noLightbox'><li class='av-share-link av-social-link-facebook' ><a target=\"_blank\" aria-label=\"Compartir en Facebook\" href='https:\/\/www.facebook.com\/sharer.php?u=https:\/\/radiorevelacionfm.cl\/?p=32718&#038;t=Conforman%20nuevo%20Consejo%20Asesor%20de%20ni%C3%B1os%2C%20ni%C3%B1as%20y%20adolescentes%20en%20la%20regi%C3%B3n' aria-hidden='false' data-av_icon='\ue8f3' data-av_iconfont='entypo-fontello' title='' data-avia-related-tooltip='Compartir en Facebook' rel=\"noopener\"><span class='avia_hidden_link_text'>Compartir en Facebook<\/span><\/a><\/li><li class='av-share-link av-social-link-twitter' ><a target=\"_blank\" aria-label=\"Compartir en Twitter\" href='https:\/\/twitter.com\/share?text=Conforman%20nuevo%20Consejo%20Asesor%20de%20ni%C3%B1os%2C%20ni%C3%B1as%20y%20adolescentes%20en%20la%20regi%C3%B3n&#038;url=https:\/\/radiorevelacionfm.cl\/?p=32718' aria-hidden='false' data-av_icon='\ue8f1' data-av_iconfont='entypo-fontello' title='' data-avia-related-tooltip='Compartir en Twitter' rel=\"noopener\"><span class='avia_hidden_link_text'>Compartir en Twitter<\/span><\/a><\/li><li class='av-share-link av-social-link-whatsapp' ><a target=\"_blank\" aria-label=\"Compartir en Whatsapp\" href='https:\/\/api.whatsapp.com\/send?text=https:\/\/radiorevelacionfm.cl\/?p=32718' aria-hidden='false' data-av_icon='\uf232' data-av_iconfont='entypo-fontello' title='' data-avia-related-tooltip='Compartir en Whatsapp' rel=\"noopener\"><span class='avia_hidden_link_text'>Compartir en Whatsapp<\/span><\/a><\/li><li class='av-share-link av-social-link-linkedin' ><a target=\"_blank\" aria-label=\"Compartir en LinkedIn\" href='https:\/\/linkedin.com\/shareArticle?mini=true&#038;title=Conforman%20nuevo%20Consejo%20Asesor%20de%20ni%C3%B1os%2C%20ni%C3%B1as%20y%20adolescentes%20en%20la%20regi%C3%B3n&#038;url=https:\/\/radiorevelacionfm.cl\/?p=32718' aria-hidden='false' data-av_icon='\ue8fc' data-av_iconfont='entypo-fontello' title='' data-avia-related-tooltip='Compartir en LinkedIn' rel=\"noopener\"><span class='avia_hidden_link_text'>Compartir en LinkedIn<\/span><\/a><\/li><li class='av-share-link av-social-link-mail' ><a  aria-label=\"Compartir por correo\" href='mailto:?subject=Conforman%20nuevo%20Consejo%20Asesor%20de%20ni%C3%B1os%2C%20ni%C3%B1as%20y%20adolescentes%20en%20la%20regi%C3%B3n&#038;body=https:\/\/radiorevelacionfm.cl\/?p=32718' aria-hidden='false' data-av_icon='\ue805' data-av_iconfont='entypo-fontello' title='' data-avia-related-tooltip='Compartir por correo'><span class='avia_hidden_link_text'>Compartir por correo<\/span><\/a><\/li><\/ul><\/div><\/div>\n<div  style='height:50px' class='hr hr-invisible   avia-builder-el-8  el_after_av_social_share  el_before_av_comments_list '><span class='hr-inner ' ><span class='hr-inner-style'><\/span><\/span><\/div>\n<div  class='av-buildercomment  av-blog-meta-html-info-disabled av-blog-meta-tag-disabled  '><\/div>\n","protected":false},"excerpt":{"rendered":"","protected":false},"author":1,"featured_media":32719,"comment_status":"open","ping_status":"open","sticky":false,"template":"","format":"standard","meta":{"footnotes":""},"categories":[38],"tags":[],"class_list":["post-32718","post","type-post","status-publish","format-standard","has-post-thumbnail","hentry","category-regional"],"jetpack_featured_media_url":"https:\/\/radiorevelacionfm.cl\/wp-content\/uploads\/2023\/07\/1-12-2-2.jpeg","_links":{"self":[{"href":"https:\/\/radiorevelacionfm.cl\/index.php?rest_route=\/wp\/v2\/posts\/32718","targetHints":{"allow":["GET"]}}],"collection":[{"href":"https:\/\/radiorevelacionfm.cl\/index.php?rest_route=\/wp\/v2\/posts"}],"about":[{"href":"https:\/\/radiorevelacionfm.cl\/index.php?rest_route=\/wp\/v2\/types\/post"}],"author":[{"embeddable":true,"href":"https:\/\/radiorevelacionfm.cl\/index.php?rest_route=\/wp\/v2\/users\/1"}],"replies":[{"embeddable":true,"href":"https:\/\/radiorevelacionfm.cl\/index.php?rest_route=%2Fwp%2Fv2%2Fcomments&post=32718"}],"version-history":[{"count":2,"href":"https:\/\/radiorevelacionfm.cl\/index.php?rest_route=\/wp\/v2\/posts\/32718\/revisions"}],"predecessor-version":[{"id":32721,"href":"https:\/\/radiorevelacionfm.cl\/index.php?rest_route=\/wp\/v2\/posts\/32718\/revisions\/32721"}],"wp:featuredmedia":[{"embeddable":true,"href":"https:\/\/radiorevelacionfm.cl\/index.php?rest_route=\/wp\/v2\/media\/32719"}],"wp:attachment":[{"href":"https:\/\/radiorevelacionfm.cl\/index.php?rest_route=%2Fwp%2Fv2%2Fmedia&parent=32718"}],"wp:term":[{"taxonomy":"category","embeddable":true,"href":"https:\/\/radiorevelacionfm.cl\/index.php?rest_route=%2Fwp%2Fv2%2Fcategories&post=32718"},{"taxonomy":"post_tag","embeddable":true,"href":"https:\/\/radiorevelacionfm.cl\/index.php?rest_route=%2Fwp%2Fv2%2Ftags&post=32718"}],"curies":[{"name":"wp","href":"https:\/\/api.w.org\/{rel}","templated":true}]}}