{"id":32715,"date":"2023-07-07T11:42:49","date_gmt":"2023-07-07T14:42:49","guid":{"rendered":"https:\/\/radiorevelacionfm.cl\/?p=32715"},"modified":"2023-07-07T11:42:49","modified_gmt":"2023-07-07T14:42:49","slug":"municipio-de-aysen-es-el-primero-en-la-region-en-firmar-convenio-os14-con-carabineros","status":"publish","type":"post","link":"https:\/\/radiorevelacionfm.cl\/?p=32715","title":{"rendered":"Municipio de Ays\u00e9n es el primero en la regi\u00f3n en firmar Convenio OS14 con Carabineros"},"content":{"rendered":"<div class=\"flex_column av_one_full  flex_column_div av-zero-column-padding first  avia-builder-el-0  el_before_av_one_full  avia-builder-el-first  \" style='border-radius:0px; '><div  class='avia-image-container  av-styling-    avia-builder-el-1  avia-builder-el-no-sibling  avia-align-center '  itemprop=\"image\" itemscope=\"itemscope\" itemtype=\"https:\/\/schema.org\/ImageObject\"  ><div class='avia-image-container-inner'><div class='avia-image-overlay-wrap'><img decoding=\"async\" class='wp-image-32716 avia-img-lazy-loading-not-32716 avia_image' src=\"https:\/\/radiorevelacionfm.cl\/wp-content\/uploads\/2023\/07\/image-131-2.jpg\" alt='' title='image-131-2' height=\"599\" width=\"1003\"  itemprop=\"thumbnailUrl\" srcset=\"https:\/\/radiorevelacionfm.cl\/wp-content\/uploads\/2023\/07\/image-131-2.jpg 1003w, https:\/\/radiorevelacionfm.cl\/wp-content\/uploads\/2023\/07\/image-131-2-300x179.jpg 300w, https:\/\/radiorevelacionfm.cl\/wp-content\/uploads\/2023\/07\/image-131-2-768x459.jpg 768w, https:\/\/radiorevelacionfm.cl\/wp-content\/uploads\/2023\/07\/image-131-2-705x421.jpg 705w, https:\/\/radiorevelacionfm.cl\/wp-content\/uploads\/2023\/07\/image-131-2-450x269.jpg 450w, https:\/\/radiorevelacionfm.cl\/wp-content\/uploads\/2023\/07\/image-131-2-600x358.jpg 600w\" sizes=\"(max-width: 1003px) 100vw, 1003px\" \/><\/div><\/div><\/div><\/div><div class=\"flex_column av_one_full  flex_column_div av-zero-column-padding first  avia-builder-el-2  el_after_av_one_full  el_before_av_one_full  column-top-margin\" style='border-radius:0px; '><section class=\"av_textblock_section \"  itemscope=\"itemscope\" itemtype=\"https:\/\/schema.org\/BlogPosting\" itemprop=\"blogPost\" ><div class='avia_textblock  '   itemprop=\"text\" ><p style=\"text-align: center;\"><span style=\"font-size: 18pt;\"><strong>Municipio de Ays\u00e9n es el primero en la regi\u00f3n en firmar Convenio OS14 con Carabineros<\/strong><\/span><\/p>\n<div id=\"gtx-trans\" style=\"position: absolute; left: -50px; top: 4.31534px;\">\n<div class=\"gtx-trans-icon\"><\/div>\n<\/div>\n<\/div><\/section><\/div><div class=\"flex_column av_one_full  flex_column_div av-zero-column-padding first  avia-builder-el-4  el_after_av_one_full  el_before_av_hr  column-top-margin\" style='border-radius:0px; '><section class=\"av_textblock_section \"  itemscope=\"itemscope\" itemtype=\"https:\/\/schema.org\/BlogPosting\" itemprop=\"blogPost\" ><div class='avia_textblock  '   itemprop=\"text\" ><p style=\"text-align: justify;\">La tarde de este mi\u00e9rcoles, en la Casa de la Cultura de Puerto Ays\u00e9n, el alcalde de la comuna, Julio Uribe Alvarado, y el Jefe de Zona Ays\u00e9n de Carabineros, Patricio Santos, firmaron el convenio OS14 entre ambas instituciones, con la finalidad de fortalecer la seguridad a nivel local mediante la coproducci\u00f3n. Este hecho marca un hito importante, al ser el Municipio de Ays\u00e9n el primero en la regi\u00f3n en suscribir un acuerdo de este tipo.<\/p>\n<p style=\"text-align: justify;\">\u201cCreo que es uno de los convenios m\u00e1s importantes que hemos firmado como municipio, en el que nuestra Direcci\u00f3n de Seguridad P\u00fablica ha sido la primera en la regi\u00f3n en sellar esta colaboraci\u00f3n con Carabineros\u201d, coment\u00f3 el alcalde Uribe, quien se manifest\u00f3 entusiasta por el avance en seguridad que significar\u00e1 esta alianza para las vecinas y vecinos de la comuna de Ays\u00e9n.<\/p>\n<p style=\"text-align: justify;\">\u201cVa a haber m\u00e1s patrullajes mixtos entre nuestros inspectores municipales y Carabineros, lo que nos consolidar\u00e1 con mayor fuerza como una de las comunas m\u00e1s seguras de la regi\u00f3n debido a los bajos \u00edndices de delincuencia, gracias al trabajo de nuestra Direcci\u00f3n\u201d, agreg\u00f3 el alcalde Uribe, aprovechando de destacar los avances que se han conseguido desde la creaci\u00f3n de la \u00fanica Direcci\u00f3n de Seguridad P\u00fablica de la regi\u00f3n.<\/p>\n<p style=\"text-align: justify;\">Una de las principales ventajas de este convenio es la capacitaci\u00f3n de los inspectores municipales, quienes recibir\u00e1n formaci\u00f3n especializada por parte de Carabineros. Esta preparaci\u00f3n les permitir\u00e1 desempe\u00f1ar labores de patrullaje y operativos preventivos, en los cuales estar\u00e1n acompa\u00f1ados por efectivos policiales, contribuyendo as\u00ed a descongestionar la labor policial en procedimientos de bajo riesgo.<\/p>\n<p style=\"text-align: justify;\">Patricio Santos, General de Carabineros y Jefe de Zona de Ays\u00e9n, expres\u00f3 que \u201cesto representa la voluntad en t\u00e9rminos escritos de la cohesi\u00f3n social, entendiendo la seguridad como una tarea de todos. Esto nos permite desarrollar rutinas de patrullaje preventivo para atender incivilidades que despu\u00e9s se podr\u00edan transformar en delito, dejando los medios del Plan Cuadrante para atender procedimientos que sean verdaderas emergencias y que pongan en riesgo la vida e integridad de las personas\u201d.<\/p>\n<p style=\"text-align: justify;\">\u201cTodo lo que tenga que ver con la Seguridad de nuestra comuna es muy bien recibido por el cuerpo colegiado, por lo que le deseamos mucho \u00e9xito a esta gesti\u00f3n que comienza\u201d, coment\u00f3 la concejala Rosa Gonz\u00e1lez, agregando que \u201csiempre tendremos muchas palabras de agradecimiento al cuerpo de Carabineros de nuestra comuna\u201d.<\/p>\n<p style=\"text-align: justify;\">\u201cSe ha podido darle forma a este trabajo que venimos realizando con Carabineros desde hace mucho tiempo, al que hoy le dimos formalidad a trav\u00e9s de este convenio. Seguimos innovando y siendo pioneros en seguridad en la regi\u00f3n, siendo la primera direcci\u00f3n en contar con inspectores de seguridad certificados\u201d, indic\u00f3 Marco Co\u00f1uecar, director de Seguridad P\u00fablica de Ays\u00e9n, quien ha venido impulsando una serie de iniciativas de trabajo conjunto con diferentes instituciones para enfocarse en la prevenci\u00f3n de delitos e incivilidades.<\/p>\n<p style=\"text-align: justify;\">\u201cEsto es la continuaci\u00f3n de un trabajo que se viene realizando desde hace casi dos a\u00f1os, en los que hemos desarrollado patrullajes nocturnos, vigilancia a trav\u00e9s de nuestras c\u00e1maras, por lo que estamos muy contentos por poder otorgar m\u00e1s seguridad a nuestros vecinos\u201d, agreg\u00f3 Co\u00f1uecar, destacando que la firma de este convenio solo viene a afianzar el trabajo colaborativo que se ha venido realizando desde que se instaur\u00f3 la Direcci\u00f3n, en agosto de 2021.<\/p>\n<p style=\"text-align: justify;\">La colaboraci\u00f3n entre Carabineros y los funcionarios municipales favorecer\u00e1 la respuesta policial en situaciones de emergencia. Gracias al conocimiento territorial de los trabajadores municipales, se lograr\u00e1 una mayor eficacia en la respuesta ante eventos de alta complejidad, brindando as\u00ed un mejor servicio a la comunidad, a trav\u00e9s de un enfoque innovador en materia de seguridad p\u00fablica y que promueva la participaci\u00f3n activa de la sociedad civil en la prevenci\u00f3n y control del delito.<\/p>\n<\/div><\/section><\/div><div  style='height:50px' class='hr hr-invisible   avia-builder-el-6  el_after_av_one_full  el_before_av_social_share '><span class='hr-inner ' ><span class='hr-inner-style'><\/span><\/span><\/div><\/p>\n<div  class='av-social-sharing-box  avia-builder-el-7  el_after_av_hr  el_before_av_hr  '><div class='av-share-box'><h5 class='av-share-link-description av-no-toc '>Compartir esta noticia<\/h5><ul class='av-share-box-list noLightbox'><li class='av-share-link av-social-link-facebook' ><a target=\"_blank\" aria-label=\"Compartir en Facebook\" href='https:\/\/www.facebook.com\/sharer.php?u=https:\/\/radiorevelacionfm.cl\/?p=32715&#038;t=Municipio%20de%20Ays%C3%A9n%20es%20el%20primero%20en%20la%20regi%C3%B3n%20en%20firmar%20Convenio%20OS14%20con%20Carabineros' aria-hidden='false' data-av_icon='\ue8f3' data-av_iconfont='entypo-fontello' title='' data-avia-related-tooltip='Compartir en Facebook' rel=\"noopener\"><span class='avia_hidden_link_text'>Compartir en Facebook<\/span><\/a><\/li><li class='av-share-link av-social-link-twitter' ><a target=\"_blank\" aria-label=\"Compartir en Twitter\" href='https:\/\/twitter.com\/share?text=Municipio%20de%20Ays%C3%A9n%20es%20el%20primero%20en%20la%20regi%C3%B3n%20en%20firmar%20Convenio%20OS14%20con%20Carabineros&#038;url=https:\/\/radiorevelacionfm.cl\/?p=32715' aria-hidden='false' data-av_icon='\ue8f1' data-av_iconfont='entypo-fontello' title='' data-avia-related-tooltip='Compartir en Twitter' rel=\"noopener\"><span class='avia_hidden_link_text'>Compartir en Twitter<\/span><\/a><\/li><li class='av-share-link av-social-link-whatsapp' ><a target=\"_blank\" aria-label=\"Compartir en Whatsapp\" href='https:\/\/api.whatsapp.com\/send?text=https:\/\/radiorevelacionfm.cl\/?p=32715' aria-hidden='false' data-av_icon='\uf232' data-av_iconfont='entypo-fontello' title='' data-avia-related-tooltip='Compartir en Whatsapp' rel=\"noopener\"><span class='avia_hidden_link_text'>Compartir en Whatsapp<\/span><\/a><\/li><li class='av-share-link av-social-link-linkedin' ><a target=\"_blank\" aria-label=\"Compartir en LinkedIn\" href='https:\/\/linkedin.com\/shareArticle?mini=true&#038;title=Municipio%20de%20Ays%C3%A9n%20es%20el%20primero%20en%20la%20regi%C3%B3n%20en%20firmar%20Convenio%20OS14%20con%20Carabineros&#038;url=https:\/\/radiorevelacionfm.cl\/?p=32715' aria-hidden='false' data-av_icon='\ue8fc' data-av_iconfont='entypo-fontello' title='' data-avia-related-tooltip='Compartir en LinkedIn' rel=\"noopener\"><span class='avia_hidden_link_text'>Compartir en LinkedIn<\/span><\/a><\/li><li class='av-share-link av-social-link-mail' ><a  aria-label=\"Compartir por correo\" href='mailto:?subject=Municipio%20de%20Ays%C3%A9n%20es%20el%20primero%20en%20la%20regi%C3%B3n%20en%20firmar%20Convenio%20OS14%20con%20Carabineros&#038;body=https:\/\/radiorevelacionfm.cl\/?p=32715' aria-hidden='false' data-av_icon='\ue805' data-av_iconfont='entypo-fontello' title='' data-avia-related-tooltip='Compartir por correo'><span class='avia_hidden_link_text'>Compartir por correo<\/span><\/a><\/li><\/ul><\/div><\/div>\n<div  style='height:50px' class='hr hr-invisible   avia-builder-el-8  el_after_av_social_share  el_before_av_comments_list '><span class='hr-inner ' ><span class='hr-inner-style'><\/span><\/span><\/div>\n<div  class='av-buildercomment  av-blog-meta-html-info-disabled av-blog-meta-tag-disabled  '><\/div>\n<div class=\"flex_column av_one_full  flex_column_div av-zero-column-padding first  avia-builder-el-10  el_after_av_comments_list  el_before_av_one_full  \" style='border-radius:0px; '><div  class='avia-image-container  av-styling-    avia-builder-el-11  avia-builder-el-no-sibling  avia-align-center '  itemprop=\"image\" itemscope=\"itemscope\" itemtype=\"https:\/\/schema.org\/ImageObject\"  ><div class='avia-image-container-inner'><div class='avia-image-overlay-wrap'><img decoding=\"async\" class='wp-image-0 avia-img-lazy-loading-not-0 avia_image' src=\"http:\/\/radiorevelacionfm.cl\/wp-content\/uploads\/2020\/12\/7ee21_th2.jpg\" alt='' title=''   itemprop=\"thumbnailUrl\"  \/><\/div><\/div><\/div><\/div>\n<div class=\"flex_column av_one_full  flex_column_div av-zero-column-padding first  avia-builder-el-12  el_after_av_one_full  el_before_av_one_full  column-top-margin\" style='border-radius:0px; '><section class=\"av_textblock_section \"  itemscope=\"itemscope\" itemtype=\"https:\/\/schema.org\/BlogPosting\" itemprop=\"blogPost\" ><div class='avia_textblock  '   itemprop=\"text\" ><h2 class=\"title\" style=\"text-align: center;\">SENDA entrega equipos de Narcotest a Carabineros para aumentar controles de Tolerancia Cero<\/h2>\n<div id=\"gtx-trans\" style=\"position: absolute; left: -50px; top: 4.31534px;\">\n<div class=\"gtx-trans-icon\"><\/div>\n<\/div>\n<\/div><\/section><\/div>\n<div class=\"flex_column av_one_full  flex_column_div av-zero-column-padding first  avia-builder-el-14  el_after_av_one_full  el_before_av_hr  column-top-margin\" style='border-radius:0px; '><section class=\"av_textblock_section \"  itemscope=\"itemscope\" itemtype=\"https:\/\/schema.org\/BlogPosting\" itemprop=\"blogPost\" ><div class='avia_textblock  '   itemprop=\"text\" ><p style=\"text-align: justify;\"><span style=\"font-size: 14pt;\">El objetivo es aumentar la cobertura del Programa Tolerancia Cero y realizar controles en otras comunas de la Regi\u00f3n de Ays\u00e9n, junto con seguir generando conciencias en los conductores, con respecto a las consecuencias negativas asociadas a la conducci\u00f3n bajo los efectos de la droga.<\/span><\/p>\n<p style=\"text-align: justify;\"><span style=\"font-size: 14pt;\">Con la participaci\u00f3n de la Intendente Regional de Ays\u00e9n Sra. Geoconda Navarrete, este martes, en dependencias de su direcci\u00f3n regional, SENDA hizo entrega al nuevo Jefe de la XI Zona Ays\u00e9n de Carabineros de Chile, General Hugo Zenteno V\u00e1squez de dos equipos para detectar la presencia de Drogas il\u00edcitas en los conductores que circulen por la Regi\u00f3n de Ays\u00e9n, en el contexto del trabajo permanente del Programa Tolerancia Cero de SENDA que se ejecuta en colaboraci\u00f3n estrat\u00e9gica con Carabineros de Chile y con el prop\u00f3sito claro de fortalecer el trabajo territorial.<\/span><\/p>\n<p><span style=\"font-size: 14pt;\">En la ocasi\u00f3n la Directora Regional de SENDA Annie Katherine Hunter Guti\u00e9rrez manifest\u00f3 \u201cEsta entrega que SENDA hace a Carabineros de Chile, marca un segundo hito, de suma relevancia en el Programa Tolerancia Cero, bajo la direcci\u00f3n de nuestro Director Carlos Charme, quien plante\u00f3 como objetivo, al asumir su cargo, sumar a los hist\u00f3ricos test de alcohol, el control de otras drogas en los conductores. Es as\u00ed como al aparato Narcotest que el a\u00f1o 2019 lleg\u00f3 a la regi\u00f3n bajo administraci\u00f3n de SENDA Ays\u00e9n, hoy se suma dos aparatos que con mucha satisfacci\u00f3n entregamos hoy a Carabineros, con una inversi\u00f3n sectorial de m\u00e1s de $9.000.000\u201d.<\/span><\/p>\n<p><span style=\"font-size: 14pt;\">Por su parte, el Jefe de la XI zona de Carabineros de Ays\u00e9n, General Hugo Zenteno V\u00e1squez se\u00f1al\u00f3: \u201cEsto es una estrategia de una pol\u00edtica de seguridad, donde con estos equipos vamos a hacer nuestro trabajo de mejor forma para poder llevar los medios de prueba al Ministerio P\u00fablico. Todo equipo detector de alguna sustancia il\u00edcita, es esencial para nuestra funci\u00f3n policial. Nuestras estrategias operativas est\u00e1n enfocadas en los puntos m\u00e1s cr\u00edticos y en especial, llega esto, pr\u00f3ximo a las fiestas navide\u00f1as y de fin de a\u00f1o, donde vamos a tener un control m\u00e1s exhaustivo en la ruta para prevenir accidentes y tambi\u00e9n para que las personas est\u00e9n en paz y tranquilidad y no tengamos hechos que lamentar, estamos para brindar un servicio \u00f3ptimo y ese es el enfoque que queremos dar para el a\u00f1o 2021.\u201d<\/span><\/p>\n<p><span style=\"font-size: 14pt;\">A partir de la inversi\u00f3n sectorial de SENDA, Carabineros de Chile de la XI Zona Ays\u00e9n podr\u00e1 someter a cualquier conductor a un examen de saliva, a trav\u00e9s de un kit de prueba desechable, en forma independiente al dispositivo Tolerancia Cero de SENDA, abarcando un territorio mayor, contribuyendo con ello no solo a l control de conductores y fiscalizaci\u00f3n del cumplimiento de la Ley de Tr\u00e1nsito, sino tambi\u00e9n a la labor preventiva que desarrolla SENDA a trav\u00e9s de su programa.<\/span><\/p>\n<p><span style=\"font-size: 14pt;\">Cabe recordar que los Narcotest permiten detectar en terreno la presencia de 5 drogas en el cuerpo de los conductores; coca\u00edna, marihuana, opi\u00e1cidos, metanfetaminas y anfetaminas, hecho que constituye un delito al igual que la conducci\u00f3n en estado de ebriedad.<\/span><\/p>\n<\/div><\/section><\/div>\n<div  style='height:50px' class='hr hr-invisible   avia-builder-el-16  el_after_av_one_full  el_before_av_social_share '><span class='hr-inner ' ><span class='hr-inner-style'><\/span><\/span><\/div>\n<div  class='av-social-sharing-box  avia-builder-el-17  el_after_av_hr  el_before_av_hr  '><div class='av-share-box'><h5 class='av-share-link-description av-no-toc '>Compartir esta noticia<\/h5><ul class='av-share-box-list noLightbox'><li class='av-share-link av-social-link-facebook' ><a target=\"_blank\" aria-label=\"Compartir en Facebook\" href='https:\/\/www.facebook.com\/sharer.php?u=https:\/\/radiorevelacionfm.cl\/?p=32715&#038;t=Municipio%20de%20Ays%C3%A9n%20es%20el%20primero%20en%20la%20regi%C3%B3n%20en%20firmar%20Convenio%20OS14%20con%20Carabineros' aria-hidden='false' data-av_icon='\ue8f3' data-av_iconfont='entypo-fontello' title='' data-avia-related-tooltip='Compartir en Facebook' rel=\"noopener\"><span class='avia_hidden_link_text'>Compartir en Facebook<\/span><\/a><\/li><li class='av-share-link av-social-link-twitter' ><a target=\"_blank\" aria-label=\"Compartir en Twitter\" href='https:\/\/twitter.com\/share?text=Municipio%20de%20Ays%C3%A9n%20es%20el%20primero%20en%20la%20regi%C3%B3n%20en%20firmar%20Convenio%20OS14%20con%20Carabineros&#038;url=https:\/\/radiorevelacionfm.cl\/?p=32715' aria-hidden='false' data-av_icon='\ue8f1' data-av_iconfont='entypo-fontello' title='' data-avia-related-tooltip='Compartir en Twitter' rel=\"noopener\"><span class='avia_hidden_link_text'>Compartir en Twitter<\/span><\/a><\/li><li class='av-share-link av-social-link-whatsapp' ><a target=\"_blank\" aria-label=\"Compartir en Whatsapp\" href='https:\/\/api.whatsapp.com\/send?text=https:\/\/radiorevelacionfm.cl\/?p=32715' aria-hidden='false' data-av_icon='\uf232' data-av_iconfont='entypo-fontello' title='' data-avia-related-tooltip='Compartir en Whatsapp' rel=\"noopener\"><span class='avia_hidden_link_text'>Compartir en Whatsapp<\/span><\/a><\/li><li class='av-share-link av-social-link-linkedin' ><a target=\"_blank\" aria-label=\"Compartir en LinkedIn\" href='https:\/\/linkedin.com\/shareArticle?mini=true&#038;title=Municipio%20de%20Ays%C3%A9n%20es%20el%20primero%20en%20la%20regi%C3%B3n%20en%20firmar%20Convenio%20OS14%20con%20Carabineros&#038;url=https:\/\/radiorevelacionfm.cl\/?p=32715' aria-hidden='false' data-av_icon='\ue8fc' data-av_iconfont='entypo-fontello' title='' data-avia-related-tooltip='Compartir en LinkedIn' rel=\"noopener\"><span class='avia_hidden_link_text'>Compartir en LinkedIn<\/span><\/a><\/li><li class='av-share-link av-social-link-mail' ><a  aria-label=\"Compartir por correo\" href='mailto:?subject=Municipio%20de%20Ays%C3%A9n%20es%20el%20primero%20en%20la%20regi%C3%B3n%20en%20firmar%20Convenio%20OS14%20con%20Carabineros&#038;body=https:\/\/radiorevelacionfm.cl\/?p=32715' aria-hidden='false' data-av_icon='\ue805' data-av_iconfont='entypo-fontello' title='' data-avia-related-tooltip='Compartir por correo'><span class='avia_hidden_link_text'>Compartir por correo<\/span><\/a><\/li><\/ul><\/div><\/div>\n<div  style='height:50px' class='hr hr-invisible   avia-builder-el-18  el_after_av_social_share  el_before_av_comments_list '><span class='hr-inner ' ><span class='hr-inner-style'><\/span><\/span><\/div>\n<div  class='av-buildercomment  av-blog-meta-html-info-disabled av-blog-meta-tag-disabled  '><\/div>\n","protected":false},"excerpt":{"rendered":"","protected":false},"author":1,"featured_media":32716,"comment_status":"open","ping_status":"open","sticky":false,"template":"","format":"standard","meta":{"footnotes":""},"categories":[38],"tags":[],"class_list":["post-32715","post","type-post","status-publish","format-standard","has-post-thumbnail","hentry","category-regional"],"jetpack_featured_media_url":"https:\/\/radiorevelacionfm.cl\/wp-content\/uploads\/2023\/07\/image-131-2.jpg","_links":{"self":[{"href":"https:\/\/radiorevelacionfm.cl\/index.php?rest_route=\/wp\/v2\/posts\/32715","targetHints":{"allow":["GET"]}}],"collection":[{"href":"https:\/\/radiorevelacionfm.cl\/index.php?rest_route=\/wp\/v2\/posts"}],"about":[{"href":"https:\/\/radiorevelacionfm.cl\/index.php?rest_route=\/wp\/v2\/types\/post"}],"author":[{"embeddable":true,"href":"https:\/\/radiorevelacionfm.cl\/index.php?rest_route=\/wp\/v2\/users\/1"}],"replies":[{"embeddable":true,"href":"https:\/\/radiorevelacionfm.cl\/index.php?rest_route=%2Fwp%2Fv2%2Fcomments&post=32715"}],"version-history":[{"count":1,"href":"https:\/\/radiorevelacionfm.cl\/index.php?rest_route=\/wp\/v2\/posts\/32715\/revisions"}],"predecessor-version":[{"id":32717,"href":"https:\/\/radiorevelacionfm.cl\/index.php?rest_route=\/wp\/v2\/posts\/32715\/revisions\/32717"}],"wp:featuredmedia":[{"embeddable":true,"href":"https:\/\/radiorevelacionfm.cl\/index.php?rest_route=\/wp\/v2\/media\/32716"}],"wp:attachment":[{"href":"https:\/\/radiorevelacionfm.cl\/index.php?rest_route=%2Fwp%2Fv2%2Fmedia&parent=32715"}],"wp:term":[{"taxonomy":"category","embeddable":true,"href":"https:\/\/radiorevelacionfm.cl\/index.php?rest_route=%2Fwp%2Fv2%2Fcategories&post=32715"},{"taxonomy":"post_tag","embeddable":true,"href":"https:\/\/radiorevelacionfm.cl\/index.php?rest_route=%2Fwp%2Fv2%2Ftags&post=32715"}],"curies":[{"name":"wp","href":"https:\/\/api.w.org\/{rel}","templated":true}]}}