{"id":32712,"date":"2023-07-07T10:35:01","date_gmt":"2023-07-07T13:35:01","guid":{"rendered":"https:\/\/radiorevelacionfm.cl\/?p=32712"},"modified":"2023-07-07T10:35:01","modified_gmt":"2023-07-07T13:35:01","slug":"en-puerto-aysen-realizan-lanzamiento-de-programa-despega-mipe-de-sence-con-capacitaciones-sin-costo-para-micro-y-pequenas-empresas","status":"publish","type":"post","link":"https:\/\/radiorevelacionfm.cl\/?p=32712","title":{"rendered":"En Puerto Ays\u00e9n realizan lanzamiento de programa Despega MIPE de Sence con capacitaciones sin costo para micro y peque\u00f1as empresas"},"content":{"rendered":"<div class=\"flex_column av_one_full  flex_column_div av-zero-column-padding first  avia-builder-el-0  el_before_av_one_full  avia-builder-el-first  \" style='border-radius:0px; '><div  class='avia-image-container  av-styling-    avia-builder-el-1  avia-builder-el-no-sibling  avia-align-center '  itemprop=\"image\" itemscope=\"itemscope\" itemtype=\"https:\/\/schema.org\/ImageObject\"  ><div class='avia-image-container-inner'><div class='avia-image-overlay-wrap'><img decoding=\"async\" class='wp-image-32713 avia-img-lazy-loading-not-32713 avia_image' src=\"https:\/\/radiorevelacionfm.cl\/wp-content\/uploads\/2023\/07\/image-130-2_optimized.jpg\" alt='' title='image-130-2_optimized' height=\"600\" width=\"912\"  itemprop=\"thumbnailUrl\" srcset=\"https:\/\/radiorevelacionfm.cl\/wp-content\/uploads\/2023\/07\/image-130-2_optimized.jpg 912w, https:\/\/radiorevelacionfm.cl\/wp-content\/uploads\/2023\/07\/image-130-2_optimized-300x197.jpg 300w, https:\/\/radiorevelacionfm.cl\/wp-content\/uploads\/2023\/07\/image-130-2_optimized-768x505.jpg 768w, https:\/\/radiorevelacionfm.cl\/wp-content\/uploads\/2023\/07\/image-130-2_optimized-705x464.jpg 705w, https:\/\/radiorevelacionfm.cl\/wp-content\/uploads\/2023\/07\/image-130-2_optimized-450x296.jpg 450w, https:\/\/radiorevelacionfm.cl\/wp-content\/uploads\/2023\/07\/image-130-2_optimized-600x395.jpg 600w\" sizes=\"(max-width: 912px) 100vw, 912px\" \/><\/div><\/div><\/div><\/div><div class=\"flex_column av_one_full  flex_column_div av-zero-column-padding first  avia-builder-el-2  el_after_av_one_full  el_before_av_one_full  column-top-margin\" style='border-radius:0px; '><section class=\"av_textblock_section \"  itemscope=\"itemscope\" itemtype=\"https:\/\/schema.org\/BlogPosting\" itemprop=\"blogPost\" ><div class='avia_textblock  '   itemprop=\"text\" ><p style=\"text-align: center;\"><span style=\"font-size: 18pt;\"><b>En Puerto Ays\u00e9n realizan lanzamiento de programa Despega MIPE de Sence con capacitaciones sin costo para micro y peque\u00f1as empresas<\/b><\/span><\/p>\n<div id=\"gtx-trans\" style=\"position: absolute; left: -50px; top: 4.31534px;\">\n<div class=\"gtx-trans-icon\"><\/div>\n<\/div>\n<\/div><\/section><\/div><div class=\"flex_column av_one_full  flex_column_div av-zero-column-padding first  avia-builder-el-4  el_after_av_one_full  el_before_av_hr  column-top-margin\" style='border-radius:0px; '><section class=\"av_textblock_section \"  itemscope=\"itemscope\" itemtype=\"https:\/\/schema.org\/BlogPosting\" itemprop=\"blogPost\" ><div class='avia_textblock  '   itemprop=\"text\" ><p class=\"v1MsoNormal\" style=\"text-align: justify;\">En reuni\u00f3n con la Presidenta de la C\u00e1mara de Comercio de Ays\u00e9n, Claudia Andrade, el Seremi de Trabajo y Previsi\u00f3n Social, Rodrigo D\u00edaz junto al equipo del Servicio Nacional de Capacitaci\u00f3n y Empleo, Sence, invitaron a postular a los cursos de capacitaci\u00f3n sin costo del programa Despega MIPE, dirigidos a trabajadores, due\u00f1os, socios y representantes legales de micro y peque\u00f1as empresas.<\/p>\n<p class=\"v1MsoNormal\" style=\"text-align: justify;\"><span lang=\"ES\">En este sentido, el Seremi Rodrigo D\u00edaz afirm\u00f3, \u00abComo Gobierno del Presidente Boric, como Ministerio del Trabajo y Previsi\u00f3n Social, la descentralizaci\u00f3n la hacemos carne. Por eso estamos desde la ciudad de Puerto Ays\u00e9n haciendo este lanzamiento y aprovechando esta coordinaci\u00f3n que tenemos con Corpays\u00e9n y con la C\u00e1mara de Comercio de Ays\u00e9n, para poder hacer un trabajo espec\u00edfico colaborativo y poder con ello beneficiar con este programa Despega MIPE, que es de Sence y de nuestro Gobierno, a empleadores y trabajadores de las distintas empresas, en \u00e1mbitos t\u00e9cnicos administrativos. Esto va realmente a potenciar sus negocios, les va a permitir conducirlo mejor, ya que son herramientas que se les est\u00e1n dando. Son 25 cupos, esperamos que los aprovechen, que postulen, que ojal\u00e1 esos 25 cupos de Ays\u00e9n se llenen para que podamos seguir avanzando. Esperamos profundizar ese trabajo con las distintas empresas y los distintos sectores productivos de la comuna\u00bb, manifest\u00f3 el Seremi de Trabajo y Previsi\u00f3n Social.<\/span><\/p>\n<p class=\"v1MsoNormal\" style=\"text-align: justify;\"><span lang=\"ES\">Con respecto a los objetivos del programa Despega Mipe, el Director regional(s) de Sence, Mauricio Toro, describi\u00f3, \u00abEl Programa Despega MIPE de Sence busca mejorar las competencias y la competitividad de las micro y peque\u00f1as empresas, MIPES, a trav\u00e9s de la capacitaci\u00f3n de sus trabajadores, due\u00f1os, socios y representantes legales. Tenemos 9 cursos en la Regi\u00f3n de Ays\u00e9n, 8 de ellos presenciales y 1 modalidad e-learning para las comunas de Cisnes, Cochrane, Chile Chico, Ays\u00e9n, y Coyhaique\u00bb. <\/span><\/p>\n<p class=\"v1MsoNormal\" style=\"text-align: justify;\"><span lang=\"ES\">Por su parte, el representante de Sence de la Provincia de Ays\u00e9n, Marcelo B\u00f3rquez, detall\u00f3 sobre el curso de Puerto Ays\u00e9n y c\u00f3mo postular, \u00abEn el Programa Despega MIPE contamos con 275 cupos para la regi\u00f3n de Ays\u00e9n. En espec\u00edfico, para la ciudad de Puerto Ays\u00e9n, contamos con el curso \u00abMejorando la administraci\u00f3n y finanzas de mi negocio\u00bb, con 25 cupos. Las postulaciones se hacen a trav\u00e9s de la p\u00e1gina del Sence, en <\/span><a href=\"http:\/\/www.sence.cl\/\" target=\"_blank\" rel=\"noopener noreferrer\">www.sence.cl<\/a><span lang=\"ES\">, con su clave \u00fanica, si necesitan una asesor\u00eda, se pueden dirigir a nuestras oficinas, de manera presencial, en Puerto Ays\u00e9n, que est\u00e1 a un costado de la Delegaci\u00f3n Presidencial Provincial, o en Coyhaique, en Condell 141, donde est\u00e1 nuestra Direcci\u00f3n Regional\u00bb, sostuvo.<\/span><\/p>\n<p class=\"v1MsoNormal\" style=\"text-align: justify;\"><span lang=\"ES\">A su vez, la presidenta de la C\u00e1mara de Comercio de Ays\u00e9n, Claudia Andrade, coment\u00f3 sobre el lanzamiento, \u00abAgradecer la invitaci\u00f3n al lanzamiento de este programa, porque a todas luces es una oportunidad que se nos ofrece, como en este caso yo, como representante del gremio de los comerciantes de la comuna de Ays\u00e9n, que muchas veces tenemos inquietudes, desconocimiento de las leyes, de ciertos tr\u00e1mites, del c\u00f3mo debemos hacerlos porque la verdad muchos de nosotros somos emprendedores que en forma muy autodidacta sacamos adelante nuestros negocios, entonces estas son oportunidades que se nos entregan. Si alguien tiene alguna duda, podemos ayudar a canalizar esta duda con el Sence, no tenemos ning\u00fan problema, invitar a toda la comunidad presente, a todo el gremio del comercio a que participen y que aprovechen estas oportunidades, que en definitiva van en directo beneficio de nuestros negocios\u00bb.<\/span><\/p>\n<p class=\"v1MsoNormal\" style=\"text-align: justify;\"><span lang=\"ES\">Tal como se mencion\u00f3, son 9 los cursos en la Regi\u00f3n de Ays\u00e9n que dispone Sence sin costo. En Ays\u00e9n, \u00abMejorando la Administraci\u00f3n y Finanzas de mi Negocio\u00bb, con 32 horas y 25 cupos. En Cisnes, son 2 cursos de \u00abComercio Electr\u00f3nico y Marketing Digital\u00bb de 90 horas, con 25 cupos cada uno y otro de \u00abGesti\u00f3n de Ventas de Servicios Tur\u00edsticos\u00bb de 64 horas con 25 cupos. En Chile Chico, est\u00e1n los cursos \u00abFormulaci\u00f3n de Proyectos de Microemprendimiento\u00bb con 70 horas y 25 cupos, y \u00abGesti\u00f3n de Ventas de Servicios Tur\u00edsticos\u00bb, con 64 horas y 50 cupos. En tanto, en Cochrane, est\u00e1n los cursos de \u00abFormulaci\u00f3n de Proyectos de Microemprendimiento\u00bb con 70 horas y 25 cupos y otro de \u00abRecepci\u00f3n y Atenci\u00f3n de Pasajeros para Ecoturismo\u00bb, con 95 horas y 50 cupos. Todas las capacitaciones son presenciales, salvo en Coyhaique donde el curso \u00abLegislaci\u00f3n Laboral y Tributaria para Mypes\u00bb con 140 horas y 25 cupos, es modalidad e-learning.<\/span><\/p>\n<\/div><\/section><\/div><div  style='height:50px' class='hr hr-invisible   avia-builder-el-6  el_after_av_one_full  el_before_av_social_share '><span class='hr-inner ' ><span class='hr-inner-style'><\/span><\/span><\/div><\/p>\n<div  class='av-social-sharing-box  avia-builder-el-7  el_after_av_hr  el_before_av_hr  '><div class='av-share-box'><h5 class='av-share-link-description av-no-toc '>Compartir esta noticia<\/h5><ul class='av-share-box-list noLightbox'><li class='av-share-link av-social-link-facebook' ><a target=\"_blank\" aria-label=\"Compartir en Facebook\" href='https:\/\/www.facebook.com\/sharer.php?u=https:\/\/radiorevelacionfm.cl\/?p=32712&#038;t=En%20Puerto%20Ays%C3%A9n%20realizan%20lanzamiento%20de%20programa%20Despega%20MIPE%20de%20Sence%20con%20capacitaciones%20sin%20costo%20para%20micro%20y%20peque%C3%B1as%20empresas' aria-hidden='false' data-av_icon='\ue8f3' data-av_iconfont='entypo-fontello' title='' data-avia-related-tooltip='Compartir en Facebook' rel=\"noopener\"><span class='avia_hidden_link_text'>Compartir en Facebook<\/span><\/a><\/li><li class='av-share-link av-social-link-twitter' ><a target=\"_blank\" aria-label=\"Compartir en Twitter\" href='https:\/\/twitter.com\/share?text=En%20Puerto%20Ays%C3%A9n%20realizan%20lanzamiento%20de%20programa%20Despega%20MIPE%20de%20Sence%20con%20capacitaciones%20sin%20costo%20para%20micro%20y%20peque%C3%B1as%20empresas&#038;url=https:\/\/radiorevelacionfm.cl\/?p=32712' aria-hidden='false' data-av_icon='\ue8f1' data-av_iconfont='entypo-fontello' title='' data-avia-related-tooltip='Compartir en Twitter' rel=\"noopener\"><span class='avia_hidden_link_text'>Compartir en Twitter<\/span><\/a><\/li><li class='av-share-link av-social-link-whatsapp' ><a target=\"_blank\" aria-label=\"Compartir en Whatsapp\" href='https:\/\/api.whatsapp.com\/send?text=https:\/\/radiorevelacionfm.cl\/?p=32712' aria-hidden='false' data-av_icon='\uf232' data-av_iconfont='entypo-fontello' title='' data-avia-related-tooltip='Compartir en Whatsapp' rel=\"noopener\"><span class='avia_hidden_link_text'>Compartir en Whatsapp<\/span><\/a><\/li><li class='av-share-link av-social-link-linkedin' ><a target=\"_blank\" aria-label=\"Compartir en LinkedIn\" href='https:\/\/linkedin.com\/shareArticle?mini=true&#038;title=En%20Puerto%20Ays%C3%A9n%20realizan%20lanzamiento%20de%20programa%20Despega%20MIPE%20de%20Sence%20con%20capacitaciones%20sin%20costo%20para%20micro%20y%20peque%C3%B1as%20empresas&#038;url=https:\/\/radiorevelacionfm.cl\/?p=32712' aria-hidden='false' data-av_icon='\ue8fc' data-av_iconfont='entypo-fontello' title='' data-avia-related-tooltip='Compartir en LinkedIn' rel=\"noopener\"><span class='avia_hidden_link_text'>Compartir en LinkedIn<\/span><\/a><\/li><li class='av-share-link av-social-link-mail' ><a  aria-label=\"Compartir por correo\" href='mailto:?subject=En%20Puerto%20Ays%C3%A9n%20realizan%20lanzamiento%20de%20programa%20Despega%20MIPE%20de%20Sence%20con%20capacitaciones%20sin%20costo%20para%20micro%20y%20peque%C3%B1as%20empresas&#038;body=https:\/\/radiorevelacionfm.cl\/?p=32712' aria-hidden='false' data-av_icon='\ue805' data-av_iconfont='entypo-fontello' title='' data-avia-related-tooltip='Compartir por correo'><span class='avia_hidden_link_text'>Compartir por correo<\/span><\/a><\/li><\/ul><\/div><\/div>\n<div  style='height:50px' class='hr hr-invisible   avia-builder-el-8  el_after_av_social_share  el_before_av_comments_list '><span class='hr-inner ' ><span class='hr-inner-style'><\/span><\/span><\/div>\n<div  class='av-buildercomment  av-blog-meta-html-info-disabled av-blog-meta-tag-disabled  '><\/div>\n","protected":false},"excerpt":{"rendered":"","protected":false},"author":1,"featured_media":32713,"comment_status":"open","ping_status":"open","sticky":false,"template":"","format":"standard","meta":{"footnotes":""},"categories":[38],"tags":[],"class_list":["post-32712","post","type-post","status-publish","format-standard","has-post-thumbnail","hentry","category-regional"],"jetpack_featured_media_url":"https:\/\/radiorevelacionfm.cl\/wp-content\/uploads\/2023\/07\/image-130-2_optimized.jpg","_links":{"self":[{"href":"https:\/\/radiorevelacionfm.cl\/index.php?rest_route=\/wp\/v2\/posts\/32712","targetHints":{"allow":["GET"]}}],"collection":[{"href":"https:\/\/radiorevelacionfm.cl\/index.php?rest_route=\/wp\/v2\/posts"}],"about":[{"href":"https:\/\/radiorevelacionfm.cl\/index.php?rest_route=\/wp\/v2\/types\/post"}],"author":[{"embeddable":true,"href":"https:\/\/radiorevelacionfm.cl\/index.php?rest_route=\/wp\/v2\/users\/1"}],"replies":[{"embeddable":true,"href":"https:\/\/radiorevelacionfm.cl\/index.php?rest_route=%2Fwp%2Fv2%2Fcomments&post=32712"}],"version-history":[{"count":1,"href":"https:\/\/radiorevelacionfm.cl\/index.php?rest_route=\/wp\/v2\/posts\/32712\/revisions"}],"predecessor-version":[{"id":32714,"href":"https:\/\/radiorevelacionfm.cl\/index.php?rest_route=\/wp\/v2\/posts\/32712\/revisions\/32714"}],"wp:featuredmedia":[{"embeddable":true,"href":"https:\/\/radiorevelacionfm.cl\/index.php?rest_route=\/wp\/v2\/media\/32713"}],"wp:attachment":[{"href":"https:\/\/radiorevelacionfm.cl\/index.php?rest_route=%2Fwp%2Fv2%2Fmedia&parent=32712"}],"wp:term":[{"taxonomy":"category","embeddable":true,"href":"https:\/\/radiorevelacionfm.cl\/index.php?rest_route=%2Fwp%2Fv2%2Fcategories&post=32712"},{"taxonomy":"post_tag","embeddable":true,"href":"https:\/\/radiorevelacionfm.cl\/index.php?rest_route=%2Fwp%2Fv2%2Ftags&post=32712"}],"curies":[{"name":"wp","href":"https:\/\/api.w.org\/{rel}","templated":true}]}}