{"id":32709,"date":"2023-07-12T20:01:50","date_gmt":"2023-07-12T23:01:50","guid":{"rendered":"https:\/\/radiorevelacionfm.cl\/?p=32709"},"modified":"2023-07-12T20:01:50","modified_gmt":"2023-07-12T23:01:50","slug":"presentan-plan-invierno-con-actividades-para-el-aprendizaje-bienestar-y-diversion-en-estas-vacaciones","status":"publish","type":"post","link":"https:\/\/radiorevelacionfm.cl\/?p=32709","title":{"rendered":"Presentan Plan Invierno con actividades para el aprendizaje, bienestar y diversi\u00f3n en estas vacaciones"},"content":{"rendered":"<div class=\"flex_column av_one_full  flex_column_div av-zero-column-padding first  avia-builder-el-0  el_before_av_one_full  avia-builder-el-first  \" style='border-radius:0px; '><div  class='avia-image-container  av-styling-    avia-builder-el-1  avia-builder-el-no-sibling  avia-align-center '  itemprop=\"image\" itemscope=\"itemscope\" itemtype=\"https:\/\/schema.org\/ImageObject\"  ><div class='avia-image-container-inner'><div class='avia-image-overlay-wrap'><img decoding=\"async\" class='wp-image-32710 avia-img-lazy-loading-not-32710 avia_image' src=\"https:\/\/radiorevelacionfm.cl\/wp-content\/uploads\/2023\/07\/image-128-2.jpg\" alt='' title='image-128-2' height=\"600\" width=\"602\"  itemprop=\"thumbnailUrl\" srcset=\"https:\/\/radiorevelacionfm.cl\/wp-content\/uploads\/2023\/07\/image-128-2.jpg 602w, https:\/\/radiorevelacionfm.cl\/wp-content\/uploads\/2023\/07\/image-128-2-300x300.jpg 300w, https:\/\/radiorevelacionfm.cl\/wp-content\/uploads\/2023\/07\/image-128-2-80x80.jpg 80w, https:\/\/radiorevelacionfm.cl\/wp-content\/uploads\/2023\/07\/image-128-2-36x36.jpg 36w, https:\/\/radiorevelacionfm.cl\/wp-content\/uploads\/2023\/07\/image-128-2-180x180.jpg 180w, https:\/\/radiorevelacionfm.cl\/wp-content\/uploads\/2023\/07\/image-128-2-120x120.jpg 120w, https:\/\/radiorevelacionfm.cl\/wp-content\/uploads\/2023\/07\/image-128-2-450x449.jpg 450w, https:\/\/radiorevelacionfm.cl\/wp-content\/uploads\/2023\/07\/image-128-2-600x598.jpg 600w, https:\/\/radiorevelacionfm.cl\/wp-content\/uploads\/2023\/07\/image-128-2-100x100.jpg 100w\" sizes=\"(max-width: 602px) 100vw, 602px\" \/><\/div><\/div><\/div><\/div><div class=\"flex_column av_one_full  flex_column_div av-zero-column-padding first  avia-builder-el-2  el_after_av_one_full  el_before_av_one_full  column-top-margin\" style='border-radius:0px; '><section class=\"av_textblock_section \"  itemscope=\"itemscope\" itemtype=\"https:\/\/schema.org\/BlogPosting\" itemprop=\"blogPost\" ><div class='avia_textblock  '   itemprop=\"text\" ><p style=\"text-align: center;\"><span style=\"font-size: 18pt;\"><b>Presentan Plan Invierno con actividades para el aprendizaje, bienestar y diversi\u00f3n en estas vacaciones<\/b><\/span><\/p>\n<div id=\"gtx-trans\" style=\"position: absolute; left: -50px; top: 4.31534px;\">\n<div class=\"gtx-trans-icon\"><\/div>\n<\/div>\n<\/div><\/section><\/div><div class=\"flex_column av_one_full  flex_column_div av-zero-column-padding first  avia-builder-el-4  el_after_av_one_full  el_before_av_hr  column-top-margin\" style='border-radius:0px; '><section class=\"av_textblock_section \"  itemscope=\"itemscope\" itemtype=\"https:\/\/schema.org\/BlogPosting\" itemprop=\"blogPost\" ><div class='avia_textblock  '   itemprop=\"text\" ><p style=\"text-align: justify;\"><i>El plan tiene m\u00e1s de 80 recursos interactivos disponibles en una plataforma digital que busca promover el aprendizaje, el bienestar y la entretenci\u00f3n durante el actual receso escolar, reforzando la educaci\u00f3n y la salud mental de los ni\u00f1os y ni\u00f1as de 3 a 12 a\u00f1os.<\/i><\/p>\n<p style=\"text-align: justify;\"><i>Actividades para aprender en familia, m\u00fasica, deportes, animales, arte y circo, entre otras, son las que est\u00e1n disponibles para descargar de manera gratuita en <u>reactivacioneducativa.mineduc.cl<\/u> o a trav\u00e9s de la aplicaci\u00f3n para tel\u00e9fonos m\u00f3viles llamada \u00abContigo juego y aprendo\u00bb.<\/i><\/p>\n<p class=\"v1MsoNormal\" style=\"text-align: justify;\">Ya comenzaron las vacaciones de invierno de miles de estudiantes de todo el pa\u00eds y con el objetivo de apoyar a las familias en la creaci\u00f3n de panoramas y actividades, as\u00ed como continuar con los procesos de formaci\u00f3n de las ni\u00f1as y ni\u00f1os, el Ministerio de Educaci\u00f3n present\u00f3 este mi\u00e9rcoles el \u00abPlan Invierno\u00bb, una plataforma digital con contenidos que buscan impulsar el aprendizaje, el bienestar y la diversi\u00f3n durante estas vacaciones, siempre en el marco del Plan de Reactivaci\u00f3n Educativa.<\/p>\n<p class=\"v1MsoNormal\" style=\"text-align: justify;\">Con esta nueva herramienta se incentiva la participaci\u00f3n de madres, padres y cuidadores, a quienes propone un enfoque innovador para fomentar el aprendizaje l\u00fadico y recreativo, ya que cuenta con recomendaciones para aprender en familia, adem\u00e1s de actividades vinculadas a la m\u00fasica, arte, deportes, informaci\u00f3n sobre animales, tecnolog\u00edas, patrimonio y comunidad, f\u00f3siles y el mar.<\/p>\n<p class=\"v1MsoNormal\" style=\"text-align: justify;\">El sitio incluye m\u00e1s de 80 recursos digitales seleccionados y organizados por temas de inter\u00e9s, que van desde actividades sugeridas hasta audiolibros y videos. Los materiales abordan una variedad de temas de una manera divertida y recreativa, enfoc\u00e1ndose especialmente en la promoci\u00f3n de la lectura, el desarrollo de habilidades comunicativas y de pensamiento matem\u00e1tico.<\/p>\n<p class=\"v1MsoNormal\" style=\"text-align: justify;\">\u00abLa reactivaci\u00f3n educativa es una causa que nos moviliza como pa\u00eds y las familias son aliadas fundamentales para abordar los desaf\u00edos que hoy tenemos. Con este horizonte, como Ministerio de Educaci\u00f3n los queremos invitar a que en estas vacaciones de invierno revisen estos materiales y conozcan de cerca los intereses que puedan tener las ni\u00f1as y ni\u00f1os, ya que les permitir\u00e1 leer, jugar, explorar temas diversos y realizar los desaf\u00edos que les proponemos en familia\u00bb, cont\u00f3 el ministro de Educaci\u00f3n, Marco Antonio \u00c1vila.<\/p>\n<p class=\"v1MsoNormal\" style=\"text-align: justify;\">Los recursos del \u00abPlan Invierno\u00bb est\u00e1n organizados por tema e indican un rango de edad recomendado, facilitando a las familias encontrar el contenido m\u00e1s apropiado para cada ni\u00f1a o ni\u00f1o desde los 3 hasta los 12 a\u00f1os. Adem\u00e1s de estos recursos, se recomiendan plataformas adicionales que contienen otras colecciones de actividades y materiales interactivos, como las Colecciones digitales del Museo de Historia Natural y del Museo Nacional de Bellas Artes, permitiendo ampliar los horizontes de informaci\u00f3n y atender la diversidad de necesidades educativas de los ni\u00f1os y ni\u00f1as.<\/p>\n<p class=\"v1MsoNormal\" style=\"text-align: justify;\">\u00abEn este plan, el papel de las madres, padres y cuidadores es esencial. Est\u00e1n previstos como mediadores del aprendizaje, apoyando la exploraci\u00f3n y el juego, y fortaleciendo la motivaci\u00f3n de los ni\u00f1os y ni\u00f1as por aprender. Con este enfoque interactivo, el &#8216;Plan Invierno&#8217; busca reforzar los lazos entre los ni\u00f1os y sus cuidadores, y promover la reactivaci\u00f3n educativa durante las vacaciones, porque estar en receso escolar no significa dejar de aprender\u00bb, indic\u00f3 el ministro.<\/p>\n<p class=\"v1MsoNormal\" style=\"text-align: justify;\">Las familias podr\u00e1n acceder a toda la informaci\u00f3n del \u00abPlan Invierno\u00bb dispuesto por Mineduc de dos maneras: a trav\u00e9s de la web<a href=\"https:\/\/reactivacioneducativa.mineduc.cl\/\" target=\"_blank\" rel=\"noopener noreferrer\"> https:\/\/reactivacioneducativa.mineduc.cl\/<\/a> y descargando la aplicaci\u00f3n m\u00f3vil Contigo Juego y Aprendo, disponible en App Store y Google Play.<\/p>\n<\/div><\/section><\/div><div  style='height:50px' class='hr hr-invisible   avia-builder-el-6  el_after_av_one_full  el_before_av_social_share '><span class='hr-inner ' ><span class='hr-inner-style'><\/span><\/span><\/div><\/p>\n<div  class='av-social-sharing-box  avia-builder-el-7  el_after_av_hr  el_before_av_hr  '><div class='av-share-box'><h5 class='av-share-link-description av-no-toc '>Compartir esta noticia<\/h5><ul class='av-share-box-list noLightbox'><li class='av-share-link av-social-link-facebook' ><a target=\"_blank\" aria-label=\"Compartir en Facebook\" href='https:\/\/www.facebook.com\/sharer.php?u=https:\/\/radiorevelacionfm.cl\/?p=32709&#038;t=Presentan%20Plan%20Invierno%20con%20actividades%20para%20el%20aprendizaje%2C%20bienestar%20y%20diversi%C3%B3n%20en%20estas%20vacaciones' aria-hidden='false' data-av_icon='\ue8f3' data-av_iconfont='entypo-fontello' title='' data-avia-related-tooltip='Compartir en Facebook' rel=\"noopener\"><span class='avia_hidden_link_text'>Compartir en Facebook<\/span><\/a><\/li><li class='av-share-link av-social-link-twitter' ><a target=\"_blank\" aria-label=\"Compartir en Twitter\" href='https:\/\/twitter.com\/share?text=Presentan%20Plan%20Invierno%20con%20actividades%20para%20el%20aprendizaje%2C%20bienestar%20y%20diversi%C3%B3n%20en%20estas%20vacaciones&#038;url=https:\/\/radiorevelacionfm.cl\/?p=32709' aria-hidden='false' data-av_icon='\ue8f1' data-av_iconfont='entypo-fontello' title='' data-avia-related-tooltip='Compartir en Twitter' rel=\"noopener\"><span class='avia_hidden_link_text'>Compartir en Twitter<\/span><\/a><\/li><li class='av-share-link av-social-link-whatsapp' ><a target=\"_blank\" aria-label=\"Compartir en Whatsapp\" href='https:\/\/api.whatsapp.com\/send?text=https:\/\/radiorevelacionfm.cl\/?p=32709' aria-hidden='false' data-av_icon='\uf232' data-av_iconfont='entypo-fontello' title='' data-avia-related-tooltip='Compartir en Whatsapp' rel=\"noopener\"><span class='avia_hidden_link_text'>Compartir en Whatsapp<\/span><\/a><\/li><li class='av-share-link av-social-link-linkedin' ><a target=\"_blank\" aria-label=\"Compartir en LinkedIn\" href='https:\/\/linkedin.com\/shareArticle?mini=true&#038;title=Presentan%20Plan%20Invierno%20con%20actividades%20para%20el%20aprendizaje%2C%20bienestar%20y%20diversi%C3%B3n%20en%20estas%20vacaciones&#038;url=https:\/\/radiorevelacionfm.cl\/?p=32709' aria-hidden='false' data-av_icon='\ue8fc' data-av_iconfont='entypo-fontello' title='' data-avia-related-tooltip='Compartir en LinkedIn' rel=\"noopener\"><span class='avia_hidden_link_text'>Compartir en LinkedIn<\/span><\/a><\/li><li class='av-share-link av-social-link-mail' ><a  aria-label=\"Compartir por correo\" href='mailto:?subject=Presentan%20Plan%20Invierno%20con%20actividades%20para%20el%20aprendizaje%2C%20bienestar%20y%20diversi%C3%B3n%20en%20estas%20vacaciones&#038;body=https:\/\/radiorevelacionfm.cl\/?p=32709' aria-hidden='false' data-av_icon='\ue805' data-av_iconfont='entypo-fontello' title='' data-avia-related-tooltip='Compartir por correo'><span class='avia_hidden_link_text'>Compartir por correo<\/span><\/a><\/li><\/ul><\/div><\/div>\n<div  style='height:50px' class='hr hr-invisible   avia-builder-el-8  el_after_av_social_share  el_before_av_comments_list '><span class='hr-inner ' ><span class='hr-inner-style'><\/span><\/span><\/div>\n<div  class='av-buildercomment  av-blog-meta-html-info-disabled av-blog-meta-tag-disabled  '><\/div>\n","protected":false},"excerpt":{"rendered":"","protected":false},"author":1,"featured_media":32710,"comment_status":"open","ping_status":"open","sticky":false,"template":"","format":"standard","meta":{"footnotes":""},"categories":[49],"tags":[],"class_list":["post-32709","post","type-post","status-publish","format-standard","has-post-thumbnail","hentry","category-educacion"],"jetpack_featured_media_url":"https:\/\/radiorevelacionfm.cl\/wp-content\/uploads\/2023\/07\/image-128-2.jpg","_links":{"self":[{"href":"https:\/\/radiorevelacionfm.cl\/index.php?rest_route=\/wp\/v2\/posts\/32709","targetHints":{"allow":["GET"]}}],"collection":[{"href":"https:\/\/radiorevelacionfm.cl\/index.php?rest_route=\/wp\/v2\/posts"}],"about":[{"href":"https:\/\/radiorevelacionfm.cl\/index.php?rest_route=\/wp\/v2\/types\/post"}],"author":[{"embeddable":true,"href":"https:\/\/radiorevelacionfm.cl\/index.php?rest_route=\/wp\/v2\/users\/1"}],"replies":[{"embeddable":true,"href":"https:\/\/radiorevelacionfm.cl\/index.php?rest_route=%2Fwp%2Fv2%2Fcomments&post=32709"}],"version-history":[{"count":1,"href":"https:\/\/radiorevelacionfm.cl\/index.php?rest_route=\/wp\/v2\/posts\/32709\/revisions"}],"predecessor-version":[{"id":32711,"href":"https:\/\/radiorevelacionfm.cl\/index.php?rest_route=\/wp\/v2\/posts\/32709\/revisions\/32711"}],"wp:featuredmedia":[{"embeddable":true,"href":"https:\/\/radiorevelacionfm.cl\/index.php?rest_route=\/wp\/v2\/media\/32710"}],"wp:attachment":[{"href":"https:\/\/radiorevelacionfm.cl\/index.php?rest_route=%2Fwp%2Fv2%2Fmedia&parent=32709"}],"wp:term":[{"taxonomy":"category","embeddable":true,"href":"https:\/\/radiorevelacionfm.cl\/index.php?rest_route=%2Fwp%2Fv2%2Fcategories&post=32709"},{"taxonomy":"post_tag","embeddable":true,"href":"https:\/\/radiorevelacionfm.cl\/index.php?rest_route=%2Fwp%2Fv2%2Ftags&post=32709"}],"curies":[{"name":"wp","href":"https:\/\/api.w.org\/{rel}","templated":true}]}}