{"id":32706,"date":"2023-07-06T23:29:36","date_gmt":"2023-07-07T02:29:36","guid":{"rendered":"https:\/\/radiorevelacionfm.cl\/?p=32706"},"modified":"2023-07-06T23:29:36","modified_gmt":"2023-07-07T02:29:36","slug":"artesanas-de-aysen-participan-en-el-encuentro-nacional-en-el-biobio","status":"publish","type":"post","link":"https:\/\/radiorevelacionfm.cl\/?p=32706","title":{"rendered":"Artesanas de Ays\u00e9n participan en el encuentro nacional en el Biob\u00edo"},"content":{"rendered":"<div class=\"flex_column av_one_full  flex_column_div av-zero-column-padding first  avia-builder-el-0  el_before_av_one_full  avia-builder-el-first  \" style='border-radius:0px; '><div  class='avia-image-container  av-styling-    avia-builder-el-1  avia-builder-el-no-sibling  avia-align-center '  itemprop=\"image\" itemscope=\"itemscope\" itemtype=\"https:\/\/schema.org\/ImageObject\"  ><div class='avia-image-container-inner'><div class='avia-image-overlay-wrap'><img decoding=\"async\" class='wp-image-32707 avia-img-lazy-loading-not-32707 avia_image' src=\"https:\/\/radiorevelacionfm.cl\/wp-content\/uploads\/2023\/07\/artesanas-en-biobio-2_optimized-2.jpg\" alt='' title='artesanas-en-biobio-2_optimized-2' height=\"600\" width=\"1067\"  itemprop=\"thumbnailUrl\" srcset=\"https:\/\/radiorevelacionfm.cl\/wp-content\/uploads\/2023\/07\/artesanas-en-biobio-2_optimized-2.jpg 1067w, https:\/\/radiorevelacionfm.cl\/wp-content\/uploads\/2023\/07\/artesanas-en-biobio-2_optimized-2-300x169.jpg 300w, https:\/\/radiorevelacionfm.cl\/wp-content\/uploads\/2023\/07\/artesanas-en-biobio-2_optimized-2-1030x579.jpg 1030w, https:\/\/radiorevelacionfm.cl\/wp-content\/uploads\/2023\/07\/artesanas-en-biobio-2_optimized-2-768x432.jpg 768w, https:\/\/radiorevelacionfm.cl\/wp-content\/uploads\/2023\/07\/artesanas-en-biobio-2_optimized-2-705x396.jpg 705w, https:\/\/radiorevelacionfm.cl\/wp-content\/uploads\/2023\/07\/artesanas-en-biobio-2_optimized-2-450x253.jpg 450w, https:\/\/radiorevelacionfm.cl\/wp-content\/uploads\/2023\/07\/artesanas-en-biobio-2_optimized-2-600x337.jpg 600w\" sizes=\"(max-width: 1067px) 100vw, 1067px\" \/><\/div><\/div><\/div><\/div><div class=\"flex_column av_one_full  flex_column_div av-zero-column-padding first  avia-builder-el-2  el_after_av_one_full  el_before_av_one_full  column-top-margin\" style='border-radius:0px; '><section class=\"av_textblock_section \"  itemscope=\"itemscope\" itemtype=\"https:\/\/schema.org\/BlogPosting\" itemprop=\"blogPost\" ><div class='avia_textblock  '   itemprop=\"text\" ><p style=\"text-align: center;\"><strong><span style=\"font-size: 18pt;\">Artesanas de Ays\u00e9n participan en el encuentro nacional en el Biob\u00edo<\/span><\/strong><\/p>\n<div id=\"gtx-trans\" style=\"position: absolute; left: -50px; top: 4.31534px;\">\n<div class=\"gtx-trans-icon\"><\/div>\n<\/div>\n<\/div><\/section><\/div><div class=\"flex_column av_one_full  flex_column_div av-zero-column-padding first  avia-builder-el-4  el_after_av_one_full  el_before_av_hr  column-top-margin\" style='border-radius:0px; '><section class=\"av_textblock_section \"  itemscope=\"itemscope\" itemtype=\"https:\/\/schema.org\/BlogPosting\" itemprop=\"blogPost\" ><div class='avia_textblock  '   itemprop=\"text\" ><p style=\"text-align: justify;\">Las artesanas de la Regi\u00f3n de Ays\u00e9n, Carol Epuyao y Claudia Mu\u00f1oz, participaron junto a 32 pares de todo el pa\u00eds en el Encuentro Nacional de Mujeres Artesanas ENMA 2023 que se desarroll\u00f3 durante una semana en la Regi\u00f3n del Biob\u00edo.<\/p>\n<p style=\"text-align: justify;\">ENMA 2023 busc\u00f3 visibilizar las distintas l\u00edneas de financiamiento que entrega el Ministerio de las Culturas, las Artes y el Patrimonio, con miras a crear una Red Nacional de Mujeres Artesanas que potencie el trabajo colaborativo y contribuya al fomento de la artesan\u00eda nacional y a relevar la pr\u00e1ctica artesanal con enfoque de g\u00e9nero.<\/p>\n<p style=\"text-align: justify;\">Todas las participantes son ganadoras de proyectos Fondart y el encuentro consisti\u00f3 justamente en intercambiar experiencias y formas de trabajo.<\/p>\n<p style=\"text-align: justify;\">La artesana Carol Epuyao de Aukartesan\u00eda viaj\u00f3 desde Coyhaique para representar al territorio en ENMA 2023, junto a su compa\u00f1era de Estudio del 26 de Los Torreones, Claudia Mu\u00f1oz. Tras una intensa semana de di\u00e1logo, compartir creaciones y pr\u00e1cticas patrimoniales, Carol reflexiona sobre los desaf\u00edos que vienen: \u201cPusimos urgencia en la necesidad de contar con una Ley de Artesan\u00eda, con lo cual tendr\u00edamos una normativa que protege el quehacer del oficio y a nosotras como cultoras. Estamos muy comprometidas con la creaci\u00f3n de la Red Nacional de Mujeres Artesanas; ya nos distribuimos tareas de trabajo y esperamos que surjan iniciativas en conjunto\u201d. La artesana aysenina destaca que en ENMA 2023 \u201ccoincidieron tem\u00e1ticas y trabajos superinteresantes; coincidimos en la inspiraci\u00f3n, pero las piezas eran completamente diferentes y eso es lo interesante de estos encuentros\u201d.<\/p>\n<p style=\"text-align: justify;\">El seremi de Culturas Ays\u00e9n, Felipe Quiroz, piensa que estos encuentros son \u201cuna gran oportunidad para que las creadoras regionales puedan dar a conocer sus obras y formas de trabajo e intercambiar con artesanas de otras regiones saberes y experiencias. Desde todos los puntos del pa\u00eds hay un fuerte compromiso por darle forma y viabilidad a esta Red Nacional de Mujeres Artesanas que no solo protege el trabajo creativo, su difusi\u00f3n y valoraci\u00f3n, sino permite espacios como ENMA 2023, donde quienes han desarrollado proyectos Fondart pueden compartir sus herramientas e informaci\u00f3n relevante sobre sus procesos. Como Gobierno, la promoci\u00f3n y resguardo por la artesan\u00eda ha sido una materia a relevar, es por ello que estamos trabajando en una sentida Ley de Artesan\u00eda\u201d.<\/p>\n<p style=\"text-align: justify;\">El Encuentro Nacional de Mujeres Artesanas 2023 es organizado por el Ministerio de las Culturas, las Artes y el Patrimonio, la Secretar\u00eda Ejecutiva de los Fondos de Desarrollo Cultural Fondart, el \u00e1rea de Artesan\u00eda del Departamento de Fomento del propio Ministerio y la Secretar\u00eda Regional Ministerial de las Culturas, las Artes y el Patrimonio de la Regi\u00f3n del Biob\u00edo, con el apoyo de la Fundaci\u00f3n \u201cTrabajo para un Hermano\u201d.<\/p>\n<\/div><\/section><\/div><div  style='height:50px' class='hr hr-invisible   avia-builder-el-6  el_after_av_one_full  el_before_av_social_share '><span class='hr-inner ' ><span class='hr-inner-style'><\/span><\/span><\/div><\/p>\n<div  class='av-social-sharing-box  avia-builder-el-7  el_after_av_hr  el_before_av_hr  '><div class='av-share-box'><h5 class='av-share-link-description av-no-toc '>Compartir esta noticia<\/h5><ul class='av-share-box-list noLightbox'><li class='av-share-link av-social-link-facebook' ><a target=\"_blank\" aria-label=\"Compartir en Facebook\" href='https:\/\/www.facebook.com\/sharer.php?u=https:\/\/radiorevelacionfm.cl\/?p=32706&#038;t=Artesanas%20de%20Ays%C3%A9n%20participan%20en%20el%20encuentro%20nacional%20en%20el%20Biob%C3%ADo' aria-hidden='false' data-av_icon='\ue8f3' data-av_iconfont='entypo-fontello' title='' data-avia-related-tooltip='Compartir en Facebook' rel=\"noopener\"><span class='avia_hidden_link_text'>Compartir en Facebook<\/span><\/a><\/li><li class='av-share-link av-social-link-twitter' ><a target=\"_blank\" aria-label=\"Compartir en Twitter\" href='https:\/\/twitter.com\/share?text=Artesanas%20de%20Ays%C3%A9n%20participan%20en%20el%20encuentro%20nacional%20en%20el%20Biob%C3%ADo&#038;url=https:\/\/radiorevelacionfm.cl\/?p=32706' aria-hidden='false' data-av_icon='\ue8f1' data-av_iconfont='entypo-fontello' title='' data-avia-related-tooltip='Compartir en Twitter' rel=\"noopener\"><span class='avia_hidden_link_text'>Compartir en Twitter<\/span><\/a><\/li><li class='av-share-link av-social-link-whatsapp' ><a target=\"_blank\" aria-label=\"Compartir en Whatsapp\" href='https:\/\/api.whatsapp.com\/send?text=https:\/\/radiorevelacionfm.cl\/?p=32706' aria-hidden='false' data-av_icon='\uf232' data-av_iconfont='entypo-fontello' title='' data-avia-related-tooltip='Compartir en Whatsapp' rel=\"noopener\"><span class='avia_hidden_link_text'>Compartir en Whatsapp<\/span><\/a><\/li><li class='av-share-link av-social-link-linkedin' ><a target=\"_blank\" aria-label=\"Compartir en LinkedIn\" href='https:\/\/linkedin.com\/shareArticle?mini=true&#038;title=Artesanas%20de%20Ays%C3%A9n%20participan%20en%20el%20encuentro%20nacional%20en%20el%20Biob%C3%ADo&#038;url=https:\/\/radiorevelacionfm.cl\/?p=32706' aria-hidden='false' data-av_icon='\ue8fc' data-av_iconfont='entypo-fontello' title='' data-avia-related-tooltip='Compartir en LinkedIn' rel=\"noopener\"><span class='avia_hidden_link_text'>Compartir en LinkedIn<\/span><\/a><\/li><li class='av-share-link av-social-link-mail' ><a  aria-label=\"Compartir por correo\" href='mailto:?subject=Artesanas%20de%20Ays%C3%A9n%20participan%20en%20el%20encuentro%20nacional%20en%20el%20Biob%C3%ADo&#038;body=https:\/\/radiorevelacionfm.cl\/?p=32706' aria-hidden='false' data-av_icon='\ue805' data-av_iconfont='entypo-fontello' title='' data-avia-related-tooltip='Compartir por correo'><span class='avia_hidden_link_text'>Compartir por correo<\/span><\/a><\/li><\/ul><\/div><\/div>\n<div  style='height:50px' class='hr hr-invisible   avia-builder-el-8  el_after_av_social_share  el_before_av_comments_list '><span class='hr-inner ' ><span class='hr-inner-style'><\/span><\/span><\/div>\n<div  class='av-buildercomment  av-blog-meta-html-info-disabled av-blog-meta-tag-disabled  '><\/div>\n","protected":false},"excerpt":{"rendered":"","protected":false},"author":1,"featured_media":32707,"comment_status":"open","ping_status":"open","sticky":false,"template":"","format":"standard","meta":{"footnotes":""},"categories":[52],"tags":[],"class_list":["post-32706","post","type-post","status-publish","format-standard","has-post-thumbnail","hentry","category-cultura"],"jetpack_featured_media_url":"https:\/\/radiorevelacionfm.cl\/wp-content\/uploads\/2023\/07\/artesanas-en-biobio-2_optimized-2.jpg","_links":{"self":[{"href":"https:\/\/radiorevelacionfm.cl\/index.php?rest_route=\/wp\/v2\/posts\/32706","targetHints":{"allow":["GET"]}}],"collection":[{"href":"https:\/\/radiorevelacionfm.cl\/index.php?rest_route=\/wp\/v2\/posts"}],"about":[{"href":"https:\/\/radiorevelacionfm.cl\/index.php?rest_route=\/wp\/v2\/types\/post"}],"author":[{"embeddable":true,"href":"https:\/\/radiorevelacionfm.cl\/index.php?rest_route=\/wp\/v2\/users\/1"}],"replies":[{"embeddable":true,"href":"https:\/\/radiorevelacionfm.cl\/index.php?rest_route=%2Fwp%2Fv2%2Fcomments&post=32706"}],"version-history":[{"count":1,"href":"https:\/\/radiorevelacionfm.cl\/index.php?rest_route=\/wp\/v2\/posts\/32706\/revisions"}],"predecessor-version":[{"id":32708,"href":"https:\/\/radiorevelacionfm.cl\/index.php?rest_route=\/wp\/v2\/posts\/32706\/revisions\/32708"}],"wp:featuredmedia":[{"embeddable":true,"href":"https:\/\/radiorevelacionfm.cl\/index.php?rest_route=\/wp\/v2\/media\/32707"}],"wp:attachment":[{"href":"https:\/\/radiorevelacionfm.cl\/index.php?rest_route=%2Fwp%2Fv2%2Fmedia&parent=32706"}],"wp:term":[{"taxonomy":"category","embeddable":true,"href":"https:\/\/radiorevelacionfm.cl\/index.php?rest_route=%2Fwp%2Fv2%2Fcategories&post=32706"},{"taxonomy":"post_tag","embeddable":true,"href":"https:\/\/radiorevelacionfm.cl\/index.php?rest_route=%2Fwp%2Fv2%2Ftags&post=32706"}],"curies":[{"name":"wp","href":"https:\/\/api.w.org\/{rel}","templated":true}]}}