{"id":32703,"date":"2023-07-06T23:06:00","date_gmt":"2023-07-07T02:06:00","guid":{"rendered":"https:\/\/radiorevelacionfm.cl\/?p=32703"},"modified":"2023-07-06T23:06:00","modified_gmt":"2023-07-07T02:06:00","slug":"en-puerto-cisnes-sernameg-imparte-talleres-a-la-comunidad-e-instituciones","status":"publish","type":"post","link":"https:\/\/radiorevelacionfm.cl\/?p=32703","title":{"rendered":"En Puerto Cisnes SernamEG imparte talleres a la comunidad e instituciones"},"content":{"rendered":"<div class=\"flex_column av_one_full  flex_column_div av-zero-column-padding first  avia-builder-el-0  el_before_av_one_full  avia-builder-el-first  \" style='border-radius:0px; '><div  id=\"\"  class='avia-image-container avia_animated_image avia_animate_when_almost_visible no-animation,no-animation av-styling-, ,   avia-builder-el-1  avia-builder-el-no-sibling  invalid-custom-class-found avia-align-center,center '  itemprop=\"image\" itemscope=\"itemscope\" itemtype=\"https:\/\/schema.org\/ImageObject\"  ><div class='avia-image-container-inner'><div class='avia-image-overlay-wrap'><img decoding=\"async\" class='wp-image-32704 avia-img-lazy-loading-not-32704 avia_image' src=\"https:\/\/radiorevelacionfm.cl\/wp-content\/uploads\/2023\/07\/1-11-2_optimized-2.jpg\" alt=',' title=',' height=\"600\" width=\"1155\"  itemprop=\"thumbnailUrl\" srcset=\"https:\/\/radiorevelacionfm.cl\/wp-content\/uploads\/2023\/07\/1-11-2_optimized-2.jpg 1155w, https:\/\/radiorevelacionfm.cl\/wp-content\/uploads\/2023\/07\/1-11-2_optimized-2-300x156.jpg 300w, https:\/\/radiorevelacionfm.cl\/wp-content\/uploads\/2023\/07\/1-11-2_optimized-2-1030x535.jpg 1030w, https:\/\/radiorevelacionfm.cl\/wp-content\/uploads\/2023\/07\/1-11-2_optimized-2-768x399.jpg 768w, https:\/\/radiorevelacionfm.cl\/wp-content\/uploads\/2023\/07\/1-11-2_optimized-2-705x366.jpg 705w, https:\/\/radiorevelacionfm.cl\/wp-content\/uploads\/2023\/07\/1-11-2_optimized-2-450x234.jpg 450w, https:\/\/radiorevelacionfm.cl\/wp-content\/uploads\/2023\/07\/1-11-2_optimized-2-600x312.jpg 600w\" sizes=\"(max-width: 1155px) 100vw, 1155px\" \/><\/div><\/div><\/div><\/div><div class=\"flex_column av_one_full  flex_column_div av-zero-column-padding first  avia-builder-el-2  el_after_av_one_full  el_before_av_one_full  column-top-margin\" style='border-radius:0px; '><section class=\"av_textblock_section \"  itemscope=\"itemscope\" itemtype=\"https:\/\/schema.org\/BlogPosting\" itemprop=\"blogPost\" ><div class='avia_textblock  '   itemprop=\"text\" ><p style=\"text-align: center;\"><strong><span style=\"font-size: 18pt;\">En Puerto Cisnes SernamEG imparte talleres a la comunidad e instituciones<\/span><\/strong><\/p>\n<div id=\"gtx-trans\" style=\"position: absolute; left: -50px; top: 4.31534px;\">\n<div class=\"gtx-trans-icon\"><\/div>\n<\/div>\n<\/div><\/section><\/div><div class=\"flex_column av_one_full  flex_column_div av-zero-column-padding first  avia-builder-el-4  el_after_av_one_full  el_before_av_hr  column-top-margin\" style='border-radius:0px; '><section class=\"av_textblock_section \"  itemscope=\"itemscope\" itemtype=\"https:\/\/schema.org\/BlogPosting\" itemprop=\"blogPost\" ><div class='avia_textblock  '   itemprop=\"text\" ><p style=\"text-align: justify;\">En el cumplimiento de los compromisos asumidos, en mayo pasado, con la Oficina de la Mujer de la Municipalidad de Cisnes, durante la primera visita de la reci\u00e9n asumida Directora Regional (S) del Servicio Nacional de la Mujer y la Equidad de G\u00e9nero, Marta Godoy Carvajal, funcionarias de la direcci\u00f3n regional realizaron talleres destinados a mujeres y a organismos p\u00fablicos en el territorio.<\/p>\n<p style=\"text-align: justify;\">Junto con resaltar que de manera permanente SernamEG promueve procesos de aprendizaje, Marta Godoy Carvajal, precis\u00f3 que \u201cbuscamos transformar los patrones socioculturales que sustentan y reproducen las violencias contra las mujeres. En el caso del taller a Carabineros y a la Armada, se gener\u00f3 un espacio colaborativo y facilitador de la conversaci\u00f3n, donde se analiz\u00f3 la historia de cada una de las personas participantes y c\u00f3mo influye en el tipo de atenci\u00f3n que se entrega a la comunidad. La instancia tambi\u00e9n sirvi\u00f3 como una oportunidad de reflexi\u00f3n, teniendo en cuenta la frustraci\u00f3n que se genera, por lo que es un desaf\u00edo entregar una respuesta adecuada; ya que es \u00a0a trav\u00e9s de las polic\u00edas como el Estado entrega protecci\u00f3n y seguridad a las mujeres v\u00edctimas de violencias\u201d.<\/p>\n<p style=\"text-align: justify;\">Por su parte, la Encargada de la Oficina de la Mujer de la Municipalidad de Cisnes, Nicole N\u00fa\u00f1ez Quiroz, manifest\u00f3: \u201cestos talleres forman parte de un plan de trabajo que se planific\u00f3 con entidades p\u00fablicas y de orden, con la finalidad de levantar las necesidades y evaluar c\u00f3mo se est\u00e1 llevando a cabo la prevenci\u00f3n de la violencia intrafamiliar y tambi\u00e9n contra las mujeres. Estamos muy contentas de que se est\u00e9n concretando los trabajos colaborativos, que se alcancen los objetivos trazados; sabemos que es importante avanzar en esta tem\u00e1tica y que tambi\u00e9n todos los actores se involucren en prevenir la violencia contra las mujeres\u201d.<\/p>\n<p style=\"text-align: justify;\"><strong>EXPERIENCIAS POSITIVAS<\/strong><\/p>\n<p style=\"text-align: justify;\">Respecto al ciclo de talleres formativos que se iniciaron, el Teniente, Ricardo Mendoza Valenzuela, de la Subcomisar\u00eda de Puerto Cisnes, manifest\u00f3 que \u201cservir\u00e1 para responder a las necesidades que se presentan en la atenci\u00f3n de p\u00fablico, tambi\u00e9n rescato la informaci\u00f3n entregada sobre g\u00e9nero que actualmente es una tem\u00e1tica de inter\u00e9s para la comunidad; la que se relaciona a la forma en que atendemos como carabineros. Esta jornada result\u00f3 muy provechosa y significativa, ya que nos entreg\u00f3 muchas herramientas que nos permiten visualizar c\u00f3mo debemos ver la sociedad y la forma de orientar los recursos para ejercer nuestra labor en las diferentes atenciones; as\u00ed como las actividades que trabajamos con la poblaci\u00f3n\u201d.<\/p>\n<p style=\"text-align: justify;\">El programa de Prevenci\u00f3n en Violencia contra las Mujeres est\u00e1 dirigido a j\u00f3venes de 14 a 29 a\u00f1os, que incluye a personas adultas que se relacionen o se vinculen con las juventudes. Para este \u00faltimo grupo etario, se inici\u00f3 un proceso de formaci\u00f3n como agentes preventivos; dirigido espec\u00edficamente a mujeres de Puerto Cisnes. Una de ellas fue Valeska Corball V\u00e1squez, quien dijo: \u201cme pareci\u00f3 s\u00faper bueno el curso, porque nos ense\u00f1\u00f3 much\u00edsimo, antes hab\u00eda participado en dos instancias similares que abordan la equidad de g\u00e9nero. Este \u00faltimo fue super completo, as\u00ed que adquir\u00ed nuevos conocimientos que me parecieron interesantes. Sobre todo, el m\u00f3dulo que abord\u00f3 la violencia de pareja\u201d.<\/p>\n<p style=\"text-align: justify;\">El Servicio Nacional de la Mujer y la Equidad de G\u00e9nero entiende que las violencias contra las ni\u00f1as, adolescentes y mujeres tiene un origen de car\u00e1cter sociocultural \u2013considerando factores hist\u00f3ricos, econ\u00f3micos, religiosos, culturales, entre otros-, y las causas estructurales van dando lugar a causas m\u00e1s pr\u00f3ximas al problema. Lo anterior evidencia la complejidad de dicha problem\u00e1tica, que est\u00e1 basada en un orden social discriminatorio y, por tanto, hacerse cargo de ella, implica enfrentarla desde diferentes \u00e1ngulos.<\/p>\n<\/div><\/section><\/div><div  style='height:50px' class='hr hr-invisible   avia-builder-el-6  el_after_av_one_full  el_before_av_social_share '><span class='hr-inner ' ><span class='hr-inner-style'><\/span><\/span><\/div><\/p>\n<div  class='av-social-sharing-box  avia-builder-el-7  el_after_av_hr  el_before_av_hr  '><div class='av-share-box'><h5 class='av-share-link-description av-no-toc '>Compartir esta noticia<\/h5><ul class='av-share-box-list noLightbox'><li class='av-share-link av-social-link-facebook' ><a target=\"_blank\" aria-label=\"Compartir en Facebook\" href='https:\/\/www.facebook.com\/sharer.php?u=https:\/\/radiorevelacionfm.cl\/?p=32703&#038;t=En%20Puerto%20Cisnes%20SernamEG%20imparte%20talleres%20a%20la%20comunidad%20e%20instituciones' aria-hidden='false' data-av_icon='\ue8f3' data-av_iconfont='entypo-fontello' title='' data-avia-related-tooltip='Compartir en Facebook' rel=\"noopener\"><span class='avia_hidden_link_text'>Compartir en Facebook<\/span><\/a><\/li><li class='av-share-link av-social-link-twitter' ><a target=\"_blank\" aria-label=\"Compartir en Twitter\" href='https:\/\/twitter.com\/share?text=En%20Puerto%20Cisnes%20SernamEG%20imparte%20talleres%20a%20la%20comunidad%20e%20instituciones&#038;url=https:\/\/radiorevelacionfm.cl\/?p=32703' aria-hidden='false' data-av_icon='\ue8f1' data-av_iconfont='entypo-fontello' title='' data-avia-related-tooltip='Compartir en Twitter' rel=\"noopener\"><span class='avia_hidden_link_text'>Compartir en Twitter<\/span><\/a><\/li><li class='av-share-link av-social-link-whatsapp' ><a target=\"_blank\" aria-label=\"Compartir en Whatsapp\" href='https:\/\/api.whatsapp.com\/send?text=https:\/\/radiorevelacionfm.cl\/?p=32703' aria-hidden='false' data-av_icon='\uf232' data-av_iconfont='entypo-fontello' title='' data-avia-related-tooltip='Compartir en Whatsapp' rel=\"noopener\"><span class='avia_hidden_link_text'>Compartir en Whatsapp<\/span><\/a><\/li><li class='av-share-link av-social-link-linkedin' ><a target=\"_blank\" aria-label=\"Compartir en LinkedIn\" href='https:\/\/linkedin.com\/shareArticle?mini=true&#038;title=En%20Puerto%20Cisnes%20SernamEG%20imparte%20talleres%20a%20la%20comunidad%20e%20instituciones&#038;url=https:\/\/radiorevelacionfm.cl\/?p=32703' aria-hidden='false' data-av_icon='\ue8fc' data-av_iconfont='entypo-fontello' title='' data-avia-related-tooltip='Compartir en LinkedIn' rel=\"noopener\"><span class='avia_hidden_link_text'>Compartir en LinkedIn<\/span><\/a><\/li><li class='av-share-link av-social-link-mail' ><a  aria-label=\"Compartir por correo\" href='mailto:?subject=En%20Puerto%20Cisnes%20SernamEG%20imparte%20talleres%20a%20la%20comunidad%20e%20instituciones&#038;body=https:\/\/radiorevelacionfm.cl\/?p=32703' aria-hidden='false' data-av_icon='\ue805' data-av_iconfont='entypo-fontello' title='' data-avia-related-tooltip='Compartir por correo'><span class='avia_hidden_link_text'>Compartir por correo<\/span><\/a><\/li><\/ul><\/div><\/div>\n<div  style='height:50px' class='hr hr-invisible   avia-builder-el-8  el_after_av_social_share  el_before_av_comments_list '><span class='hr-inner ' ><span class='hr-inner-style'><\/span><\/span><\/div>\n<div  class='av-buildercomment  av-blog-meta-html-info-disabled av-blog-meta-tag-disabled  '><\/div>\n","protected":false},"excerpt":{"rendered":"","protected":false},"author":1,"featured_media":32704,"comment_status":"open","ping_status":"open","sticky":false,"template":"","format":"standard","meta":{"footnotes":""},"categories":[38],"tags":[],"class_list":["post-32703","post","type-post","status-publish","format-standard","has-post-thumbnail","hentry","category-regional"],"jetpack_featured_media_url":"https:\/\/radiorevelacionfm.cl\/wp-content\/uploads\/2023\/07\/1-11-2_optimized-2.jpg","_links":{"self":[{"href":"https:\/\/radiorevelacionfm.cl\/index.php?rest_route=\/wp\/v2\/posts\/32703","targetHints":{"allow":["GET"]}}],"collection":[{"href":"https:\/\/radiorevelacionfm.cl\/index.php?rest_route=\/wp\/v2\/posts"}],"about":[{"href":"https:\/\/radiorevelacionfm.cl\/index.php?rest_route=\/wp\/v2\/types\/post"}],"author":[{"embeddable":true,"href":"https:\/\/radiorevelacionfm.cl\/index.php?rest_route=\/wp\/v2\/users\/1"}],"replies":[{"embeddable":true,"href":"https:\/\/radiorevelacionfm.cl\/index.php?rest_route=%2Fwp%2Fv2%2Fcomments&post=32703"}],"version-history":[{"count":1,"href":"https:\/\/radiorevelacionfm.cl\/index.php?rest_route=\/wp\/v2\/posts\/32703\/revisions"}],"predecessor-version":[{"id":32705,"href":"https:\/\/radiorevelacionfm.cl\/index.php?rest_route=\/wp\/v2\/posts\/32703\/revisions\/32705"}],"wp:featuredmedia":[{"embeddable":true,"href":"https:\/\/radiorevelacionfm.cl\/index.php?rest_route=\/wp\/v2\/media\/32704"}],"wp:attachment":[{"href":"https:\/\/radiorevelacionfm.cl\/index.php?rest_route=%2Fwp%2Fv2%2Fmedia&parent=32703"}],"wp:term":[{"taxonomy":"category","embeddable":true,"href":"https:\/\/radiorevelacionfm.cl\/index.php?rest_route=%2Fwp%2Fv2%2Fcategories&post=32703"},{"taxonomy":"post_tag","embeddable":true,"href":"https:\/\/radiorevelacionfm.cl\/index.php?rest_route=%2Fwp%2Fv2%2Ftags&post=32703"}],"curies":[{"name":"wp","href":"https:\/\/api.w.org\/{rel}","templated":true}]}}