{"id":32700,"date":"2023-07-06T21:04:44","date_gmt":"2023-07-07T00:04:44","guid":{"rendered":"https:\/\/radiorevelacionfm.cl\/?p=32700"},"modified":"2023-07-06T21:04:44","modified_gmt":"2023-07-07T00:04:44","slug":"efectivos-del-ejercito-juraran-a-la-bandera-este-domingo","status":"publish","type":"post","link":"https:\/\/radiorevelacionfm.cl\/?p=32700","title":{"rendered":"Efectivos del Ej\u00e9rcito juraran a la bandera este domingo"},"content":{"rendered":"<div class=\"flex_column av_one_full  flex_column_div av-zero-column-padding first  avia-builder-el-0  el_before_av_one_full  avia-builder-el-first  \" style='border-radius:0px; '><div  class='avia-image-container  av-styling-    avia-builder-el-1  avia-builder-el-no-sibling  avia-align-center '  itemprop=\"image\" itemscope=\"itemscope\" itemtype=\"https:\/\/schema.org\/ImageObject\"  ><div class='avia-image-container-inner'><div class='avia-image-overlay-wrap'><img decoding=\"async\" class='wp-image-32701 avia-img-lazy-loading-not-32701 avia_image' src=\"https:\/\/radiorevelacionfm.cl\/wp-content\/uploads\/2023\/07\/DSC1407-2-2.jpg\" alt='' title='_DSC1407-2-2' height=\"600\" width=\"899\"  itemprop=\"thumbnailUrl\" srcset=\"https:\/\/radiorevelacionfm.cl\/wp-content\/uploads\/2023\/07\/DSC1407-2-2.jpg 899w, https:\/\/radiorevelacionfm.cl\/wp-content\/uploads\/2023\/07\/DSC1407-2-2-300x200.jpg 300w, https:\/\/radiorevelacionfm.cl\/wp-content\/uploads\/2023\/07\/DSC1407-2-2-768x513.jpg 768w, https:\/\/radiorevelacionfm.cl\/wp-content\/uploads\/2023\/07\/DSC1407-2-2-705x471.jpg 705w, https:\/\/radiorevelacionfm.cl\/wp-content\/uploads\/2023\/07\/DSC1407-2-2-450x300.jpg 450w, https:\/\/radiorevelacionfm.cl\/wp-content\/uploads\/2023\/07\/DSC1407-2-2-600x400.jpg 600w\" sizes=\"(max-width: 899px) 100vw, 899px\" \/><\/div><\/div><\/div><\/div><div class=\"flex_column av_one_full  flex_column_div av-zero-column-padding first  avia-builder-el-2  el_after_av_one_full  el_before_av_one_full  column-top-margin\" style='border-radius:0px; '><section class=\"av_textblock_section \"  itemscope=\"itemscope\" itemtype=\"https:\/\/schema.org\/BlogPosting\" itemprop=\"blogPost\" ><div class='avia_textblock  '   itemprop=\"text\" ><div>\n<p align=\"center\"><span style=\"font-size: 18pt;\"><b><span lang=\"ES\">Efectivos del Ej\u00e9rcito juraran a la bandera este domingo<\/span><\/b><\/span><\/p>\n<\/div>\n<div id=\"gtx-trans\" style=\"position: absolute; left: -50px; top: 4.31534px;\">\n<div class=\"gtx-trans-icon\"><\/div>\n<\/div>\n<\/div><\/section><\/div><div class=\"flex_column av_one_full  flex_column_div av-zero-column-padding first  avia-builder-el-4  el_after_av_one_full  el_before_av_hr  column-top-margin\" style='border-radius:0px; '><section class=\"av_textblock_section \"  itemscope=\"itemscope\" itemtype=\"https:\/\/schema.org\/BlogPosting\" itemprop=\"blogPost\" ><div class='avia_textblock  '   itemprop=\"text\" ><p style=\"text-align: justify;\">Este 8y 9 de julio se realizar\u00e1 la vigilia de armas y el tradicional juramento a la bandera, compromiso inmortal inspirado en la haza\u00f1a en homenaje a los 77 h\u00e9roes de la batalla de La Concepci\u00f3n.<\/p>\n<p style=\"text-align: justify;\">Ya han transcurrido 141 a\u00f1os desde que los 77 chilenos al mando del Capit\u00e1n Ignacio Carrera Pinto, se inmolaron para defender nuestra bandera en el Combate de La Concepci\u00f3n.<\/p>\n<p style=\"text-align: justify;\">Cabe mencionar, a modo hist\u00f3rico que el primer juramento a la bandera fue realizado el 12 de febrero de 1818 por el Libertador Capit\u00e1n General don Bernardo O\u2019Higgins Riquelme y parte de las fuerzas patriotas de la ciudad de Talca. M\u00e1s tarde fue establecido en la Ordenanza General del Ej\u00e9rcito.5 En 1898, el Ministro de Guerra, don Vicente Blanco orden\u00f3 que: \u201ctodos los individuos que por primera vez ingresen a un cuerpo del Ej\u00e9rcito, en el car\u00e1cter de oficiales, prestar\u00e1n juramento al estandarte que prescribe el Art. 50 de la Ordenanza\u2026\u201d6 y del mismo modo, la f\u00f3rmula que se utilizar\u00e1 a partir de entonces. Hasta 1914 el Juramento a la Bandera se efectuaba en forma y fechas distintas en las diversas unidades. Por ello, el presidente Ram\u00f3n Barros Luco, uniform\u00f3 la ceremonia de dicho acto y le dio mayor solemnidad.7 Orden\u00f3 por medio del Decreto N\u00b0 1488 de 4 de junio de 1914, que se celebrar\u00e1 el 10 de julio: \u201cconsiderando: que el juramento de fidelidad a la patria que prestan los reclutas que se incorporan al servicio del Ej\u00e9rcito, se ejecuta en forma y fecha distintas en las diversas unidades de tropa y habiendo conveniencia en uniformar la ceremonia de dicho acto y darle a esta la solemnidad necesaria; celebr\u00e1ndola en el aniversario de una de las acciones m\u00e1s gloriosas del ej\u00e9rcito\u201d8 . Adem\u00e1s, mediante el mismo Decreto, se ampli\u00f3 el juramento a todos los oficiales e individuos de tropa. Por decreto del 11 de julio de 1916, se cambi\u00f3 la fecha de la ceremonia para el 9 de julio de cada a\u00f1o.<\/p>\n<p style=\"text-align: justify;\">Para la Capit\u00e1n Cherry Koo Droguett Droguett, fue un momento \u00fanico y especial, quien nos se\u00f1ala \u201c<em>Para m\u00ed fue un gran honor poder reafirmar mi juramento a la bandera mientras me encontraba en comisi\u00f3n de servicio en el buque escuela \u201cEsmeralda\u201d \u00a0el a\u00f1o 2014. Fue una ceremonia que se desarroll\u00f3 en Panam\u00e1 con la dotaci\u00f3n completa del buque escuela, quienes tomaron mi juramento a las 12 del d\u00eda del 09 de julio de 2014\u201d<\/em>.<\/p>\n<p style=\"text-align: justify;\">Como la Capit\u00e1n Droguett, este domingo 9 de julio a las 10:00 hrs en la plaza Mirador R\u00edo Coyhaique, y a las 15:00 hrs en la Plaza de Armas de Puerto Ays\u00e9n, oficiales, suboficiales y soldados conscriptos jurar\u00e1n ante Dios y el emblema patrio\u00a0 servir fielmente a la patria hasta rendir la vida si fuese necesario.<\/p>\n<\/div><\/section><\/div><div  style='height:50px' class='hr hr-invisible   avia-builder-el-6  el_after_av_one_full  el_before_av_social_share '><span class='hr-inner ' ><span class='hr-inner-style'><\/span><\/span><\/div><\/p>\n<div  class='av-social-sharing-box  avia-builder-el-7  el_after_av_hr  el_before_av_hr  '><div class='av-share-box'><h5 class='av-share-link-description av-no-toc '>Compartir esta noticia<\/h5><ul class='av-share-box-list noLightbox'><li class='av-share-link av-social-link-facebook' ><a target=\"_blank\" aria-label=\"Compartir en Facebook\" href='https:\/\/www.facebook.com\/sharer.php?u=https:\/\/radiorevelacionfm.cl\/?p=32700&#038;t=Efectivos%20del%20Ej%C3%A9rcito%20juraran%20a%20la%20bandera%20este%20domingo' aria-hidden='false' data-av_icon='\ue8f3' data-av_iconfont='entypo-fontello' title='' data-avia-related-tooltip='Compartir en Facebook' rel=\"noopener\"><span class='avia_hidden_link_text'>Compartir en Facebook<\/span><\/a><\/li><li class='av-share-link av-social-link-twitter' ><a target=\"_blank\" aria-label=\"Compartir en Twitter\" href='https:\/\/twitter.com\/share?text=Efectivos%20del%20Ej%C3%A9rcito%20juraran%20a%20la%20bandera%20este%20domingo&#038;url=https:\/\/radiorevelacionfm.cl\/?p=32700' aria-hidden='false' data-av_icon='\ue8f1' data-av_iconfont='entypo-fontello' title='' data-avia-related-tooltip='Compartir en Twitter' rel=\"noopener\"><span class='avia_hidden_link_text'>Compartir en Twitter<\/span><\/a><\/li><li class='av-share-link av-social-link-whatsapp' ><a target=\"_blank\" aria-label=\"Compartir en Whatsapp\" href='https:\/\/api.whatsapp.com\/send?text=https:\/\/radiorevelacionfm.cl\/?p=32700' aria-hidden='false' data-av_icon='\uf232' data-av_iconfont='entypo-fontello' title='' data-avia-related-tooltip='Compartir en Whatsapp' rel=\"noopener\"><span class='avia_hidden_link_text'>Compartir en Whatsapp<\/span><\/a><\/li><li class='av-share-link av-social-link-linkedin' ><a target=\"_blank\" aria-label=\"Compartir en LinkedIn\" href='https:\/\/linkedin.com\/shareArticle?mini=true&#038;title=Efectivos%20del%20Ej%C3%A9rcito%20juraran%20a%20la%20bandera%20este%20domingo&#038;url=https:\/\/radiorevelacionfm.cl\/?p=32700' aria-hidden='false' data-av_icon='\ue8fc' data-av_iconfont='entypo-fontello' title='' data-avia-related-tooltip='Compartir en LinkedIn' rel=\"noopener\"><span class='avia_hidden_link_text'>Compartir en LinkedIn<\/span><\/a><\/li><li class='av-share-link av-social-link-mail' ><a  aria-label=\"Compartir por correo\" href='mailto:?subject=Efectivos%20del%20Ej%C3%A9rcito%20juraran%20a%20la%20bandera%20este%20domingo&#038;body=https:\/\/radiorevelacionfm.cl\/?p=32700' aria-hidden='false' data-av_icon='\ue805' data-av_iconfont='entypo-fontello' title='' data-avia-related-tooltip='Compartir por correo'><span class='avia_hidden_link_text'>Compartir por correo<\/span><\/a><\/li><\/ul><\/div><\/div>\n<div  style='height:50px' class='hr hr-invisible   avia-builder-el-8  el_after_av_social_share  el_before_av_comments_list '><span class='hr-inner ' ><span class='hr-inner-style'><\/span><\/span><\/div>\n<div  class='av-buildercomment  av-blog-meta-html-info-disabled av-blog-meta-tag-disabled  '><\/div>\n","protected":false},"excerpt":{"rendered":"","protected":false},"author":1,"featured_media":32701,"comment_status":"open","ping_status":"open","sticky":false,"template":"","format":"standard","meta":{"footnotes":""},"categories":[38],"tags":[],"class_list":["post-32700","post","type-post","status-publish","format-standard","has-post-thumbnail","hentry","category-regional"],"jetpack_featured_media_url":"https:\/\/radiorevelacionfm.cl\/wp-content\/uploads\/2023\/07\/DSC1407-2-2.jpg","_links":{"self":[{"href":"https:\/\/radiorevelacionfm.cl\/index.php?rest_route=\/wp\/v2\/posts\/32700","targetHints":{"allow":["GET"]}}],"collection":[{"href":"https:\/\/radiorevelacionfm.cl\/index.php?rest_route=\/wp\/v2\/posts"}],"about":[{"href":"https:\/\/radiorevelacionfm.cl\/index.php?rest_route=\/wp\/v2\/types\/post"}],"author":[{"embeddable":true,"href":"https:\/\/radiorevelacionfm.cl\/index.php?rest_route=\/wp\/v2\/users\/1"}],"replies":[{"embeddable":true,"href":"https:\/\/radiorevelacionfm.cl\/index.php?rest_route=%2Fwp%2Fv2%2Fcomments&post=32700"}],"version-history":[{"count":1,"href":"https:\/\/radiorevelacionfm.cl\/index.php?rest_route=\/wp\/v2\/posts\/32700\/revisions"}],"predecessor-version":[{"id":32702,"href":"https:\/\/radiorevelacionfm.cl\/index.php?rest_route=\/wp\/v2\/posts\/32700\/revisions\/32702"}],"wp:featuredmedia":[{"embeddable":true,"href":"https:\/\/radiorevelacionfm.cl\/index.php?rest_route=\/wp\/v2\/media\/32701"}],"wp:attachment":[{"href":"https:\/\/radiorevelacionfm.cl\/index.php?rest_route=%2Fwp%2Fv2%2Fmedia&parent=32700"}],"wp:term":[{"taxonomy":"category","embeddable":true,"href":"https:\/\/radiorevelacionfm.cl\/index.php?rest_route=%2Fwp%2Fv2%2Fcategories&post=32700"},{"taxonomy":"post_tag","embeddable":true,"href":"https:\/\/radiorevelacionfm.cl\/index.php?rest_route=%2Fwp%2Fv2%2Ftags&post=32700"}],"curies":[{"name":"wp","href":"https:\/\/api.w.org\/{rel}","templated":true}]}}