{"id":32696,"date":"2023-07-06T20:42:32","date_gmt":"2023-07-06T23:42:32","guid":{"rendered":"https:\/\/radiorevelacionfm.cl\/?p=32696"},"modified":"2023-07-06T20:42:32","modified_gmt":"2023-07-06T23:42:32","slug":"gope-aysen-encuentra-a-familia-tras-denuncia-por-presunta-desgracia-en-sector-el-turbio-en-manihuales","status":"publish","type":"post","link":"https:\/\/radiorevelacionfm.cl\/?p=32696","title":{"rendered":"GOPE Ays\u00e9n encuentra a familia tras denuncia por presunta desgracia en sector El Turbio en Ma\u00f1ihuales"},"content":{"rendered":"<div class=\"flex_column av_one_full  flex_column_div av-zero-column-padding first  avia-builder-el-0  el_before_av_one_full  avia-builder-el-first  \" style='border-radius:0px; '><div  class='avia-image-container  av-styling-    avia-builder-el-1  avia-builder-el-no-sibling  avia-align-center '  itemprop=\"image\" itemscope=\"itemscope\" itemtype=\"https:\/\/schema.org\/ImageObject\"  ><div class='avia-image-container-inner'><div class='avia-image-overlay-wrap'><img decoding=\"async\" class='wp-image-32698 avia-img-lazy-loading-not-32698 avia_image' src=\"https:\/\/radiorevelacionfm.cl\/wp-content\/uploads\/2023\/07\/image-127-2.jpg\" alt='' title='image-127-2' height=\"599\" width=\"825\"  itemprop=\"thumbnailUrl\" srcset=\"https:\/\/radiorevelacionfm.cl\/wp-content\/uploads\/2023\/07\/image-127-2.jpg 825w, https:\/\/radiorevelacionfm.cl\/wp-content\/uploads\/2023\/07\/image-127-2-300x218.jpg 300w, https:\/\/radiorevelacionfm.cl\/wp-content\/uploads\/2023\/07\/image-127-2-768x558.jpg 768w, https:\/\/radiorevelacionfm.cl\/wp-content\/uploads\/2023\/07\/image-127-2-705x512.jpg 705w, https:\/\/radiorevelacionfm.cl\/wp-content\/uploads\/2023\/07\/image-127-2-450x327.jpg 450w, https:\/\/radiorevelacionfm.cl\/wp-content\/uploads\/2023\/07\/image-127-2-600x436.jpg 600w\" sizes=\"(max-width: 825px) 100vw, 825px\" \/><\/div><\/div><\/div><\/div><div class=\"flex_column av_one_full  flex_column_div av-zero-column-padding first  avia-builder-el-2  el_after_av_one_full  el_before_av_one_full  column-top-margin\" style='border-radius:0px; '><section class=\"av_textblock_section \"  itemscope=\"itemscope\" itemtype=\"https:\/\/schema.org\/BlogPosting\" itemprop=\"blogPost\" ><div class='avia_textblock  '   itemprop=\"text\" ><p style=\"text-align: center;\"><strong><span style=\"font-size: 18pt;\">GOPE Ays\u00e9n encuentra a familia tras denuncia por presunta desgracia en sector El Turbio en Ma\u00f1ihuales<\/span><\/strong><\/p>\n<div id=\"gtx-trans\" style=\"position: absolute; left: -50px; top: 4.31534px;\">\n<div class=\"gtx-trans-icon\"><\/div>\n<\/div>\n<\/div><\/section><\/div><div class=\"flex_column av_one_full  flex_column_div av-zero-column-padding first  avia-builder-el-4  el_after_av_one_full  el_before_av_hr  column-top-margin\" style='border-radius:0px; '><section class=\"av_textblock_section \"  itemscope=\"itemscope\" itemtype=\"https:\/\/schema.org\/BlogPosting\" itemprop=\"blogPost\" ><div class='avia_textblock  '   itemprop=\"text\" ><p class=\"v1MsoNormal\" style=\"text-align: justify;\"><span lang=\"ES\">Luego de una exhaustiva b\u00fasqueda por parte de Carabineros del Ret\u00e9n Villa Ma\u00f1ihuales, sumado a la incorporaci\u00f3n de una patrulla del Grupo de Operaciones Policiales Especiales (GOPE), dicho dispositivo integrado por personal especializado logr\u00f3 dar con un grupo familiar sobre quienes hab\u00eda sido interpuesta una denuncia por presunta desgracia la noche del mi\u00e9rcoles reci\u00e9n pasado.<\/span><\/p>\n<p class=\"v1MsoNormal\" style=\"text-align: justify;\"><span lang=\"ES\">Cinco personas, entre ellas tres adultos y dos menores de edad, se dirigieron a bordo de un veh\u00edculo hacia una parcela en el sector El Turbio, veh\u00edculo que m\u00e1s tardes qued\u00f3 en panne, perdiendo todo contacto con un familiar, quien desde la ciudad de Quell\u00f3n alert\u00f3 en forma telef\u00f3nica a Carabineros sobre este hecho.<\/span><\/p>\n<p class=\"v1MsoNormal\" style=\"text-align: justify;\"><span lang=\"ES\">El Subcomisario de los Servicios de la 2da. Comisar\u00eda de Puerto Ays\u00e9n, Capit\u00e1n Jaime Esparza, se\u00f1al\u00f3 que, frente a lo anterior, Carabineros activ\u00f3 el protocolo de b\u00fasqueda, concurriendo al lugar antes indicado personal del Ret\u00e9n Villa Ma\u00f1ihuales, quienes se abocaron al desarrollo de las primeras diligencias, sin obtener resultados positivos dada las condiciones del camino producto del adverso clima reinante a ra\u00edz de la nevaz\u00f3n, lo cual imposibilit\u00f3 continuar la marcha. No obstante, m\u00e1s tarde se conoci\u00f3 un antecedente que daba cuenta que al menos una de estas personas habr\u00eda pasado por la casa de una residente del sector.<\/span><\/p>\n<p class=\"v1MsoNormal\" style=\"text-align: justify;\"><span lang=\"ES\">Siendo aproximadamente las 04:00 horas de\u00a0hoy, una patrulla del GOPE Ays\u00e9n, quienes se abrieron paso a trav\u00e9s de 40 cm de nieve y temperaturas bajo cero, logrando cruzar un g\u00e9lido r\u00edo y dar con la ubicaci\u00f3n de dichas personas.<\/span><\/p>\n<p class=\"v1MsoNormal\" style=\"text-align: justify;\"><span lang=\"ES\">\u00abSe activ\u00f3 el protocolo GOPE, quienes se constituyen en el lugar, logrando cruzar el r\u00edo y, a trav\u00e9s de una traves\u00eda hasta el domicilio de estas personas, logran constatar el buen estado de salud de ellas, traslad\u00e1ndolos posteriormente hasta el sector urbano de Villa Ma\u00f1ihuales donde se realiz\u00f3 el procedimiento del rigor\u00bb, detall\u00f3 el Oficial.<\/span><\/p>\n<p class=\"v1MsoNormal\" style=\"text-align: justify;\"><span lang=\"ES\">Tras la constataci\u00f3n de lesiones, los antecedentes y resultados de la diligencia fueron informados a la Fiscal\u00eda que dirigi\u00f3 las tareas de b\u00fasqueda.<\/span><\/p>\n<p class=\"v1MsoNormal\" style=\"text-align: justify;\"><span lang=\"ES\">Carabineros reiter\u00f3 el llamado a la comunidad a planificar sus desplazamientos y desarrollo de actividades, m\u00e1s a\u00fan en esta \u00e9poca, dadas las complejidades y bajas temperaturas producto de las condiciones clim\u00e1ticas que imperan en la regi\u00f3n de Ays\u00e9n.<\/span><\/p>\n<\/div><\/section><\/div><div  style='height:50px' class='hr hr-invisible   avia-builder-el-6  el_after_av_one_full  el_before_av_social_share '><span class='hr-inner ' ><span class='hr-inner-style'><\/span><\/span><\/div><\/p>\n<div  class='av-social-sharing-box  avia-builder-el-7  el_after_av_hr  el_before_av_hr  '><div class='av-share-box'><h5 class='av-share-link-description av-no-toc '>Compartir esta noticia<\/h5><ul class='av-share-box-list noLightbox'><li class='av-share-link av-social-link-facebook' ><a target=\"_blank\" aria-label=\"Compartir en Facebook\" href='https:\/\/www.facebook.com\/sharer.php?u=https:\/\/radiorevelacionfm.cl\/?p=32696&#038;t=GOPE%20Ays%C3%A9n%20encuentra%20a%20familia%20tras%20denuncia%20por%20presunta%20desgracia%20en%20sector%20El%20Turbio%20en%20Ma%C3%B1ihuales' aria-hidden='false' data-av_icon='\ue8f3' data-av_iconfont='entypo-fontello' title='' data-avia-related-tooltip='Compartir en Facebook' rel=\"noopener\"><span class='avia_hidden_link_text'>Compartir en Facebook<\/span><\/a><\/li><li class='av-share-link av-social-link-twitter' ><a target=\"_blank\" aria-label=\"Compartir en Twitter\" href='https:\/\/twitter.com\/share?text=GOPE%20Ays%C3%A9n%20encuentra%20a%20familia%20tras%20denuncia%20por%20presunta%20desgracia%20en%20sector%20El%20Turbio%20en%20Ma%C3%B1ihuales&#038;url=https:\/\/radiorevelacionfm.cl\/?p=32696' aria-hidden='false' data-av_icon='\ue8f1' data-av_iconfont='entypo-fontello' title='' data-avia-related-tooltip='Compartir en Twitter' rel=\"noopener\"><span class='avia_hidden_link_text'>Compartir en Twitter<\/span><\/a><\/li><li class='av-share-link av-social-link-whatsapp' ><a target=\"_blank\" aria-label=\"Compartir en Whatsapp\" href='https:\/\/api.whatsapp.com\/send?text=https:\/\/radiorevelacionfm.cl\/?p=32696' aria-hidden='false' data-av_icon='\uf232' data-av_iconfont='entypo-fontello' title='' data-avia-related-tooltip='Compartir en Whatsapp' rel=\"noopener\"><span class='avia_hidden_link_text'>Compartir en Whatsapp<\/span><\/a><\/li><li class='av-share-link av-social-link-linkedin' ><a target=\"_blank\" aria-label=\"Compartir en LinkedIn\" href='https:\/\/linkedin.com\/shareArticle?mini=true&#038;title=GOPE%20Ays%C3%A9n%20encuentra%20a%20familia%20tras%20denuncia%20por%20presunta%20desgracia%20en%20sector%20El%20Turbio%20en%20Ma%C3%B1ihuales&#038;url=https:\/\/radiorevelacionfm.cl\/?p=32696' aria-hidden='false' data-av_icon='\ue8fc' data-av_iconfont='entypo-fontello' title='' data-avia-related-tooltip='Compartir en LinkedIn' rel=\"noopener\"><span class='avia_hidden_link_text'>Compartir en LinkedIn<\/span><\/a><\/li><li class='av-share-link av-social-link-mail' ><a  aria-label=\"Compartir por correo\" href='mailto:?subject=GOPE%20Ays%C3%A9n%20encuentra%20a%20familia%20tras%20denuncia%20por%20presunta%20desgracia%20en%20sector%20El%20Turbio%20en%20Ma%C3%B1ihuales&#038;body=https:\/\/radiorevelacionfm.cl\/?p=32696' aria-hidden='false' data-av_icon='\ue805' data-av_iconfont='entypo-fontello' title='' data-avia-related-tooltip='Compartir por correo'><span class='avia_hidden_link_text'>Compartir por correo<\/span><\/a><\/li><\/ul><\/div><\/div>\n<div  style='height:50px' class='hr hr-invisible   avia-builder-el-8  el_after_av_social_share  el_before_av_comments_list '><span class='hr-inner ' ><span class='hr-inner-style'><\/span><\/span><\/div>\n<div  class='av-buildercomment  av-blog-meta-html-info-disabled av-blog-meta-tag-disabled  '><\/div>\n","protected":false},"excerpt":{"rendered":"","protected":false},"author":1,"featured_media":32698,"comment_status":"open","ping_status":"open","sticky":false,"template":"","format":"standard","meta":{"footnotes":""},"categories":[36],"tags":[],"class_list":["post-32696","post","type-post","status-publish","format-standard","has-post-thumbnail","hentry","category-policial"],"jetpack_featured_media_url":"https:\/\/radiorevelacionfm.cl\/wp-content\/uploads\/2023\/07\/image-127-2.jpg","_links":{"self":[{"href":"https:\/\/radiorevelacionfm.cl\/index.php?rest_route=\/wp\/v2\/posts\/32696","targetHints":{"allow":["GET"]}}],"collection":[{"href":"https:\/\/radiorevelacionfm.cl\/index.php?rest_route=\/wp\/v2\/posts"}],"about":[{"href":"https:\/\/radiorevelacionfm.cl\/index.php?rest_route=\/wp\/v2\/types\/post"}],"author":[{"embeddable":true,"href":"https:\/\/radiorevelacionfm.cl\/index.php?rest_route=\/wp\/v2\/users\/1"}],"replies":[{"embeddable":true,"href":"https:\/\/radiorevelacionfm.cl\/index.php?rest_route=%2Fwp%2Fv2%2Fcomments&post=32696"}],"version-history":[{"count":2,"href":"https:\/\/radiorevelacionfm.cl\/index.php?rest_route=\/wp\/v2\/posts\/32696\/revisions"}],"predecessor-version":[{"id":32699,"href":"https:\/\/radiorevelacionfm.cl\/index.php?rest_route=\/wp\/v2\/posts\/32696\/revisions\/32699"}],"wp:featuredmedia":[{"embeddable":true,"href":"https:\/\/radiorevelacionfm.cl\/index.php?rest_route=\/wp\/v2\/media\/32698"}],"wp:attachment":[{"href":"https:\/\/radiorevelacionfm.cl\/index.php?rest_route=%2Fwp%2Fv2%2Fmedia&parent=32696"}],"wp:term":[{"taxonomy":"category","embeddable":true,"href":"https:\/\/radiorevelacionfm.cl\/index.php?rest_route=%2Fwp%2Fv2%2Fcategories&post=32696"},{"taxonomy":"post_tag","embeddable":true,"href":"https:\/\/radiorevelacionfm.cl\/index.php?rest_route=%2Fwp%2Fv2%2Ftags&post=32696"}],"curies":[{"name":"wp","href":"https:\/\/api.w.org\/{rel}","templated":true}]}}