{"id":32691,"date":"2023-07-06T23:52:14","date_gmt":"2023-07-07T02:52:14","guid":{"rendered":"https:\/\/radiorevelacionfm.cl\/?p=32691"},"modified":"2023-07-06T23:52:14","modified_gmt":"2023-07-07T02:52:14","slug":"medio-ambiente-convoca-a-participar-de-consultas-ciudadanas","status":"publish","type":"post","link":"https:\/\/radiorevelacionfm.cl\/?p=32691","title":{"rendered":"Medio Ambiente convoca a participar de consultas ciudadanas"},"content":{"rendered":"<div class=\"flex_column av_one_full  flex_column_div av-zero-column-padding first  avia-builder-el-0  el_before_av_one_full  avia-builder-el-first  \" style='border-radius:0px; '><div  class='avia-image-container  av-styling-    avia-builder-el-1  avia-builder-el-no-sibling  avia-align-center '  itemprop=\"image\" itemscope=\"itemscope\" itemtype=\"https:\/\/schema.org\/ImageObject\"  ><div class='avia-image-container-inner'><div class='avia-image-overlay-wrap'><img decoding=\"async\" class='wp-image-32692 avia-img-lazy-loading-not-32692 avia_image' src=\"https:\/\/radiorevelacionfm.cl\/wp-content\/uploads\/2023\/07\/participacion_ciudadana-2-2.jpg\" alt='' title='participacion_ciudadana-2-2' height=\"600\" width=\"1403\"  itemprop=\"thumbnailUrl\" srcset=\"https:\/\/radiorevelacionfm.cl\/wp-content\/uploads\/2023\/07\/participacion_ciudadana-2-2.jpg 1403w, https:\/\/radiorevelacionfm.cl\/wp-content\/uploads\/2023\/07\/participacion_ciudadana-2-2-300x128.jpg 300w, https:\/\/radiorevelacionfm.cl\/wp-content\/uploads\/2023\/07\/participacion_ciudadana-2-2-1030x440.jpg 1030w, https:\/\/radiorevelacionfm.cl\/wp-content\/uploads\/2023\/07\/participacion_ciudadana-2-2-768x328.jpg 768w, https:\/\/radiorevelacionfm.cl\/wp-content\/uploads\/2023\/07\/participacion_ciudadana-2-2-705x301.jpg 705w, https:\/\/radiorevelacionfm.cl\/wp-content\/uploads\/2023\/07\/participacion_ciudadana-2-2-450x192.jpg 450w, https:\/\/radiorevelacionfm.cl\/wp-content\/uploads\/2023\/07\/participacion_ciudadana-2-2-600x257.jpg 600w\" sizes=\"(max-width: 1403px) 100vw, 1403px\" \/><\/div><\/div><\/div><\/div><div class=\"flex_column av_one_full  flex_column_div av-zero-column-padding first  avia-builder-el-2  el_after_av_one_full  el_before_av_one_full  column-top-margin\" style='border-radius:0px; '><section class=\"av_textblock_section \"  itemscope=\"itemscope\" itemtype=\"https:\/\/schema.org\/BlogPosting\" itemprop=\"blogPost\" ><div class='avia_textblock  '   itemprop=\"text\" ><p style=\"text-align: center;\"><strong><span style=\"font-size: 18pt;\">Medio Ambiente convoca a participar de consultas ciudadanas <\/span><\/strong><\/p>\n<div id=\"gtx-trans\" style=\"position: absolute; left: -50px; top: 4.31534px;\">\n<div class=\"gtx-trans-icon\"><\/div>\n<\/div>\n<\/div><\/section><\/div><div class=\"flex_column av_one_full  flex_column_div av-zero-column-padding first  avia-builder-el-4  el_after_av_one_full  el_before_av_hr  column-top-margin\" style='border-radius:0px; '><section class=\"av_textblock_section \"  itemscope=\"itemscope\" itemtype=\"https:\/\/schema.org\/BlogPosting\" itemprop=\"blogPost\" ><div class='avia_textblock  '   itemprop=\"text\" ><p style=\"text-align: justify;\">Promoviendo la participaci\u00f3n de la ciudadan\u00eda en la gesti\u00f3n p\u00fablica, el SEREMI Subrogante del Medio Ambiente de Ays\u00e9n, Carlos D\u00edaz, record\u00f3 a la comunidad los procesos que actualmente se encuentran activos en materia medioambiental e invit\u00f3 a la comunidad regional a sumarse ampliamente a las diversas convocatorias.<\/p>\n<p style=\"text-align: justify;\">\u201cComo Gobierno promovemos el involucramiento activo de la ciudadan\u00eda en los procesos de toma de decisiones p\u00fablicas, porque queremos construir cada hoja de ruta con todas y todos; especialmente en temas medioambientales que tienen directa repercusi\u00f3n en nuestras vidas. Invitamos a sumarse a los procesos activos, a expresar nuestra mirada regional y hacer uso de este nuestro derecho a participar en pol\u00edticas, planes, programas y acciones de nuestra gesti\u00f3n\u201d, declar\u00f3 el Subrogante de Medio Ambiente.<\/p>\n<p style=\"text-align: justify;\">Con el fin de fortalecer los derechos y deberes de la comunidad, promover la corresponsabilidad, transparencia y, sobre todo, mejorar las iniciativas e implementaci\u00f3n de decisiones en materia p\u00fablica, es que el Ministerio del Medio Ambiente abre plataformas de interacci\u00f3n con la ciudadan\u00eda respecto de planes, programas y proyectos.<\/p>\n<p style=\"text-align: justify;\"><strong>ESCAZ\u00da nos re\u00fane Chile Participa<\/strong><\/p>\n<p style=\"text-align: justify;\">En esa l\u00ednea, esta semana la cartera medioambiental anunci\u00f3 la publicaci\u00f3n del portal \u201cVoces por Escaz\u00fa\u201d, mini- sitio alojado en la web mma.gob.cl, creado para recoger y promover las voces de distintas personas de nuestro pa\u00eds, sobre el significado y la relevancia que tiene para Chile la implementaci\u00f3n del Acuerdo de Escaz\u00fa. En la p\u00e1gina, quienes la visiten podr\u00e1n acceder a la informaci\u00f3n y formularios vinculados a la participaci\u00f3n temprana del proceso de elaboraci\u00f3n del Plan de Implementaci\u00f3n en nuestro pa\u00eds de este acuerdo ambiental que congrega a las naciones de Am\u00e9rica Latina y El Caribe.<\/p>\n<p style=\"text-align: justify;\">El sitio cuenta adem\u00e1s con buz\u00f3n virtual es parte de las instancias, a trav\u00e9s de las cuales, las personas podr\u00e1n opinar y entregar sus propuestas, cuyo plazo vence el 12 de agosto de 2023.<\/p>\n<p style=\"text-align: justify;\">La consulta temprana se extender\u00e1 hasta el 12 de agosto, y con los aportes recogidos de las personas, se elaborar\u00e1 el anteproyecto del Plan de Implementaci\u00f3n Participativa de Escaz\u00fa (PIPE), que ser\u00e1 sometido, durante el segundo semestre de este a\u00f1o, de manera formal, a una Consulta Ciudadana, previo a su aprobaci\u00f3n definitiva. Este Plan \u00faltimo, ser\u00e1 el tim\u00f3n que orientar\u00e1 el quehacer de los distintos actores que est\u00e1n comprometidos en nuestro pa\u00eds con este Acuerdo, de aqu\u00ed en adelante.<\/p>\n<p style=\"text-align: justify;\">Las personas interesadas en participar de este proceso temprano de participaci\u00f3n, podr\u00e1n ingresar sus aportes, antecedentes y propuestas a trav\u00e9s de un buz\u00f3n virtual, respondiendo una encuesta on line o participando de las actividades que se realizar\u00e1n en distintas regiones del pa\u00eds. Adem\u00e1s, podr\u00e1n entregar sus opiniones y\/o propuestas al proceso, en el buz\u00f3n virtual dispuesto en el sitio o\u00a0 enviar directamente sus aportes a la casilla:<a href=\"mailto:buzonescazu@mma.gob.cl\">buzonescazu@mma.gob.cl<\/a>.<\/p>\n<p style=\"text-align: justify;\"><strong>Consultas ciudadanas<\/strong><\/p>\n<p style=\"text-align: justify;\">As\u00ed tambi\u00e9n la autoridad regional invit\u00f3 a la comunidad Aysenina a participar del 20\u00b0 Proceso de Clasificaci\u00f3n de Especies Nativas de Chile, proceso que calific\u00f3 de fundamental para contar con datos de biodiversidad que permitan un mejor dise\u00f1o de pol\u00edticas p\u00fablicas, por lo que convoc\u00f3 a la ciudadan\u00eda y academia, a aportar antecedentes. La consulta estar\u00e1 disponible hasta el 31 de julio de 2023, y las propuestas y antecedentes pueden ser ingresados\u00a0 en http:\/\/www.mma.gob.cl\/clasificacionespecies\/ y en <a href=\"mailto:clasificacionespecie@mma.gob.cl\">clasificacionespecie@mma.gob.cl<\/a> y as\u00ed contribuir a evaluar el estado de conservaci\u00f3n de las especies y as\u00ed disminuir y\/o evitar el riesgo de extinci\u00f3n de la flora y fauna silvestre en la regi\u00f3n y en el pa\u00eds.<\/p>\n<p style=\"text-align: justify;\">Finalmente la encargada de calidad del aire de la SEREMI del Medio Ambiente, Jimena Silva record\u00f3 que tambi\u00e9n se encuentra abierta la consulta p\u00fablica del Anteproyecto de reglamento del Consejo Nacional para la Sustentabilidad y el Cambio Clim\u00e1tico y de los Consejos Consultivos Regionales del Medio Ambiente, disponible hasta el 17 de julio en https:\/\/consultasciudadanas.mma.gob.cl, agregando que \u201cadem\u00e1s de estos procesos, queremos recordar a la comunidad de Puerto Ays\u00e9n que estamos avanzando en el anteproyecto del PDA y en este momento es fundamental sumarse a los espacios de informaci\u00f3n, as\u00ed que les invitamos a sintonizar nuestro programa radial Descontaminemos Ays\u00e9n todos los jueves a partir de las 17:00 hrs en radio Las Nieves y a mantenerse atentos y atentas a las actividades que difundiremos en las redes sociales de nuestra SEREMI\u201d, concluy\u00f3.<\/p>\n<\/div><\/section><\/div><div  style='height:50px' class='hr hr-invisible   avia-builder-el-6  el_after_av_one_full  el_before_av_social_share '><span class='hr-inner ' ><span class='hr-inner-style'><\/span><\/span><\/div><\/p>\n<div  class='av-social-sharing-box  avia-builder-el-7  el_after_av_hr  el_before_av_hr  '><div class='av-share-box'><h5 class='av-share-link-description av-no-toc '>Compartir esta noticia<\/h5><ul class='av-share-box-list noLightbox'><li class='av-share-link av-social-link-facebook' ><a target=\"_blank\" aria-label=\"Compartir en Facebook\" href='https:\/\/www.facebook.com\/sharer.php?u=https:\/\/radiorevelacionfm.cl\/?p=32691&#038;t=Medio%20Ambiente%20convoca%20a%20participar%20de%20consultas%20ciudadanas' aria-hidden='false' data-av_icon='\ue8f3' data-av_iconfont='entypo-fontello' title='' data-avia-related-tooltip='Compartir en Facebook' rel=\"noopener\"><span class='avia_hidden_link_text'>Compartir en Facebook<\/span><\/a><\/li><li class='av-share-link av-social-link-twitter' ><a target=\"_blank\" aria-label=\"Compartir en Twitter\" href='https:\/\/twitter.com\/share?text=Medio%20Ambiente%20convoca%20a%20participar%20de%20consultas%20ciudadanas&#038;url=https:\/\/radiorevelacionfm.cl\/?p=32691' aria-hidden='false' data-av_icon='\ue8f1' data-av_iconfont='entypo-fontello' title='' data-avia-related-tooltip='Compartir en Twitter' rel=\"noopener\"><span class='avia_hidden_link_text'>Compartir en Twitter<\/span><\/a><\/li><li class='av-share-link av-social-link-whatsapp' ><a target=\"_blank\" aria-label=\"Compartir en Whatsapp\" href='https:\/\/api.whatsapp.com\/send?text=https:\/\/radiorevelacionfm.cl\/?p=32691' aria-hidden='false' data-av_icon='\uf232' data-av_iconfont='entypo-fontello' title='' data-avia-related-tooltip='Compartir en Whatsapp' rel=\"noopener\"><span class='avia_hidden_link_text'>Compartir en Whatsapp<\/span><\/a><\/li><li class='av-share-link av-social-link-linkedin' ><a target=\"_blank\" aria-label=\"Compartir en LinkedIn\" href='https:\/\/linkedin.com\/shareArticle?mini=true&#038;title=Medio%20Ambiente%20convoca%20a%20participar%20de%20consultas%20ciudadanas&#038;url=https:\/\/radiorevelacionfm.cl\/?p=32691' aria-hidden='false' data-av_icon='\ue8fc' data-av_iconfont='entypo-fontello' title='' data-avia-related-tooltip='Compartir en LinkedIn' rel=\"noopener\"><span class='avia_hidden_link_text'>Compartir en LinkedIn<\/span><\/a><\/li><li class='av-share-link av-social-link-mail' ><a  aria-label=\"Compartir por correo\" href='mailto:?subject=Medio%20Ambiente%20convoca%20a%20participar%20de%20consultas%20ciudadanas&#038;body=https:\/\/radiorevelacionfm.cl\/?p=32691' aria-hidden='false' data-av_icon='\ue805' data-av_iconfont='entypo-fontello' title='' data-avia-related-tooltip='Compartir por correo'><span class='avia_hidden_link_text'>Compartir por correo<\/span><\/a><\/li><\/ul><\/div><\/div>\n<div  style='height:50px' class='hr hr-invisible   avia-builder-el-8  el_after_av_social_share  el_before_av_comments_list '><span class='hr-inner ' ><span class='hr-inner-style'><\/span><\/span><\/div>\n<div  class='av-buildercomment  av-blog-meta-html-info-disabled av-blog-meta-tag-disabled  '><\/div>\n","protected":false},"excerpt":{"rendered":"","protected":false},"author":1,"featured_media":32692,"comment_status":"open","ping_status":"open","sticky":false,"template":"","format":"standard","meta":{"footnotes":""},"categories":[39],"tags":[],"class_list":["post-32691","post","type-post","status-publish","format-standard","has-post-thumbnail","hentry","category-medio-ambiente"],"jetpack_featured_media_url":"https:\/\/radiorevelacionfm.cl\/wp-content\/uploads\/2023\/07\/participacion_ciudadana-2-2.jpg","_links":{"self":[{"href":"https:\/\/radiorevelacionfm.cl\/index.php?rest_route=\/wp\/v2\/posts\/32691","targetHints":{"allow":["GET"]}}],"collection":[{"href":"https:\/\/radiorevelacionfm.cl\/index.php?rest_route=\/wp\/v2\/posts"}],"about":[{"href":"https:\/\/radiorevelacionfm.cl\/index.php?rest_route=\/wp\/v2\/types\/post"}],"author":[{"embeddable":true,"href":"https:\/\/radiorevelacionfm.cl\/index.php?rest_route=\/wp\/v2\/users\/1"}],"replies":[{"embeddable":true,"href":"https:\/\/radiorevelacionfm.cl\/index.php?rest_route=%2Fwp%2Fv2%2Fcomments&post=32691"}],"version-history":[{"count":1,"href":"https:\/\/radiorevelacionfm.cl\/index.php?rest_route=\/wp\/v2\/posts\/32691\/revisions"}],"predecessor-version":[{"id":32693,"href":"https:\/\/radiorevelacionfm.cl\/index.php?rest_route=\/wp\/v2\/posts\/32691\/revisions\/32693"}],"wp:featuredmedia":[{"embeddable":true,"href":"https:\/\/radiorevelacionfm.cl\/index.php?rest_route=\/wp\/v2\/media\/32692"}],"wp:attachment":[{"href":"https:\/\/radiorevelacionfm.cl\/index.php?rest_route=%2Fwp%2Fv2%2Fmedia&parent=32691"}],"wp:term":[{"taxonomy":"category","embeddable":true,"href":"https:\/\/radiorevelacionfm.cl\/index.php?rest_route=%2Fwp%2Fv2%2Fcategories&post=32691"},{"taxonomy":"post_tag","embeddable":true,"href":"https:\/\/radiorevelacionfm.cl\/index.php?rest_route=%2Fwp%2Fv2%2Ftags&post=32691"}],"curies":[{"name":"wp","href":"https:\/\/api.w.org\/{rel}","templated":true}]}}