{"id":32686,"date":"2023-07-06T11:13:04","date_gmt":"2023-07-06T14:13:04","guid":{"rendered":"https:\/\/radiorevelacionfm.cl\/?p=32686"},"modified":"2023-07-06T11:13:04","modified_gmt":"2023-07-06T14:13:04","slug":"sandoval-y-caso-fundaciones-hay-miles-de-millones-de-pesos-desviados-a-quienes-querian-usar-la-estructura-publica-para-fines-ajenos-y-cuestionables","status":"publish","type":"post","link":"https:\/\/radiorevelacionfm.cl\/?p=32686","title":{"rendered":"Sandoval y caso Fundaciones: \u201cHay miles de millones de pesos desviados a quienes quer\u00edan usar la estructura p\u00fablica para fines ajenos y cuestionables\u201d"},"content":{"rendered":"<div class=\"flex_column av_one_full  flex_column_div av-zero-column-padding first  avia-builder-el-0  el_before_av_one_full  avia-builder-el-first  \" style='border-radius:0px; '><div  class='avia-image-container  av-styling-    avia-builder-el-1  avia-builder-el-no-sibling  avia-align-center '  itemprop=\"image\" itemscope=\"itemscope\" itemtype=\"https:\/\/schema.org\/ImageObject\"  ><div class='avia-image-container-inner'><div class='avia-image-overlay-wrap'><img decoding=\"async\" class='wp-image-12740 avia-img-lazy-loading-not-12740 avia_image' src=\"https:\/\/radiorevelacionfm.cl\/wp-content\/uploads\/2022\/01\/sandoval.jpg\" alt='' title='sandoval' height=\"600\" width=\"900\"  itemprop=\"thumbnailUrl\" srcset=\"https:\/\/radiorevelacionfm.cl\/wp-content\/uploads\/2022\/01\/sandoval.jpg 900w, https:\/\/radiorevelacionfm.cl\/wp-content\/uploads\/2022\/01\/sandoval-300x200.jpg 300w, https:\/\/radiorevelacionfm.cl\/wp-content\/uploads\/2022\/01\/sandoval-768x512.jpg 768w, https:\/\/radiorevelacionfm.cl\/wp-content\/uploads\/2022\/01\/sandoval-705x470.jpg 705w, https:\/\/radiorevelacionfm.cl\/wp-content\/uploads\/2022\/01\/sandoval-600x400.jpg 600w\" sizes=\"(max-width: 900px) 100vw, 900px\" \/><\/div><\/div><\/div><\/div><div class=\"flex_column av_one_full  flex_column_div av-zero-column-padding first  avia-builder-el-2  el_after_av_one_full  el_before_av_one_full  column-top-margin\" style='border-radius:0px; '><section class=\"av_textblock_section \"  itemscope=\"itemscope\" itemtype=\"https:\/\/schema.org\/BlogPosting\" itemprop=\"blogPost\" ><div class='avia_textblock  '   itemprop=\"text\" ><p style=\"text-align: center;\"><span style=\"font-size: 18pt;\"><strong>Sandoval y caso Fundaciones: <\/strong><strong>\u201cHay miles de millones de pesos desviados a quienes quer\u00edan usar la estructura p\u00fablica para fines ajenos y cuestionables\u201d<\/strong><\/span><\/p>\n<div id=\"gtx-trans\" style=\"position: absolute; left: -50px; top: 4.31534px;\">\n<div class=\"gtx-trans-icon\"><\/div>\n<\/div>\n<\/div><\/section><\/div><div class=\"flex_column av_one_full  flex_column_div av-zero-column-padding first  avia-builder-el-4  el_after_av_one_full  el_before_av_hr  column-top-margin\" style='border-radius:0px; '><section class=\"av_textblock_section \"  itemscope=\"itemscope\" itemtype=\"https:\/\/schema.org\/BlogPosting\" itemprop=\"blogPost\" ><div class='avia_textblock  '   itemprop=\"text\" ><p style=\"text-align: justify;\"><em>Parlamentario recalc\u00f3 que lo que est\u00e1 en juego son las familias que viven en condici\u00f3n de marginalidad habitacional y que con estos hechos se ha quebrantado la fe p\u00fablica <\/em><\/p>\n<p style=\"text-align: justify;\">\u201cHay cientos, miles de millones de pesos desviados no precisamente a quienes m\u00e1s lo necesitan, sino que a quienes quer\u00edan usar la estructura p\u00fablica para fines ajenos y cuestionables\u201d. As\u00ed lo manifest\u00f3 el senador David Sandoval, durante la sesi\u00f3n especial desarrollada este mi\u00e9rcoles en la C\u00e1mara Alta, donde se analizaron los alcances del traspaso de recursos hacia fundaciones y organizaciones no gubernamentales durante la actual administraci\u00f3n.<\/p>\n<p style=\"text-align: justify;\">Durante el debate, Sandoval se\u00f1al\u00f3 que \u201chemos visto una suma de contradictorias declaraciones desde que este proceso se inici\u00f3\u201d, enfatizando que ha existido un quebrantamiento de la fe p\u00fablica \u201cpor los actos irresponsables de quienes vinieron a cambiar el mundo, a construir sue\u00f1os que se transformaron en pesadillas para aquellas familias que viven en condiciones de marginalidad\u201d.<\/p>\n<p style=\"text-align: justify;\">Ha habido tambi\u00e9n responsabilidades pol\u00edticas que tendr\u00e1n que asumirse, indic\u00f3 el parlamentario, quien recalc\u00f3 que quienes ejercen la autoridad, tienen que estar a la altura \u201cde lo que se dice y lo que se hace\u201d, esperando que todo esto sea debidamente aclarado para poder \u201crestablecer un aspecto tan esencial para la comunidad: saber que entreg\u00f3 el poder a personas probas, responsables con las prioridades sociales, de la gente m\u00e1s vulnerable de nuestro pa\u00eds\u201d.<\/p>\n<p style=\"text-align: justify;\">Ya el martes, durante la sesi\u00f3n de la comisi\u00f3n de Vivienda del Senado, instancia en la que expuso el Ministro Carlos Montes sobre el caso Democracia Viva, entre otros, el senador Sandoval hab\u00eda manifestado que, en el Gobierno, y en particular en dicho ministerio exist\u00edan dos almas, lo cual qued\u00f3 de manifiesto con el caso fundaciones. \u201cHay omisiones de direcci\u00f3n, con una ex subsecretaria que minti\u00f3 y que no hizo la pega de poner en valor el inter\u00e9s superior, que es la gente, y no el inter\u00e9s peque\u00f1o de una pol\u00edtica mal planteada y de un grupo de iluminados\u201d, subray\u00f3.<\/p>\n<p style=\"text-align: justify;\">Para el legislador \u201chay una suerte, en estas nuevas fundaciones y ONG, de generar una especie de paralelismo en la estructura p\u00fablica tradicional\u201d, recalcando que lo aqu\u00ed est\u00e1 en juego son las 80 mil familias que viven en campamento y los tres millones de personas que, contando con una vivienda, \u201cviven una condici\u00f3n absoluta de precariedad\u201d.<\/p>\n<p style=\"text-align: justify;\">Por ello es que subray\u00f3: \u201cHay recursos dilapidados por organismos que se est\u00e1n riendo de esta necesidad. Gente que habla de la nueva moralidad, pero que est\u00e1 abusando y aprovechando de la m\u00e1s grande miseria que puede estar viviendo una poblaci\u00f3n, como es la marginalidad absoluta a nivel\u00a0habitacional\u201d.<\/p>\n<p style=\"text-align: justify;\">Sobre lo que deber\u00eda suceder de aqu\u00ed en adelante, para el legislador es fundamental que el Gobierno aclare todo lo que ha ocurrido, que la justicia act\u00fae con la m\u00e1xima celeridad y que la Contralor\u00eda mejore sus controles internos. \u201cEstamos disponibles para avanzar en todo lo que sea necesario, porque estamos viviendo el estallido habitacional, con cerca de tres millones de personas que viven en precariedad habitacional\u201d, concluy\u00f3.<\/p>\n<\/div><\/section><\/div><div  style='height:50px' class='hr hr-invisible   avia-builder-el-6  el_after_av_one_full  el_before_av_social_share '><span class='hr-inner ' ><span class='hr-inner-style'><\/span><\/span><\/div><\/p>\n<div  class='av-social-sharing-box  avia-builder-el-7  el_after_av_hr  el_before_av_hr  '><div class='av-share-box'><h5 class='av-share-link-description av-no-toc '>Compartir esta noticia<\/h5><ul class='av-share-box-list noLightbox'><li class='av-share-link av-social-link-facebook' ><a target=\"_blank\" aria-label=\"Compartir en Facebook\" href='https:\/\/www.facebook.com\/sharer.php?u=https:\/\/radiorevelacionfm.cl\/?p=32686&#038;t=Sandoval%20y%20caso%20Fundaciones%3A%20%E2%80%9CHay%20miles%20de%20millones%20de%20pesos%20desviados%20a%20quienes%20quer%C3%ADan%20usar%20la%20estructura%20p%C3%BAblica%20para%20fines%20ajenos%20y%20cuestionables%E2%80%9D' aria-hidden='false' data-av_icon='\ue8f3' data-av_iconfont='entypo-fontello' title='' data-avia-related-tooltip='Compartir en Facebook' rel=\"noopener\"><span class='avia_hidden_link_text'>Compartir en Facebook<\/span><\/a><\/li><li class='av-share-link av-social-link-twitter' ><a target=\"_blank\" aria-label=\"Compartir en Twitter\" href='https:\/\/twitter.com\/share?text=Sandoval%20y%20caso%20Fundaciones%3A%20%E2%80%9CHay%20miles%20de%20millones%20de%20pesos%20desviados%20a%20quienes%20quer%C3%ADan%20usar%20la%20estructura%20p%C3%BAblica%20para%20fines%20ajenos%20y%20cuestionables%E2%80%9D&#038;url=https:\/\/radiorevelacionfm.cl\/?p=32686' aria-hidden='false' data-av_icon='\ue8f1' data-av_iconfont='entypo-fontello' title='' data-avia-related-tooltip='Compartir en Twitter' rel=\"noopener\"><span class='avia_hidden_link_text'>Compartir en Twitter<\/span><\/a><\/li><li class='av-share-link av-social-link-whatsapp' ><a target=\"_blank\" aria-label=\"Compartir en Whatsapp\" href='https:\/\/api.whatsapp.com\/send?text=https:\/\/radiorevelacionfm.cl\/?p=32686' aria-hidden='false' data-av_icon='\uf232' data-av_iconfont='entypo-fontello' title='' data-avia-related-tooltip='Compartir en Whatsapp' rel=\"noopener\"><span class='avia_hidden_link_text'>Compartir en Whatsapp<\/span><\/a><\/li><li class='av-share-link av-social-link-linkedin' ><a target=\"_blank\" aria-label=\"Compartir en LinkedIn\" href='https:\/\/linkedin.com\/shareArticle?mini=true&#038;title=Sandoval%20y%20caso%20Fundaciones%3A%20%E2%80%9CHay%20miles%20de%20millones%20de%20pesos%20desviados%20a%20quienes%20quer%C3%ADan%20usar%20la%20estructura%20p%C3%BAblica%20para%20fines%20ajenos%20y%20cuestionables%E2%80%9D&#038;url=https:\/\/radiorevelacionfm.cl\/?p=32686' aria-hidden='false' data-av_icon='\ue8fc' data-av_iconfont='entypo-fontello' title='' data-avia-related-tooltip='Compartir en LinkedIn' rel=\"noopener\"><span class='avia_hidden_link_text'>Compartir en LinkedIn<\/span><\/a><\/li><li class='av-share-link av-social-link-mail' ><a  aria-label=\"Compartir por correo\" href='mailto:?subject=Sandoval%20y%20caso%20Fundaciones%3A%20%E2%80%9CHay%20miles%20de%20millones%20de%20pesos%20desviados%20a%20quienes%20quer%C3%ADan%20usar%20la%20estructura%20p%C3%BAblica%20para%20fines%20ajenos%20y%20cuestionables%E2%80%9D&#038;body=https:\/\/radiorevelacionfm.cl\/?p=32686' aria-hidden='false' data-av_icon='\ue805' data-av_iconfont='entypo-fontello' title='' data-avia-related-tooltip='Compartir por correo'><span class='avia_hidden_link_text'>Compartir por correo<\/span><\/a><\/li><\/ul><\/div><\/div>\n<div  style='height:50px' class='hr hr-invisible   avia-builder-el-8  el_after_av_social_share  el_before_av_comments_list '><span class='hr-inner ' ><span class='hr-inner-style'><\/span><\/span><\/div>\n<div  class='av-buildercomment  av-blog-meta-html-info-disabled av-blog-meta-tag-disabled  '><\/div>\n","protected":false},"excerpt":{"rendered":"","protected":false},"author":1,"featured_media":12740,"comment_status":"open","ping_status":"open","sticky":false,"template":"","format":"standard","meta":{"footnotes":""},"categories":[35],"tags":[],"class_list":["post-32686","post","type-post","status-publish","format-standard","has-post-thumbnail","hentry","category-politica"],"jetpack_featured_media_url":"https:\/\/radiorevelacionfm.cl\/wp-content\/uploads\/2022\/01\/sandoval.jpg","_links":{"self":[{"href":"https:\/\/radiorevelacionfm.cl\/index.php?rest_route=\/wp\/v2\/posts\/32686","targetHints":{"allow":["GET"]}}],"collection":[{"href":"https:\/\/radiorevelacionfm.cl\/index.php?rest_route=\/wp\/v2\/posts"}],"about":[{"href":"https:\/\/radiorevelacionfm.cl\/index.php?rest_route=\/wp\/v2\/types\/post"}],"author":[{"embeddable":true,"href":"https:\/\/radiorevelacionfm.cl\/index.php?rest_route=\/wp\/v2\/users\/1"}],"replies":[{"embeddable":true,"href":"https:\/\/radiorevelacionfm.cl\/index.php?rest_route=%2Fwp%2Fv2%2Fcomments&post=32686"}],"version-history":[{"count":1,"href":"https:\/\/radiorevelacionfm.cl\/index.php?rest_route=\/wp\/v2\/posts\/32686\/revisions"}],"predecessor-version":[{"id":32687,"href":"https:\/\/radiorevelacionfm.cl\/index.php?rest_route=\/wp\/v2\/posts\/32686\/revisions\/32687"}],"wp:featuredmedia":[{"embeddable":true,"href":"https:\/\/radiorevelacionfm.cl\/index.php?rest_route=\/wp\/v2\/media\/12740"}],"wp:attachment":[{"href":"https:\/\/radiorevelacionfm.cl\/index.php?rest_route=%2Fwp%2Fv2%2Fmedia&parent=32686"}],"wp:term":[{"taxonomy":"category","embeddable":true,"href":"https:\/\/radiorevelacionfm.cl\/index.php?rest_route=%2Fwp%2Fv2%2Fcategories&post=32686"},{"taxonomy":"post_tag","embeddable":true,"href":"https:\/\/radiorevelacionfm.cl\/index.php?rest_route=%2Fwp%2Fv2%2Ftags&post=32686"}],"curies":[{"name":"wp","href":"https:\/\/api.w.org\/{rel}","templated":true}]}}