{"id":32683,"date":"2023-07-05T22:53:30","date_gmt":"2023-07-06T01:53:30","guid":{"rendered":"https:\/\/radiorevelacionfm.cl\/?p=32683"},"modified":"2023-07-05T22:53:30","modified_gmt":"2023-07-06T01:53:30","slug":"pymecircular-la-academia-que-empodero-e-impulso-a-mujeres-de-la-region-de-aysen-a-hacer-sus-negocios-mas-sustentables","status":"publish","type":"post","link":"https:\/\/radiorevelacionfm.cl\/?p=32683","title":{"rendered":"Pyme+Circular: La academia que empoder\u00f3 e impuls\u00f3 a mujeres de la Regi\u00f3n de Ays\u00e9n a hacer sus negocios m\u00e1s sustentables"},"content":{"rendered":"<div class=\"flex_column av_one_full  flex_column_div av-zero-column-padding first  avia-builder-el-0  el_before_av_one_full  avia-builder-el-first  \" style='border-radius:0px; '><div  class='avia-image-container  av-styling-    avia-builder-el-1  avia-builder-el-no-sibling  avia-align-center '  itemprop=\"image\" itemscope=\"itemscope\" itemtype=\"https:\/\/schema.org\/ImageObject\"  ><div class='avia-image-container-inner'><div class='avia-image-overlay-wrap'><img decoding=\"async\" class='wp-image-32684 avia-img-lazy-loading-not-32684 avia_image' src=\"https:\/\/radiorevelacionfm.cl\/wp-content\/uploads\/2023\/07\/academia-1-2_optimized-2.jpg\" alt='' title='academia-1-2_optimized-2' height=\"600\" width=\"900\"  itemprop=\"thumbnailUrl\" srcset=\"https:\/\/radiorevelacionfm.cl\/wp-content\/uploads\/2023\/07\/academia-1-2_optimized-2.jpg 900w, https:\/\/radiorevelacionfm.cl\/wp-content\/uploads\/2023\/07\/academia-1-2_optimized-2-300x200.jpg 300w, https:\/\/radiorevelacionfm.cl\/wp-content\/uploads\/2023\/07\/academia-1-2_optimized-2-768x512.jpg 768w, https:\/\/radiorevelacionfm.cl\/wp-content\/uploads\/2023\/07\/academia-1-2_optimized-2-705x470.jpg 705w, https:\/\/radiorevelacionfm.cl\/wp-content\/uploads\/2023\/07\/academia-1-2_optimized-2-450x300.jpg 450w, https:\/\/radiorevelacionfm.cl\/wp-content\/uploads\/2023\/07\/academia-1-2_optimized-2-600x400.jpg 600w\" sizes=\"(max-width: 900px) 100vw, 900px\" \/><\/div><\/div><\/div><\/div><div class=\"flex_column av_one_full  flex_column_div av-zero-column-padding first  avia-builder-el-2  el_after_av_one_full  el_before_av_one_full  column-top-margin\" style='border-radius:0px; '><section class=\"av_textblock_section \"  itemscope=\"itemscope\" itemtype=\"https:\/\/schema.org\/BlogPosting\" itemprop=\"blogPost\" ><div class='avia_textblock  '   itemprop=\"text\" ><p style=\"text-align: center;\"><span style=\"font-size: 18pt;\"><strong>Pyme+Circular: La academia que empoder\u00f3 e impuls\u00f3 a mujeres de la Regi\u00f3n de Ays\u00e9n a hacer sus negocios m\u00e1s sustentables <\/strong><\/span><\/p>\n<div id=\"gtx-trans\" style=\"position: absolute; left: -50px; top: 4.31534px;\">\n<div class=\"gtx-trans-icon\"><\/div>\n<\/div>\n<\/div><\/section><\/div><div class=\"flex_column av_one_full  flex_column_div av-zero-column-padding first  avia-builder-el-4  el_after_av_one_full  el_before_av_hr  column-top-margin\" style='border-radius:0px; '><section class=\"av_textblock_section \"  itemscope=\"itemscope\" itemtype=\"https:\/\/schema.org\/BlogPosting\" itemprop=\"blogPost\" ><div class='avia_textblock  '   itemprop=\"text\" ><p style=\"text-align: justify;\">Donde algunos ven desechos, otros ven una oportunidad. Este es el caso de 35 emprendedoras y empresarias de la Regi\u00f3n de Ays\u00e9n que formaron parte de la primera edici\u00f3n de la Academia Pyme +Circular, donde aprendieron que la sustentabilidad no solo es un gran aliado para el cuidado de nuestro planeta, sino tambi\u00e9n, para el crecimiento de sus negocios y desarrollo de su regi\u00f3n.<\/p>\n<p style=\"text-align: justify;\">Este ciclo de aprendizaje culmin\u00f3 con numerosos casos de \u00e9xito, gracias a la integraci\u00f3n de la econom\u00eda circular. As\u00ed lo hizo SurYuis, pyme coyhaiquina dedicada a la producci\u00f3n de jugos naturales, \u201ccerca de dos toneladas de c\u00e1scara de naranja y pl\u00e1tano antes terminaban en el vertedero. Hoy en d\u00eda ese residuo ser\u00eda cero (\u2026) ya que lo transformamos en harina\u201d se\u00f1al\u00f3 su fundadora, Carolina Jara.<\/p>\n<p style=\"text-align: justify;\">Un aprendizaje que fue guiado por la escuela de negocios de Espora Consultora, quienes acompa\u00f1aron a este grupo de mujeres durante tres meses, en el camino de la innovaci\u00f3n y sustentabilidad.<\/p>\n<p style=\"text-align: justify;\">Su gerenta general, Natalia Olave, mostr\u00f3 su intenci\u00f3n de replicar la academia. \u201cCreemos que es imprescindible llegar a m\u00e1s empresas. Son quienes generan el 50% de los residuos de la regi\u00f3n, por lo que estamos tocando puertas para conseguir financiamiento\u201d. Asimismo, se\u00f1al\u00f3 que las participantes pertenec\u00edan a 9 sectores productivos distintos, de forma que \u201cvalidamos que la econom\u00eda circular tiene aplicaciones tanto en rubros de productos como de servicios, generando empresas m\u00e1s sustentables, rentables y resilientes ante las crisis\u201d.<\/p>\n<p style=\"text-align: justify;\">Un gran ejemplo de esto es el taller textil Confecciones Stylos, liderado por Flor P\u00e9rez, quien se hab\u00eda puesto como meta ser una empresa 0% residuo. \u201cLo hemos logrado\u201d afirm\u00f3 contenta, gracias a que convirti\u00f3 el desecho textil en relleno con su m\u00e1quina deshilachadora y a que recibi\u00f3 las herramientas necesarias para llegar de mejor forma a sus posibles clientes.<\/p>\n<p style=\"text-align: justify;\">Flor adem\u00e1s destac\u00f3 los importantes v\u00ednculos que logr\u00f3 establecer en este espacio.\u00a0 \u201cAc\u00e1 nuestro c\u00edrculo se ampl\u00eda y creamos nuevas alianzas. Cada una de ellas son tremendas mujeres, con tremendas ideas y con tremendo aporte a la comunidad, as\u00ed que una sale enriquecida y empoderada\u201d.<\/p>\n<p style=\"text-align: justify;\">En la ceremonia de cierre, Humberto Mar\u00edn Leiva, director de Corfo Ays\u00e9n, se\u00f1al\u00f3 que \u201cla Academia ha sido un \u00e9xito. Me siento muy contento y orgulloso por este trabajo (\u2026) y del avance que narraron las propias protagonistas\u201d.<\/p>\n<p style=\"text-align: justify;\">Por otro lado, Elizabeth Manzano, fundadora de Agroaysen Ltda., concluy\u00f3 que la academia fue \u201cuna experiencia maravillosa y de mucho aprendizaje (\u2026) Esto no es el t\u00e9rmino, sino el inicio de un gran trabajo que se avecina, con el cual hemos quedado todas comprometidas\u201d.<\/p>\n<p style=\"text-align: justify;\">Un compromiso donde 35 mujeres impulsaron 24 iniciativas sustentables, 17 de ellas utilizando un residuo como materia prima,\u00a0 6 entregando sus residuos a otras empresas que las usan como materia prima y 5 formulando proyectos de energ\u00edas renovables. Todo esto con un objetivo en com\u00fan: Contribuir al desarrollo sostenible de la Regi\u00f3n de Ays\u00e9n.<\/p>\n<\/div><\/section><\/div><div  style='height:50px' class='hr hr-invisible   avia-builder-el-6  el_after_av_one_full  el_before_av_social_share '><span class='hr-inner ' ><span class='hr-inner-style'><\/span><\/span><\/div><\/p>\n<div  class='av-social-sharing-box  avia-builder-el-7  el_after_av_hr  el_before_av_hr  '><div class='av-share-box'><h5 class='av-share-link-description av-no-toc '>Compartir esta noticia<\/h5><ul class='av-share-box-list noLightbox'><li class='av-share-link av-social-link-facebook' ><a target=\"_blank\" aria-label=\"Compartir en Facebook\" href='https:\/\/www.facebook.com\/sharer.php?u=https:\/\/radiorevelacionfm.cl\/?p=32683&#038;t=Pyme%2BCircular%3A%20La%20academia%20que%20empoder%C3%B3%20e%20impuls%C3%B3%20a%20mujeres%20de%20la%20Regi%C3%B3n%20de%20Ays%C3%A9n%20a%20hacer%20sus%20negocios%20m%C3%A1s%20sustentables' aria-hidden='false' data-av_icon='\ue8f3' data-av_iconfont='entypo-fontello' title='' data-avia-related-tooltip='Compartir en Facebook' rel=\"noopener\"><span class='avia_hidden_link_text'>Compartir en Facebook<\/span><\/a><\/li><li class='av-share-link av-social-link-twitter' ><a target=\"_blank\" aria-label=\"Compartir en Twitter\" href='https:\/\/twitter.com\/share?text=Pyme%2BCircular%3A%20La%20academia%20que%20empoder%C3%B3%20e%20impuls%C3%B3%20a%20mujeres%20de%20la%20Regi%C3%B3n%20de%20Ays%C3%A9n%20a%20hacer%20sus%20negocios%20m%C3%A1s%20sustentables&#038;url=https:\/\/radiorevelacionfm.cl\/?p=32683' aria-hidden='false' data-av_icon='\ue8f1' data-av_iconfont='entypo-fontello' title='' data-avia-related-tooltip='Compartir en Twitter' rel=\"noopener\"><span class='avia_hidden_link_text'>Compartir en Twitter<\/span><\/a><\/li><li class='av-share-link av-social-link-whatsapp' ><a target=\"_blank\" aria-label=\"Compartir en Whatsapp\" href='https:\/\/api.whatsapp.com\/send?text=https:\/\/radiorevelacionfm.cl\/?p=32683' aria-hidden='false' data-av_icon='\uf232' data-av_iconfont='entypo-fontello' title='' data-avia-related-tooltip='Compartir en Whatsapp' rel=\"noopener\"><span class='avia_hidden_link_text'>Compartir en Whatsapp<\/span><\/a><\/li><li class='av-share-link av-social-link-linkedin' ><a target=\"_blank\" aria-label=\"Compartir en LinkedIn\" href='https:\/\/linkedin.com\/shareArticle?mini=true&#038;title=Pyme%2BCircular%3A%20La%20academia%20que%20empoder%C3%B3%20e%20impuls%C3%B3%20a%20mujeres%20de%20la%20Regi%C3%B3n%20de%20Ays%C3%A9n%20a%20hacer%20sus%20negocios%20m%C3%A1s%20sustentables&#038;url=https:\/\/radiorevelacionfm.cl\/?p=32683' aria-hidden='false' data-av_icon='\ue8fc' data-av_iconfont='entypo-fontello' title='' data-avia-related-tooltip='Compartir en LinkedIn' rel=\"noopener\"><span class='avia_hidden_link_text'>Compartir en LinkedIn<\/span><\/a><\/li><li class='av-share-link av-social-link-mail' ><a  aria-label=\"Compartir por correo\" href='mailto:?subject=Pyme%2BCircular%3A%20La%20academia%20que%20empoder%C3%B3%20e%20impuls%C3%B3%20a%20mujeres%20de%20la%20Regi%C3%B3n%20de%20Ays%C3%A9n%20a%20hacer%20sus%20negocios%20m%C3%A1s%20sustentables&#038;body=https:\/\/radiorevelacionfm.cl\/?p=32683' aria-hidden='false' data-av_icon='\ue805' data-av_iconfont='entypo-fontello' title='' data-avia-related-tooltip='Compartir por correo'><span class='avia_hidden_link_text'>Compartir por correo<\/span><\/a><\/li><\/ul><\/div><\/div>\n<div  style='height:50px' class='hr hr-invisible   avia-builder-el-8  el_after_av_social_share  el_before_av_comments_list '><span class='hr-inner ' ><span class='hr-inner-style'><\/span><\/span><\/div>\n<div  class='av-buildercomment  av-blog-meta-html-info-disabled av-blog-meta-tag-disabled  '><\/div>\n","protected":false},"excerpt":{"rendered":"","protected":false},"author":1,"featured_media":32684,"comment_status":"open","ping_status":"open","sticky":false,"template":"","format":"standard","meta":{"footnotes":""},"categories":[38],"tags":[],"class_list":["post-32683","post","type-post","status-publish","format-standard","has-post-thumbnail","hentry","category-regional"],"jetpack_featured_media_url":"https:\/\/radiorevelacionfm.cl\/wp-content\/uploads\/2023\/07\/academia-1-2_optimized-2.jpg","_links":{"self":[{"href":"https:\/\/radiorevelacionfm.cl\/index.php?rest_route=\/wp\/v2\/posts\/32683","targetHints":{"allow":["GET"]}}],"collection":[{"href":"https:\/\/radiorevelacionfm.cl\/index.php?rest_route=\/wp\/v2\/posts"}],"about":[{"href":"https:\/\/radiorevelacionfm.cl\/index.php?rest_route=\/wp\/v2\/types\/post"}],"author":[{"embeddable":true,"href":"https:\/\/radiorevelacionfm.cl\/index.php?rest_route=\/wp\/v2\/users\/1"}],"replies":[{"embeddable":true,"href":"https:\/\/radiorevelacionfm.cl\/index.php?rest_route=%2Fwp%2Fv2%2Fcomments&post=32683"}],"version-history":[{"count":1,"href":"https:\/\/radiorevelacionfm.cl\/index.php?rest_route=\/wp\/v2\/posts\/32683\/revisions"}],"predecessor-version":[{"id":32685,"href":"https:\/\/radiorevelacionfm.cl\/index.php?rest_route=\/wp\/v2\/posts\/32683\/revisions\/32685"}],"wp:featuredmedia":[{"embeddable":true,"href":"https:\/\/radiorevelacionfm.cl\/index.php?rest_route=\/wp\/v2\/media\/32684"}],"wp:attachment":[{"href":"https:\/\/radiorevelacionfm.cl\/index.php?rest_route=%2Fwp%2Fv2%2Fmedia&parent=32683"}],"wp:term":[{"taxonomy":"category","embeddable":true,"href":"https:\/\/radiorevelacionfm.cl\/index.php?rest_route=%2Fwp%2Fv2%2Fcategories&post=32683"},{"taxonomy":"post_tag","embeddable":true,"href":"https:\/\/radiorevelacionfm.cl\/index.php?rest_route=%2Fwp%2Fv2%2Ftags&post=32683"}],"curies":[{"name":"wp","href":"https:\/\/api.w.org\/{rel}","templated":true}]}}