{"id":32680,"date":"2023-07-05T23:26:07","date_gmt":"2023-07-06T02:26:07","guid":{"rendered":"https:\/\/radiorevelacionfm.cl\/?p=32680"},"modified":"2023-07-05T23:26:07","modified_gmt":"2023-07-06T02:26:07","slug":"dialogos-auto-convocados-hablemos-de-cuidado-se-desarrollaron-en-toda-la-region-de-aysen","status":"publish","type":"post","link":"https:\/\/radiorevelacionfm.cl\/?p=32680","title":{"rendered":"Di\u00e1logos auto convocados \u201cHablemos de Cuidado\u201d se desarrollaron en toda la regi\u00f3n de Ays\u00e9n"},"content":{"rendered":"<div class=\"flex_column av_one_full  flex_column_div av-zero-column-padding first  avia-builder-el-0  el_before_av_one_full  avia-builder-el-first  \" style='border-radius:0px; '><div  class='avia-image-container  av-styling-    avia-builder-el-1  avia-builder-el-no-sibling  avia-align-center '  itemprop=\"image\" itemscope=\"itemscope\" itemtype=\"https:\/\/schema.org\/ImageObject\"  ><div class='avia-image-container-inner'><div class='avia-image-overlay-wrap'><img decoding=\"async\" class='wp-image-32681 avia-img-lazy-loading-not-32681 avia_image' src=\"https:\/\/radiorevelacionfm.cl\/wp-content\/uploads\/2023\/07\/dialogos_aysen-2_optimized.jpg\" alt='' title='dialogos_aysen-2_optimized' height=\"600\" width=\"899\"  itemprop=\"thumbnailUrl\" srcset=\"https:\/\/radiorevelacionfm.cl\/wp-content\/uploads\/2023\/07\/dialogos_aysen-2_optimized.jpg 899w, https:\/\/radiorevelacionfm.cl\/wp-content\/uploads\/2023\/07\/dialogos_aysen-2_optimized-300x200.jpg 300w, https:\/\/radiorevelacionfm.cl\/wp-content\/uploads\/2023\/07\/dialogos_aysen-2_optimized-768x513.jpg 768w, https:\/\/radiorevelacionfm.cl\/wp-content\/uploads\/2023\/07\/dialogos_aysen-2_optimized-705x471.jpg 705w, https:\/\/radiorevelacionfm.cl\/wp-content\/uploads\/2023\/07\/dialogos_aysen-2_optimized-450x300.jpg 450w, https:\/\/radiorevelacionfm.cl\/wp-content\/uploads\/2023\/07\/dialogos_aysen-2_optimized-600x400.jpg 600w\" sizes=\"(max-width: 899px) 100vw, 899px\" \/><\/div><\/div><\/div><\/div><div class=\"flex_column av_one_full  flex_column_div av-zero-column-padding first  avia-builder-el-2  el_after_av_one_full  el_before_av_one_full  column-top-margin\" style='border-radius:0px; '><section class=\"av_textblock_section \"  itemscope=\"itemscope\" itemtype=\"https:\/\/schema.org\/BlogPosting\" itemprop=\"blogPost\" ><div class='avia_textblock  '   itemprop=\"text\" ><p style=\"text-align: center;\"><strong><span style=\"font-size: 18pt;\">Di\u00e1logos auto convocados \u201cHablemos de Cuidado\u201d se desarrollaron en toda la regi\u00f3n de Ays\u00e9n<\/span><\/strong><\/p>\n<div id=\"gtx-trans\" style=\"position: absolute; left: -50px; top: 4.31534px;\">\n<div class=\"gtx-trans-icon\"><\/div>\n<\/div>\n<\/div><\/section><\/div><div class=\"flex_column av_one_full  flex_column_div av-zero-column-padding first  avia-builder-el-4  el_after_av_one_full  el_before_av_hr  column-top-margin\" style='border-radius:0px; '><section class=\"av_textblock_section \"  itemscope=\"itemscope\" itemtype=\"https:\/\/schema.org\/BlogPosting\" itemprop=\"blogPost\" ><div class='avia_textblock  '   itemprop=\"text\" ><p style=\"text-align: justify;\">Fueron m\u00e1s de 11 mil asistentes en todo Chile y en la Regi\u00f3n de Ays\u00e9n personas de cada una de las 10 comunas de la Regi\u00f3n de Ays\u00e9n las que participaron de la primera fase del proceso de participaci\u00f3n ciudadana: encuentros \u201cHablemos de Cuidados\u201d. Estos encuentros auto convocados \u00a0desarrollados con diferentes p\u00fablicos espec\u00edficos, se desarrollaron hasta el 30 de junio con miras a avanzar hacia un acuerdo pol\u00edticamente transversal y socialmente legitimado para la creaci\u00f3n de una pol\u00edtica nacional de cuidados, \u201cuna reivindicaci\u00f3n social hist\u00f3rica con alto respaldo ciudadano\u201d.<\/p>\n<p style=\"text-align: justify;\">Seg\u00fan Rodrigo Araya, delegado Presidencial Regional, una vez concluido este proceso de di\u00e1logos ciudadanos respecto a la importancia de los cuidados, queda en manifiesto la prioridad que le ha dado \u201cel Presidente Gabriel Boric para reconocer a los cuidadores y cuidadoras, especialmente ellas que son en gran porcentaje quienes ejercen el cuidado. Estos di\u00e1logos han podido poner en relevancia este trabajo que aporta a la estabilidad de las familias y al pa\u00eds, un tema tiene que ver con la econom\u00eda, la seguridad y la convivencia, por tanto es tremendamente relevante el poder haber desarrollado di\u00e1logos en cada una de las comunas de la Regi\u00f3n de Ays\u00e9n. Esto tendr\u00e1 que pasar a la discusi\u00f3n en el Parlamento para que se transforme en ley y se logre este reconocimiento a trav\u00e9s de una pol\u00edtica nacional de cuidados que tan necesaria es para las familias de nuestro pa\u00eds\u201d.<\/p>\n<p style=\"text-align: justify;\">Karina Acevedo Auad, Seremi de Desarrollo Social y Familia en la Regi\u00f3n de Ays\u00e9n, explic\u00f3 que finalizado esta etapa de conversaci\u00f3n y sensibilizaci\u00f3n que permiti\u00f3 levantar informaci\u00f3n \u00a0con perspectiva territorial \u201ccomo equipo regional estamos tremendamente contentos y agradecidos de nuestra comunidad que particip\u00f3 a lo largo de toda nuestra regi\u00f3n puesto que realizamos di\u00e1logos en las 10 comunas y con distintos \u00e1mbitos de nuestra sociedad: equipos de infancia, agrupaciones de personas en situaci\u00f3n de discapacidad, equipos sociales, familias, representantes de municipios y servicios p\u00fablicos, entre otros. Contribuimos a este proceso a trav\u00e9s de una construcci\u00f3n participativa para esta pol\u00edtica naci\u00f3n\u00a0 al pero sobre todo con una mirada territorial\u201d.<\/p>\n<p style=\"text-align: justify;\">Finalmente, cabe destacar que a\u00fan se encuentra disponible en la p\u00e1gina del Registro Social de Hogares el complemento de informaci\u00f3n: \u201cRegistro de Personas Cuidadoras\u201d, que permitir\u00e1 consolidar un registro de personas cuidadoras, lo que adem\u00e1s de avanzar en su identificaci\u00f3n, permitir\u00eda cuantificar de manera m\u00e1s precisa cu\u00e1ntas personas ejercen estas labores de forma no remunerada y por lo pronto generar atenci\u00f3n preferencial en servicios p\u00fablicos, tales como: FONASA, MINVU incluyendo Serviu.<\/p>\n<\/div><\/section><\/div><div  style='height:50px' class='hr hr-invisible   avia-builder-el-6  el_after_av_one_full  el_before_av_social_share '><span class='hr-inner ' ><span class='hr-inner-style'><\/span><\/span><\/div><\/p>\n<div  class='av-social-sharing-box  avia-builder-el-7  el_after_av_hr  el_before_av_hr  '><div class='av-share-box'><h5 class='av-share-link-description av-no-toc '>Compartir esta noticia<\/h5><ul class='av-share-box-list noLightbox'><li class='av-share-link av-social-link-facebook' ><a target=\"_blank\" aria-label=\"Compartir en Facebook\" href='https:\/\/www.facebook.com\/sharer.php?u=https:\/\/radiorevelacionfm.cl\/?p=32680&#038;t=Di%C3%A1logos%20auto%20convocados%20%E2%80%9CHablemos%20de%20Cuidado%E2%80%9D%20se%20desarrollaron%20en%20toda%20la%20regi%C3%B3n%20de%20Ays%C3%A9n' aria-hidden='false' data-av_icon='\ue8f3' data-av_iconfont='entypo-fontello' title='' data-avia-related-tooltip='Compartir en Facebook' rel=\"noopener\"><span class='avia_hidden_link_text'>Compartir en Facebook<\/span><\/a><\/li><li class='av-share-link av-social-link-twitter' ><a target=\"_blank\" aria-label=\"Compartir en Twitter\" href='https:\/\/twitter.com\/share?text=Di%C3%A1logos%20auto%20convocados%20%E2%80%9CHablemos%20de%20Cuidado%E2%80%9D%20se%20desarrollaron%20en%20toda%20la%20regi%C3%B3n%20de%20Ays%C3%A9n&#038;url=https:\/\/radiorevelacionfm.cl\/?p=32680' aria-hidden='false' data-av_icon='\ue8f1' data-av_iconfont='entypo-fontello' title='' data-avia-related-tooltip='Compartir en Twitter' rel=\"noopener\"><span class='avia_hidden_link_text'>Compartir en Twitter<\/span><\/a><\/li><li class='av-share-link av-social-link-whatsapp' ><a target=\"_blank\" aria-label=\"Compartir en Whatsapp\" href='https:\/\/api.whatsapp.com\/send?text=https:\/\/radiorevelacionfm.cl\/?p=32680' aria-hidden='false' data-av_icon='\uf232' data-av_iconfont='entypo-fontello' title='' data-avia-related-tooltip='Compartir en Whatsapp' rel=\"noopener\"><span class='avia_hidden_link_text'>Compartir en Whatsapp<\/span><\/a><\/li><li class='av-share-link av-social-link-linkedin' ><a target=\"_blank\" aria-label=\"Compartir en LinkedIn\" href='https:\/\/linkedin.com\/shareArticle?mini=true&#038;title=Di%C3%A1logos%20auto%20convocados%20%E2%80%9CHablemos%20de%20Cuidado%E2%80%9D%20se%20desarrollaron%20en%20toda%20la%20regi%C3%B3n%20de%20Ays%C3%A9n&#038;url=https:\/\/radiorevelacionfm.cl\/?p=32680' aria-hidden='false' data-av_icon='\ue8fc' data-av_iconfont='entypo-fontello' title='' data-avia-related-tooltip='Compartir en LinkedIn' rel=\"noopener\"><span class='avia_hidden_link_text'>Compartir en LinkedIn<\/span><\/a><\/li><li class='av-share-link av-social-link-mail' ><a  aria-label=\"Compartir por correo\" href='mailto:?subject=Di%C3%A1logos%20auto%20convocados%20%E2%80%9CHablemos%20de%20Cuidado%E2%80%9D%20se%20desarrollaron%20en%20toda%20la%20regi%C3%B3n%20de%20Ays%C3%A9n&#038;body=https:\/\/radiorevelacionfm.cl\/?p=32680' aria-hidden='false' data-av_icon='\ue805' data-av_iconfont='entypo-fontello' title='' data-avia-related-tooltip='Compartir por correo'><span class='avia_hidden_link_text'>Compartir por correo<\/span><\/a><\/li><\/ul><\/div><\/div>\n<div  style='height:50px' class='hr hr-invisible   avia-builder-el-8  el_after_av_social_share  el_before_av_comments_list '><span class='hr-inner ' ><span class='hr-inner-style'><\/span><\/span><\/div>\n<div  class='av-buildercomment  av-blog-meta-html-info-disabled av-blog-meta-tag-disabled  '><\/div>\n","protected":false},"excerpt":{"rendered":"","protected":false},"author":1,"featured_media":32681,"comment_status":"open","ping_status":"open","sticky":false,"template":"","format":"standard","meta":{"footnotes":""},"categories":[38],"tags":[],"class_list":["post-32680","post","type-post","status-publish","format-standard","has-post-thumbnail","hentry","category-regional"],"jetpack_featured_media_url":"https:\/\/radiorevelacionfm.cl\/wp-content\/uploads\/2023\/07\/dialogos_aysen-2_optimized.jpg","_links":{"self":[{"href":"https:\/\/radiorevelacionfm.cl\/index.php?rest_route=\/wp\/v2\/posts\/32680","targetHints":{"allow":["GET"]}}],"collection":[{"href":"https:\/\/radiorevelacionfm.cl\/index.php?rest_route=\/wp\/v2\/posts"}],"about":[{"href":"https:\/\/radiorevelacionfm.cl\/index.php?rest_route=\/wp\/v2\/types\/post"}],"author":[{"embeddable":true,"href":"https:\/\/radiorevelacionfm.cl\/index.php?rest_route=\/wp\/v2\/users\/1"}],"replies":[{"embeddable":true,"href":"https:\/\/radiorevelacionfm.cl\/index.php?rest_route=%2Fwp%2Fv2%2Fcomments&post=32680"}],"version-history":[{"count":1,"href":"https:\/\/radiorevelacionfm.cl\/index.php?rest_route=\/wp\/v2\/posts\/32680\/revisions"}],"predecessor-version":[{"id":32682,"href":"https:\/\/radiorevelacionfm.cl\/index.php?rest_route=\/wp\/v2\/posts\/32680\/revisions\/32682"}],"wp:featuredmedia":[{"embeddable":true,"href":"https:\/\/radiorevelacionfm.cl\/index.php?rest_route=\/wp\/v2\/media\/32681"}],"wp:attachment":[{"href":"https:\/\/radiorevelacionfm.cl\/index.php?rest_route=%2Fwp%2Fv2%2Fmedia&parent=32680"}],"wp:term":[{"taxonomy":"category","embeddable":true,"href":"https:\/\/radiorevelacionfm.cl\/index.php?rest_route=%2Fwp%2Fv2%2Fcategories&post=32680"},{"taxonomy":"post_tag","embeddable":true,"href":"https:\/\/radiorevelacionfm.cl\/index.php?rest_route=%2Fwp%2Fv2%2Ftags&post=32680"}],"curies":[{"name":"wp","href":"https:\/\/api.w.org\/{rel}","templated":true}]}}