{"id":32670,"date":"2023-07-05T20:44:48","date_gmt":"2023-07-05T23:44:48","guid":{"rendered":"https:\/\/radiorevelacionfm.cl\/?p=32670"},"modified":"2023-07-05T20:44:48","modified_gmt":"2023-07-05T23:44:48","slug":"pdi-investiga-dos-casos-de-maltrato-animal-en-la-provincia-de-aysen","status":"publish","type":"post","link":"https:\/\/radiorevelacionfm.cl\/?p=32670","title":{"rendered":"PDI investiga dos casos de maltrato animal en la provincia de Ays\u00e9n"},"content":{"rendered":"<div class=\"flex_column av_one_full  flex_column_div av-zero-column-padding first  avia-builder-el-0  el_before_av_one_full  avia-builder-el-first  \" style='border-radius:0px; '><div  class='avia-image-container  av-styling-    avia-builder-el-1  avia-builder-el-no-sibling  avia-align-center '  itemprop=\"image\" itemscope=\"itemscope\" itemtype=\"https:\/\/schema.org\/ImageObject\"  ><div class='avia-image-container-inner'><div class='avia-image-overlay-wrap'><img decoding=\"async\" class='wp-image-16240 avia-img-lazy-loading-not-16240 avia_image' src=\"https:\/\/radiorevelacionfm.cl\/wp-content\/uploads\/2022\/04\/Imagen-referencial-PDI-003-2-1.jpg\" alt='' title='Imagen referencial PDI 003 (2) (1)' height=\"600\" width=\"903\"  itemprop=\"thumbnailUrl\" srcset=\"https:\/\/radiorevelacionfm.cl\/wp-content\/uploads\/2022\/04\/Imagen-referencial-PDI-003-2-1.jpg 903w, https:\/\/radiorevelacionfm.cl\/wp-content\/uploads\/2022\/04\/Imagen-referencial-PDI-003-2-1-300x199.jpg 300w, https:\/\/radiorevelacionfm.cl\/wp-content\/uploads\/2022\/04\/Imagen-referencial-PDI-003-2-1-768x510.jpg 768w, https:\/\/radiorevelacionfm.cl\/wp-content\/uploads\/2022\/04\/Imagen-referencial-PDI-003-2-1-705x468.jpg 705w, https:\/\/radiorevelacionfm.cl\/wp-content\/uploads\/2022\/04\/Imagen-referencial-PDI-003-2-1-600x399.jpg 600w\" sizes=\"(max-width: 903px) 100vw, 903px\" \/><\/div><\/div><\/div><\/div><div class=\"flex_column av_one_full  flex_column_div av-zero-column-padding first  avia-builder-el-2  el_after_av_one_full  el_before_av_one_full  column-top-margin\" style='border-radius:0px; '><section class=\"av_textblock_section \"  itemscope=\"itemscope\" itemtype=\"https:\/\/schema.org\/BlogPosting\" itemprop=\"blogPost\" ><div class='avia_textblock  '   itemprop=\"text\" ><p style=\"text-align: center;\"><span style=\"font-size: 18pt;\"><strong>PDI investiga dos casos de maltrato animal en la provincia de Ays\u00e9n<\/strong><\/span><\/p>\n<div id=\"gtx-trans\" style=\"position: absolute; left: -50px; top: 4.31534px;\">\n<div class=\"gtx-trans-icon\"><\/div>\n<\/div>\n<\/div><\/section><\/div><div class=\"flex_column av_one_full  flex_column_div av-zero-column-padding first  avia-builder-el-4  el_after_av_one_full  el_before_av_hr  column-top-margin\" style='border-radius:0px; '><section class=\"av_textblock_section \"  itemscope=\"itemscope\" itemtype=\"https:\/\/schema.org\/BlogPosting\" itemprop=\"blogPost\" ><div class='avia_textblock  '   itemprop=\"text\" ><p style=\"text-align: justify;\">La Polic\u00eda de Investigaciones de Chile, a trav\u00e9s de la Brigada Investigadora de Delitos del Medio Ambiente y Patrimonio Cultural (BIDEMA) Ays\u00e9n, durante la \u00faltima semana ha desarrollado dos procedimientos policiales por el delito de maltrato animal por omisi\u00f3n flagrante, contemplado en el Art\u00edculo N\u00b0291 ter del C\u00f3digo Penal, antecedentes que fueron informados al Ministerio P\u00fablico.<\/p>\n<p style=\"text-align: justify;\">Sobre el primer hecho, la comisaria Carolina Az\u00f3car de la BIDEMA Ays\u00e9n se\u00f1al\u00f3 que \u201cse recibi\u00f3 una denuncia que en Villa Ma\u00f1ihuales se encontraba un canino en mal estado de salud y recibiendo tratos de maltrato animal, por lo que funcionarios de esta brigada especializada se trasladaron al lugar, constatando la veracidad de los hechos y procediendo a la detenci\u00f3n del propietario de la mascota, en virtud al art\u00edculo N\u00b0291 del C\u00f3digo Penal, por el delito de maltrato animal, persona que pas\u00f3 a audiencia de control de detenci\u00f3n al d\u00eda siguiente\u201d.<\/p>\n<p style=\"text-align: justify;\">Respecto del segundo caso, ocurrido en Puerto Ays\u00e9n, \u201cse recibi\u00f3 una alerta que en un domicilio del sector Ribera Sur de esta comuna, un canino se encontraba en malas condiciones de tenencia, hecho que motiv\u00f3 a que un equipo de la BIDEMA Ays\u00e9n se trasladara al lugar, confirmando la presencia en la v\u00eda p\u00fablica de un canino hembra en muy mal estado nutricional, desencadenando la detenci\u00f3n de la propietaria de la mascota. Esta persona, posterior a las coordinaciones con el Ministerio P\u00fablico, fue puesta en libertad, quedando apercibida bajo el art\u00edculo N\u00b026 del C\u00f3digo Procesal Penal\u201d.<\/p>\n<p style=\"text-align: justify;\">En cuanto al delito materia de investigaci\u00f3n la oficial indic\u00f3 que \u201cel maltrato animal es un delito de car\u00e1cter penal, el cual consiste en toda acci\u00f3n u omisi\u00f3n ocasional o reiterada que, injustificadamente, cause da\u00f1o, dolor o sufrimiento a un animal\u201d.<\/p>\n<p style=\"text-align: justify;\">Desde la PDI recomendaron mantener una tenencia responsable para evitar este tipo de hechos y realizaron un llamado a denunciar, \u201cinstamos a la ciudadan\u00eda a denunciar los actos de maltrato o crueldad animal de los cuales sean testigos, aplic\u00e1ndose a cualquier especie o raza y no solo a las mascotas o animales de compa\u00f1\u00eda, ya sea a trav\u00e9s del tel\u00e9fono de emergencias de la PDI, 134, envi\u00e1ndonos un correo electr\u00f3nico a la BIDEMA Ays\u00e9n (<a href=\"mailto:bidema.pay@investigaciones.cl\">bidema.pay@investigaciones.cl<\/a>) o a trav\u00e9s de una denuncia formal en dependencias de nuestro complejo policial\u201d, puntualiz\u00f3 la comisaria de la BIDEMA Ays\u00e9n.<\/p>\n<p style=\"text-align: justify;\">Finalmente, cabe destacar que ambos canes quedaron bajo el cuidado de familiares de sus respectivos due\u00f1os, como depositarios provisionales, mientras se realizan las diligencias de investigaci\u00f3n conforme a la denuncia realizada por la brigada especializada.<\/p>\n<\/div><\/section><\/div><div  style='height:50px' class='hr hr-invisible   avia-builder-el-6  el_after_av_one_full  el_before_av_social_share '><span class='hr-inner ' ><span class='hr-inner-style'><\/span><\/span><\/div><\/p>\n<div  class='av-social-sharing-box  avia-builder-el-7  el_after_av_hr  el_before_av_hr  '><div class='av-share-box'><h5 class='av-share-link-description av-no-toc '>Compartir esta noticia<\/h5><ul class='av-share-box-list noLightbox'><li class='av-share-link av-social-link-facebook' ><a target=\"_blank\" aria-label=\"Compartir en Facebook\" href='https:\/\/www.facebook.com\/sharer.php?u=https:\/\/radiorevelacionfm.cl\/?p=32670&#038;t=PDI%20investiga%20dos%20casos%20de%20maltrato%20animal%20en%20la%20provincia%20de%20Ays%C3%A9n' aria-hidden='false' data-av_icon='\ue8f3' data-av_iconfont='entypo-fontello' title='' data-avia-related-tooltip='Compartir en Facebook' rel=\"noopener\"><span class='avia_hidden_link_text'>Compartir en Facebook<\/span><\/a><\/li><li class='av-share-link av-social-link-twitter' ><a target=\"_blank\" aria-label=\"Compartir en Twitter\" href='https:\/\/twitter.com\/share?text=PDI%20investiga%20dos%20casos%20de%20maltrato%20animal%20en%20la%20provincia%20de%20Ays%C3%A9n&#038;url=https:\/\/radiorevelacionfm.cl\/?p=32670' aria-hidden='false' data-av_icon='\ue8f1' data-av_iconfont='entypo-fontello' title='' data-avia-related-tooltip='Compartir en Twitter' rel=\"noopener\"><span class='avia_hidden_link_text'>Compartir en Twitter<\/span><\/a><\/li><li class='av-share-link av-social-link-whatsapp' ><a target=\"_blank\" aria-label=\"Compartir en Whatsapp\" href='https:\/\/api.whatsapp.com\/send?text=https:\/\/radiorevelacionfm.cl\/?p=32670' aria-hidden='false' data-av_icon='\uf232' data-av_iconfont='entypo-fontello' title='' data-avia-related-tooltip='Compartir en Whatsapp' rel=\"noopener\"><span class='avia_hidden_link_text'>Compartir en Whatsapp<\/span><\/a><\/li><li class='av-share-link av-social-link-linkedin' ><a target=\"_blank\" aria-label=\"Compartir en LinkedIn\" href='https:\/\/linkedin.com\/shareArticle?mini=true&#038;title=PDI%20investiga%20dos%20casos%20de%20maltrato%20animal%20en%20la%20provincia%20de%20Ays%C3%A9n&#038;url=https:\/\/radiorevelacionfm.cl\/?p=32670' aria-hidden='false' data-av_icon='\ue8fc' data-av_iconfont='entypo-fontello' title='' data-avia-related-tooltip='Compartir en LinkedIn' rel=\"noopener\"><span class='avia_hidden_link_text'>Compartir en LinkedIn<\/span><\/a><\/li><li class='av-share-link av-social-link-mail' ><a  aria-label=\"Compartir por correo\" href='mailto:?subject=PDI%20investiga%20dos%20casos%20de%20maltrato%20animal%20en%20la%20provincia%20de%20Ays%C3%A9n&#038;body=https:\/\/radiorevelacionfm.cl\/?p=32670' aria-hidden='false' data-av_icon='\ue805' data-av_iconfont='entypo-fontello' title='' data-avia-related-tooltip='Compartir por correo'><span class='avia_hidden_link_text'>Compartir por correo<\/span><\/a><\/li><\/ul><\/div><\/div>\n<div  style='height:50px' class='hr hr-invisible   avia-builder-el-8  el_after_av_social_share  el_before_av_comments_list '><span class='hr-inner ' ><span class='hr-inner-style'><\/span><\/span><\/div>\n<div  class='av-buildercomment  av-blog-meta-html-info-disabled av-blog-meta-tag-disabled  '><\/div>\n","protected":false},"excerpt":{"rendered":"","protected":false},"author":1,"featured_media":16240,"comment_status":"open","ping_status":"open","sticky":false,"template":"","format":"standard","meta":{"footnotes":""},"categories":[36],"tags":[],"class_list":["post-32670","post","type-post","status-publish","format-standard","has-post-thumbnail","hentry","category-policial"],"jetpack_featured_media_url":"https:\/\/radiorevelacionfm.cl\/wp-content\/uploads\/2022\/04\/Imagen-referencial-PDI-003-2-1.jpg","_links":{"self":[{"href":"https:\/\/radiorevelacionfm.cl\/index.php?rest_route=\/wp\/v2\/posts\/32670","targetHints":{"allow":["GET"]}}],"collection":[{"href":"https:\/\/radiorevelacionfm.cl\/index.php?rest_route=\/wp\/v2\/posts"}],"about":[{"href":"https:\/\/radiorevelacionfm.cl\/index.php?rest_route=\/wp\/v2\/types\/post"}],"author":[{"embeddable":true,"href":"https:\/\/radiorevelacionfm.cl\/index.php?rest_route=\/wp\/v2\/users\/1"}],"replies":[{"embeddable":true,"href":"https:\/\/radiorevelacionfm.cl\/index.php?rest_route=%2Fwp%2Fv2%2Fcomments&post=32670"}],"version-history":[{"count":1,"href":"https:\/\/radiorevelacionfm.cl\/index.php?rest_route=\/wp\/v2\/posts\/32670\/revisions"}],"predecessor-version":[{"id":32671,"href":"https:\/\/radiorevelacionfm.cl\/index.php?rest_route=\/wp\/v2\/posts\/32670\/revisions\/32671"}],"wp:featuredmedia":[{"embeddable":true,"href":"https:\/\/radiorevelacionfm.cl\/index.php?rest_route=\/wp\/v2\/media\/16240"}],"wp:attachment":[{"href":"https:\/\/radiorevelacionfm.cl\/index.php?rest_route=%2Fwp%2Fv2%2Fmedia&parent=32670"}],"wp:term":[{"taxonomy":"category","embeddable":true,"href":"https:\/\/radiorevelacionfm.cl\/index.php?rest_route=%2Fwp%2Fv2%2Fcategories&post=32670"},{"taxonomy":"post_tag","embeddable":true,"href":"https:\/\/radiorevelacionfm.cl\/index.php?rest_route=%2Fwp%2Fv2%2Ftags&post=32670"}],"curies":[{"name":"wp","href":"https:\/\/api.w.org\/{rel}","templated":true}]}}