{"id":3267,"date":"2021-04-19T16:49:28","date_gmt":"2021-04-19T19:49:28","guid":{"rendered":"https:\/\/radiorevelacionfm.cl\/?p=3267"},"modified":"2021-04-19T16:49:28","modified_gmt":"2021-04-19T19:49:28","slug":"calisto-pide-a-fiscalia-nacional-economica-investigar-posible-colusion-de-empresas-de-gas-licuado","status":"publish","type":"post","link":"https:\/\/radiorevelacionfm.cl\/?p=3267","title":{"rendered":"Calisto pide a Fiscal\u00eda Nacional Econ\u00f3mica investigar posible colusi\u00f3n de empresas de gas licuado"},"content":{"rendered":"<div class=\"flex_column av_one_full  flex_column_div av-zero-column-padding first  avia-builder-el-0  el_before_av_one_full  avia-builder-el-first  \" style='border-radius:0px; '><div  class='avia-image-container  av-styling-    avia-builder-el-1  avia-builder-el-no-sibling  avia-align-center '  itemprop=\"image\" itemscope=\"itemscope\" itemtype=\"https:\/\/schema.org\/ImageObject\"  ><div class='avia-image-container-inner'><div class='avia-image-overlay-wrap'><img decoding=\"async\" class='wp-image-3268 avia-img-lazy-loading-not-3268 avia_image' src=\"https:\/\/radiorevelacionfm.cl\/wp-content\/uploads\/2021\/04\/ARCHIVO-2-2.jpg\" alt='' title='ARCHIVO 2 (2)' height=\"604\" width=\"1095\"  itemprop=\"thumbnailUrl\" srcset=\"https:\/\/radiorevelacionfm.cl\/wp-content\/uploads\/2021\/04\/ARCHIVO-2-2.jpg 1095w, https:\/\/radiorevelacionfm.cl\/wp-content\/uploads\/2021\/04\/ARCHIVO-2-2-300x165.jpg 300w, https:\/\/radiorevelacionfm.cl\/wp-content\/uploads\/2021\/04\/ARCHIVO-2-2-1030x568.jpg 1030w, https:\/\/radiorevelacionfm.cl\/wp-content\/uploads\/2021\/04\/ARCHIVO-2-2-768x424.jpg 768w, https:\/\/radiorevelacionfm.cl\/wp-content\/uploads\/2021\/04\/ARCHIVO-2-2-705x389.jpg 705w, https:\/\/radiorevelacionfm.cl\/wp-content\/uploads\/2021\/04\/ARCHIVO-2-2-600x331.jpg 600w\" sizes=\"(max-width: 1095px) 100vw, 1095px\" \/><\/div><\/div><\/div><\/div><div class=\"flex_column av_one_full  flex_column_div av-zero-column-padding first  avia-builder-el-2  el_after_av_one_full  el_before_av_one_full  column-top-margin\" style='border-radius:0px; '><section class=\"av_textblock_section \"  itemscope=\"itemscope\" itemtype=\"https:\/\/schema.org\/BlogPosting\" itemprop=\"blogPost\" ><div class='avia_textblock  '   itemprop=\"text\" ><p style=\"text-align: center;\"><strong><span style=\"font-size: 18pt;\">Calisto pide a Fiscal\u00eda Nacional Econ\u00f3mica investigar posible colusi\u00f3n de empresas de gas licuado<\/span><\/strong><\/p>\n<div id=\"gtx-trans\" style=\"position: absolute; left: -50px; top: 4.31534px;\">\n<div class=\"gtx-trans-icon\"><\/div>\n<\/div>\n<\/div><\/section><\/div><div class=\"flex_column av_one_full  flex_column_div av-zero-column-padding first  avia-builder-el-4  el_after_av_one_full  el_before_av_hr  column-top-margin\" style='border-radius:0px; '><section class=\"av_textblock_section \"  itemscope=\"itemscope\" itemtype=\"https:\/\/schema.org\/BlogPosting\" itemprop=\"blogPost\" ><div class='avia_textblock  '   itemprop=\"text\" ><p style=\"font-weight: 400; text-align: justify;\">Consciente del alto precio que han alcanzado los \u00faltimos meses los balones de gas licuado de las tres empresas que dominan el mercado, el diputado Miguel \u00c1ngel Calisto present\u00f3 un oficio ante la Fiscal\u00eda Nacional Econ\u00f3mica para que investiguen una posible colusi\u00f3n de estas compa\u00f1\u00edas, asegurando que \u201chay que investigar si existe colusi\u00f3n, es necesario despejar las dudas ante un aumento tan brutal en los precios de estos productos\u201d.<\/p>\n<p style=\"font-weight: 400; text-align: justify;\">El oficio cont\u00f3 con las firmas de los diputados Manuel Matta, Jorge Sabag, Joanna P\u00e9rez e Iv\u00e1n Flores, adem\u00e1s del propios Miguel \u00c1ngel Calisto, y busca que \u201cla Fiscal\u00eda Nacional Econ\u00f3mica inicie una investigaci\u00f3n sobre si el alza del precio en la distribuci\u00f3n del gas licuado de petr\u00f3leo, de car\u00e1cter residencial, se debe a una potencial colusi\u00f3n entre las empresas distribuidoras\u201d.<\/p>\n<p style=\"font-weight: 400; text-align: justify;\">Seg\u00fan el legislador, \u201chemos recibido muchas denuncias ciudadanas por el aumento excesivo del precio de los balones de gas licuado, ya sea de cinco, de quince o cuarenta y cinco kilos. Ac\u00e1 hay algo raro, porque s\u00f3lo durante el \u00faltimo a\u00f1o el precio ha subido un 14%, lo que es excesivo. No puede ser que en plena pandemia una familia chilena tenga que pagar 21 mil pesos por un bal\u00f3n de gas de 15 kilos\u201d.<\/p>\n<p style=\"font-weight: 400; text-align: justify;\">Calisto agreg\u00f3 que \u201cadem\u00e1s, una de estas empresas ya fue sancionada en Per\u00fa por colusi\u00f3n, entonces con mayor raz\u00f3n es necesario investigar. En nuestro pa\u00eds ya tenemos cierto historial de grandes empresas que con tal de ganar un poco m\u00e1s de dinero caen en estos delitos econ\u00f3micos que terminan perjudicando a las familias con menos recursos, que son quienes consumen el gas en este formato\u201d.<\/p>\n<p style=\"font-weight: 400; text-align: justify;\">El legislador se\u00f1al\u00f3 que \u201ctambi\u00e9n al hacer el ejercicio de determinar el valor del kilo de gas, nos damos cuenta que este depende tambi\u00e9n del tipo de cilindro que yo estoy utilizando, lo que es muy extra\u00f1o. Por ejemplo, en los balones de cinco kilos, el valor del gas por kilo es m\u00e1s caro, superando los 1900 pesos. En cambio, cuando lleno un cilindro de 15 kilos, puede costar alrededor de 1550 pesos, esto seg\u00fan los valores entregados por la plataforma Gas en L\u00ednea que permite comparar los valores del gas licuado de las distintas empresas\u201d.<\/p>\n<p style=\"font-weight: 400; text-align: justify;\">\u201cEn estos momentos Chile vive una crisis econ\u00f3mica tremenda, con miles de familias que han visto quebrar sus emprendimientos y no tienen plata para vivir. Es fundamental que nosotros como diputados cumplamos nuestra labor fiscalizadora y estemos siempre muy atentos al comportamiento de las grandes empresas\u201d, se\u00f1al\u00f3.<\/p>\n<p style=\"font-weight: 400; text-align: justify;\">Finalmente, el legislador asegur\u00f3 que \u201cesperamos que la Fiscal\u00eda Nacional Econ\u00f3mica realice una investigaci\u00f3n de mercado profunda y pueda determinar si hay o no una colusi\u00f3n. Es fundamental despejar las dudas y as\u00ed evitar cualquier acci\u00f3n empresarial que vaya en desmedro del bolsillo de las familias chilenas\u201d.<\/p>\n<\/div><\/section><\/div><div  style='height:50px' class='hr hr-invisible   avia-builder-el-6  el_after_av_one_full  el_before_av_social_share '><span class='hr-inner ' ><span class='hr-inner-style'><\/span><\/span><\/div><\/p>\n<div  class='av-social-sharing-box  avia-builder-el-7  el_after_av_hr  el_before_av_hr  '><div class='av-share-box'><h5 class='av-share-link-description av-no-toc '>Compartir esta noticia<\/h5><ul class='av-share-box-list noLightbox'><li class='av-share-link av-social-link-facebook' ><a target=\"_blank\" aria-label=\"Compartir en Facebook\" href='https:\/\/www.facebook.com\/sharer.php?u=https:\/\/radiorevelacionfm.cl\/?p=3267&#038;t=Calisto%20pide%20a%20Fiscal%C3%ADa%20Nacional%20Econ%C3%B3mica%20investigar%20posible%20colusi%C3%B3n%20de%20empresas%20de%20gas%20licuado' aria-hidden='false' data-av_icon='\ue8f3' data-av_iconfont='entypo-fontello' title='' data-avia-related-tooltip='Compartir en Facebook' rel=\"noopener\"><span class='avia_hidden_link_text'>Compartir en Facebook<\/span><\/a><\/li><li class='av-share-link av-social-link-twitter' ><a target=\"_blank\" aria-label=\"Compartir en Twitter\" href='https:\/\/twitter.com\/share?text=Calisto%20pide%20a%20Fiscal%C3%ADa%20Nacional%20Econ%C3%B3mica%20investigar%20posible%20colusi%C3%B3n%20de%20empresas%20de%20gas%20licuado&#038;url=https:\/\/radiorevelacionfm.cl\/?p=3267' aria-hidden='false' data-av_icon='\ue8f1' data-av_iconfont='entypo-fontello' title='' data-avia-related-tooltip='Compartir en Twitter' rel=\"noopener\"><span class='avia_hidden_link_text'>Compartir en Twitter<\/span><\/a><\/li><li class='av-share-link av-social-link-whatsapp' ><a target=\"_blank\" aria-label=\"Compartir en Whatsapp\" href='https:\/\/api.whatsapp.com\/send?text=https:\/\/radiorevelacionfm.cl\/?p=3267' aria-hidden='false' data-av_icon='\uf232' data-av_iconfont='entypo-fontello' title='' data-avia-related-tooltip='Compartir en Whatsapp' rel=\"noopener\"><span class='avia_hidden_link_text'>Compartir en Whatsapp<\/span><\/a><\/li><li class='av-share-link av-social-link-linkedin' ><a target=\"_blank\" aria-label=\"Compartir en LinkedIn\" href='https:\/\/linkedin.com\/shareArticle?mini=true&#038;title=Calisto%20pide%20a%20Fiscal%C3%ADa%20Nacional%20Econ%C3%B3mica%20investigar%20posible%20colusi%C3%B3n%20de%20empresas%20de%20gas%20licuado&#038;url=https:\/\/radiorevelacionfm.cl\/?p=3267' aria-hidden='false' data-av_icon='\ue8fc' data-av_iconfont='entypo-fontello' title='' data-avia-related-tooltip='Compartir en LinkedIn' rel=\"noopener\"><span class='avia_hidden_link_text'>Compartir en LinkedIn<\/span><\/a><\/li><li class='av-share-link av-social-link-mail' ><a  aria-label=\"Compartir por correo\" href='mailto:?subject=Calisto%20pide%20a%20Fiscal%C3%ADa%20Nacional%20Econ%C3%B3mica%20investigar%20posible%20colusi%C3%B3n%20de%20empresas%20de%20gas%20licuado&#038;body=https:\/\/radiorevelacionfm.cl\/?p=3267' aria-hidden='false' data-av_icon='\ue805' data-av_iconfont='entypo-fontello' title='' data-avia-related-tooltip='Compartir por correo'><span class='avia_hidden_link_text'>Compartir por correo<\/span><\/a><\/li><\/ul><\/div><\/div>\n<div  style='height:50px' class='hr hr-invisible   avia-builder-el-8  el_after_av_social_share  el_before_av_comments_list '><span class='hr-inner ' ><span class='hr-inner-style'><\/span><\/span><\/div>\n<div  class='av-buildercomment  av-blog-meta-html-info-disabled av-blog-meta-tag-disabled  '><\/div>\n","protected":false},"excerpt":{"rendered":"","protected":false},"author":1,"featured_media":3268,"comment_status":"open","ping_status":"open","sticky":false,"template":"","format":"standard","meta":{"footnotes":""},"categories":[35],"tags":[],"class_list":["post-3267","post","type-post","status-publish","format-standard","has-post-thumbnail","hentry","category-politica"],"jetpack_featured_media_url":"https:\/\/radiorevelacionfm.cl\/wp-content\/uploads\/2021\/04\/ARCHIVO-2-2.jpg","_links":{"self":[{"href":"https:\/\/radiorevelacionfm.cl\/index.php?rest_route=\/wp\/v2\/posts\/3267","targetHints":{"allow":["GET"]}}],"collection":[{"href":"https:\/\/radiorevelacionfm.cl\/index.php?rest_route=\/wp\/v2\/posts"}],"about":[{"href":"https:\/\/radiorevelacionfm.cl\/index.php?rest_route=\/wp\/v2\/types\/post"}],"author":[{"embeddable":true,"href":"https:\/\/radiorevelacionfm.cl\/index.php?rest_route=\/wp\/v2\/users\/1"}],"replies":[{"embeddable":true,"href":"https:\/\/radiorevelacionfm.cl\/index.php?rest_route=%2Fwp%2Fv2%2Fcomments&post=3267"}],"version-history":[{"count":1,"href":"https:\/\/radiorevelacionfm.cl\/index.php?rest_route=\/wp\/v2\/posts\/3267\/revisions"}],"predecessor-version":[{"id":3269,"href":"https:\/\/radiorevelacionfm.cl\/index.php?rest_route=\/wp\/v2\/posts\/3267\/revisions\/3269"}],"wp:featuredmedia":[{"embeddable":true,"href":"https:\/\/radiorevelacionfm.cl\/index.php?rest_route=\/wp\/v2\/media\/3268"}],"wp:attachment":[{"href":"https:\/\/radiorevelacionfm.cl\/index.php?rest_route=%2Fwp%2Fv2%2Fmedia&parent=3267"}],"wp:term":[{"taxonomy":"category","embeddable":true,"href":"https:\/\/radiorevelacionfm.cl\/index.php?rest_route=%2Fwp%2Fv2%2Fcategories&post=3267"},{"taxonomy":"post_tag","embeddable":true,"href":"https:\/\/radiorevelacionfm.cl\/index.php?rest_route=%2Fwp%2Fv2%2Ftags&post=3267"}],"curies":[{"name":"wp","href":"https:\/\/api.w.org\/{rel}","templated":true}]}}