{"id":32665,"date":"2023-07-06T13:24:45","date_gmt":"2023-07-06T16:24:45","guid":{"rendered":"https:\/\/radiorevelacionfm.cl\/?p=32665"},"modified":"2023-07-06T13:24:45","modified_gmt":"2023-07-06T16:24:45","slug":"mas-de-8-700-ninas-y-ninos-suenan-con-ganar-viaje-a-la-nasa","status":"publish","type":"post","link":"https:\/\/radiorevelacionfm.cl\/?p=32665","title":{"rendered":"M\u00e1s de 8.700 ni\u00f1as y ni\u00f1os sue\u00f1an con ganar viaje a la NASA"},"content":{"rendered":"<div class=\"flex_column av_one_full  flex_column_div av-zero-column-padding first  avia-builder-el-0  el_before_av_one_full  avia-builder-el-first  \" style='border-radius:0px; '><div  class='avia-image-container  av-styling-    avia-builder-el-1  avia-builder-el-no-sibling  avia-align-center '  itemprop=\"image\" itemscope=\"itemscope\" itemtype=\"https:\/\/schema.org\/ImageObject\"  ><div class='avia-image-container-inner'><div class='avia-image-overlay-wrap'><img decoding=\"async\" class='wp-image-32666 avia-img-lazy-loading-not-32666 avia_image' src=\"https:\/\/radiorevelacionfm.cl\/wp-content\/uploads\/2023\/07\/concurso-cierre-3-a-2_optimized.jpg\" alt='' title='concurso-cierre-3-a-2_optimized' height=\"600\" width=\"900\"  itemprop=\"thumbnailUrl\" srcset=\"https:\/\/radiorevelacionfm.cl\/wp-content\/uploads\/2023\/07\/concurso-cierre-3-a-2_optimized.jpg 900w, https:\/\/radiorevelacionfm.cl\/wp-content\/uploads\/2023\/07\/concurso-cierre-3-a-2_optimized-300x200.jpg 300w, https:\/\/radiorevelacionfm.cl\/wp-content\/uploads\/2023\/07\/concurso-cierre-3-a-2_optimized-768x512.jpg 768w, https:\/\/radiorevelacionfm.cl\/wp-content\/uploads\/2023\/07\/concurso-cierre-3-a-2_optimized-705x470.jpg 705w, https:\/\/radiorevelacionfm.cl\/wp-content\/uploads\/2023\/07\/concurso-cierre-3-a-2_optimized-450x300.jpg 450w, https:\/\/radiorevelacionfm.cl\/wp-content\/uploads\/2023\/07\/concurso-cierre-3-a-2_optimized-600x400.jpg 600w\" sizes=\"(max-width: 900px) 100vw, 900px\" \/><\/div><\/div><\/div><\/div><div class=\"flex_column av_one_full  flex_column_div av-zero-column-padding first  avia-builder-el-2  el_after_av_one_full  el_before_av_one_full  column-top-margin\" style='border-radius:0px; '><section class=\"av_textblock_section \"  itemscope=\"itemscope\" itemtype=\"https:\/\/schema.org\/BlogPosting\" itemprop=\"blogPost\" ><div class='avia_textblock  '   itemprop=\"text\" ><p style=\"text-align: center;\"><span style=\"font-size: 18pt;\"><strong>M\u00e1s de 8.700 ni\u00f1as y ni\u00f1os sue\u00f1an con ganar viaje a la NASA <\/strong><\/span><\/p>\n<div id=\"gtx-trans\" style=\"position: absolute; left: -50px; top: 4.31534px;\">\n<div class=\"gtx-trans-icon\"><\/div>\n<\/div>\n<\/div><\/section><\/div><div class=\"flex_column av_one_full  flex_column_div av-zero-column-padding first  avia-builder-el-4  el_after_av_one_full  el_before_av_hr  column-top-margin\" style='border-radius:0px; '><section class=\"av_textblock_section \"  itemscope=\"itemscope\" itemtype=\"https:\/\/schema.org\/BlogPosting\" itemprop=\"blogPost\" ><div class='avia_textblock  '   itemprop=\"text\" ><p style=\"text-align: justify;\">El viernes 30 de junio finaliz\u00f3 el proceso de inscripci\u00f3n para participar en el concurso de Fundaci\u00f3n Educacional Oportunidad que premiar\u00e1 a 16 ni\u00f1as y ni\u00f1os que tengan una asistencia destacada en educaci\u00f3n parvularia con una visita al Centro Espacial Kennedy ubicado en Estados Unidos. El 8 de agosto se realizar\u00e1 el sorteo que tendr\u00e1 una o un ganador por cada regi\u00f3n de Chile.<\/p>\n<p style=\"text-align: justify;\">El 15 de marzo de este a\u00f1o, Fundaci\u00f3n Educacional Oportunidad lanz\u00f3 la campa\u00f1a \u201cHaz que despeguen\u201d, que tuvo por objetivo fomentar la asistencia de ni\u00f1as y ni\u00f1os y que la sociedad tome conciencia de los beneficios que otorga la educaci\u00f3n parvularia.<\/p>\n<p style=\"text-align: justify;\">La iniciativa estaba asociada a un concurso que abarc\u00f3 todo el territorio nacional y m\u00e1s de 8.700 ni\u00f1as y ni\u00f1os que asisten a educaci\u00f3n parvularia fueron inscritos por sus familias para tener la oportunidad de ganar un viaje al Centro Espacial Kennedy ubicado en Estados Unidos en las vacaciones de verano del a\u00f1o 2024.<\/p>\n<p style=\"text-align: justify;\">Esta campa\u00f1a naci\u00f3 al observar las cifras de ausentismo escolar en Chile. El a\u00f1o 2022, un 61% de las ni\u00f1as y ni\u00f1os de prek\u00ednder y k\u00ednder faltaron 6 semanas o m\u00e1s a clases durante el a\u00f1o, cifra inquietante, ya que el ausentismo reiterado es el mayor predictor de exclusi\u00f3n escolar.<\/p>\n<p style=\"text-align: justify;\">Marcela Marzolo, directora ejecutiva de Fundaci\u00f3n Educacional Oportunidad, organizaci\u00f3n que promueve la importancia de la educaci\u00f3n desde la primera infancia, destac\u00f3 el entusiasmo demostrado por equipos educativos de jardines infantiles y escuelas del pa\u00eds, que desde el inicio de la campa\u00f1a promovieron el concurso entre las ni\u00f1as, ni\u00f1os y sus apoderados.<\/p>\n<p style=\"text-align: justify;\">\u201cEstamos tremendamente agradecidos por el apoyo que tuvimos durante la campa\u00f1a en t\u00e9rminos de difusi\u00f3n del concurso, no tan s\u00f3lo por parte de los establecimientos con los que trabajamos, sino que tambi\u00e9n por las instituciones con las que colaboramos y con quienes compartimos el prop\u00f3sito de la educaci\u00f3n en la primera infancia, tales como Junji, la Subsecretaria de Educaci\u00f3n Parvularia, Fundaci\u00f3n Protectora de la Infancia, entre otros\u00bb, dijo. A\u00f1adi\u00f3 que \u201cgracias a ellos fue posible amplificar nuestro mensaje y motivar, no s\u00f3lo la postulaci\u00f3n, adem\u00e1s la toma de conciencia de la importancia que este nivel de la trayectoria educativa tiene en el desarrollo y aprendizaje de los ni\u00f1os y ni\u00f1as\u00bb.<\/p>\n<p style=\"text-align: justify;\">\u00a1A tocar las estrellas!<\/p>\n<p style=\"text-align: justify;\">El 8 de agosto se realizar\u00e1 el sorteo que tendr\u00e1 una o un ganador por regi\u00f3n de Chile para viajar junto a su madre, padre y\/o adulto responsable a la Nasa. Los resultados se dar\u00e1n a conocer con posterioridad en el sitio <a href=\"http:\/\/www.hazquedespeguen.cl\/\">www.hazquedespeguen.cl<\/a><\/p>\n<p style=\"text-align: justify;\">Cabe recordar que el apoderado del ganador o ganadora del premio deber\u00e1 comprobar que el p\u00e1rvulo cuenta con el porcentaje de asistencia requerido: Un 90% o m\u00e1s de asistencia desde el 15 marzo al 30 de junio de 2023, justificando los d\u00edas ausentes como se estipula en las bases del concurso.<\/p>\n<\/div><\/section><\/div><div  style='height:50px' class='hr hr-invisible   avia-builder-el-6  el_after_av_one_full  el_before_av_social_share '><span class='hr-inner ' ><span class='hr-inner-style'><\/span><\/span><\/div><\/p>\n<div  class='av-social-sharing-box  avia-builder-el-7  el_after_av_hr  el_before_av_hr  '><div class='av-share-box'><h5 class='av-share-link-description av-no-toc '>Compartir esta noticia<\/h5><ul class='av-share-box-list noLightbox'><li class='av-share-link av-social-link-facebook' ><a target=\"_blank\" aria-label=\"Compartir en Facebook\" href='https:\/\/www.facebook.com\/sharer.php?u=https:\/\/radiorevelacionfm.cl\/?p=32665&#038;t=M%C3%A1s%20de%208.700%20ni%C3%B1as%20y%20ni%C3%B1os%20sue%C3%B1an%20con%20ganar%20viaje%20a%20la%20NASA' aria-hidden='false' data-av_icon='\ue8f3' data-av_iconfont='entypo-fontello' title='' data-avia-related-tooltip='Compartir en Facebook' rel=\"noopener\"><span class='avia_hidden_link_text'>Compartir en Facebook<\/span><\/a><\/li><li class='av-share-link av-social-link-twitter' ><a target=\"_blank\" aria-label=\"Compartir en Twitter\" href='https:\/\/twitter.com\/share?text=M%C3%A1s%20de%208.700%20ni%C3%B1as%20y%20ni%C3%B1os%20sue%C3%B1an%20con%20ganar%20viaje%20a%20la%20NASA&#038;url=https:\/\/radiorevelacionfm.cl\/?p=32665' aria-hidden='false' data-av_icon='\ue8f1' data-av_iconfont='entypo-fontello' title='' data-avia-related-tooltip='Compartir en Twitter' rel=\"noopener\"><span class='avia_hidden_link_text'>Compartir en Twitter<\/span><\/a><\/li><li class='av-share-link av-social-link-whatsapp' ><a target=\"_blank\" aria-label=\"Compartir en Whatsapp\" href='https:\/\/api.whatsapp.com\/send?text=https:\/\/radiorevelacionfm.cl\/?p=32665' aria-hidden='false' data-av_icon='\uf232' data-av_iconfont='entypo-fontello' title='' data-avia-related-tooltip='Compartir en Whatsapp' rel=\"noopener\"><span class='avia_hidden_link_text'>Compartir en Whatsapp<\/span><\/a><\/li><li class='av-share-link av-social-link-linkedin' ><a target=\"_blank\" aria-label=\"Compartir en LinkedIn\" href='https:\/\/linkedin.com\/shareArticle?mini=true&#038;title=M%C3%A1s%20de%208.700%20ni%C3%B1as%20y%20ni%C3%B1os%20sue%C3%B1an%20con%20ganar%20viaje%20a%20la%20NASA&#038;url=https:\/\/radiorevelacionfm.cl\/?p=32665' aria-hidden='false' data-av_icon='\ue8fc' data-av_iconfont='entypo-fontello' title='' data-avia-related-tooltip='Compartir en LinkedIn' rel=\"noopener\"><span class='avia_hidden_link_text'>Compartir en LinkedIn<\/span><\/a><\/li><li class='av-share-link av-social-link-mail' ><a  aria-label=\"Compartir por correo\" href='mailto:?subject=M%C3%A1s%20de%208.700%20ni%C3%B1as%20y%20ni%C3%B1os%20sue%C3%B1an%20con%20ganar%20viaje%20a%20la%20NASA&#038;body=https:\/\/radiorevelacionfm.cl\/?p=32665' aria-hidden='false' data-av_icon='\ue805' data-av_iconfont='entypo-fontello' title='' data-avia-related-tooltip='Compartir por correo'><span class='avia_hidden_link_text'>Compartir por correo<\/span><\/a><\/li><\/ul><\/div><\/div>\n<div  style='height:50px' class='hr hr-invisible   avia-builder-el-8  el_after_av_social_share  el_before_av_comments_list '><span class='hr-inner ' ><span class='hr-inner-style'><\/span><\/span><\/div>\n<div  class='av-buildercomment  av-blog-meta-html-info-disabled av-blog-meta-tag-disabled  '><\/div>\n","protected":false},"excerpt":{"rendered":"","protected":false},"author":1,"featured_media":32666,"comment_status":"open","ping_status":"open","sticky":false,"template":"","format":"standard","meta":{"footnotes":""},"categories":[61],"tags":[],"class_list":["post-32665","post","type-post","status-publish","format-standard","has-post-thumbnail","hentry","category-nacional"],"jetpack_featured_media_url":"https:\/\/radiorevelacionfm.cl\/wp-content\/uploads\/2023\/07\/concurso-cierre-3-a-2_optimized.jpg","_links":{"self":[{"href":"https:\/\/radiorevelacionfm.cl\/index.php?rest_route=\/wp\/v2\/posts\/32665","targetHints":{"allow":["GET"]}}],"collection":[{"href":"https:\/\/radiorevelacionfm.cl\/index.php?rest_route=\/wp\/v2\/posts"}],"about":[{"href":"https:\/\/radiorevelacionfm.cl\/index.php?rest_route=\/wp\/v2\/types\/post"}],"author":[{"embeddable":true,"href":"https:\/\/radiorevelacionfm.cl\/index.php?rest_route=\/wp\/v2\/users\/1"}],"replies":[{"embeddable":true,"href":"https:\/\/radiorevelacionfm.cl\/index.php?rest_route=%2Fwp%2Fv2%2Fcomments&post=32665"}],"version-history":[{"count":1,"href":"https:\/\/radiorevelacionfm.cl\/index.php?rest_route=\/wp\/v2\/posts\/32665\/revisions"}],"predecessor-version":[{"id":32667,"href":"https:\/\/radiorevelacionfm.cl\/index.php?rest_route=\/wp\/v2\/posts\/32665\/revisions\/32667"}],"wp:featuredmedia":[{"embeddable":true,"href":"https:\/\/radiorevelacionfm.cl\/index.php?rest_route=\/wp\/v2\/media\/32666"}],"wp:attachment":[{"href":"https:\/\/radiorevelacionfm.cl\/index.php?rest_route=%2Fwp%2Fv2%2Fmedia&parent=32665"}],"wp:term":[{"taxonomy":"category","embeddable":true,"href":"https:\/\/radiorevelacionfm.cl\/index.php?rest_route=%2Fwp%2Fv2%2Fcategories&post=32665"},{"taxonomy":"post_tag","embeddable":true,"href":"https:\/\/radiorevelacionfm.cl\/index.php?rest_route=%2Fwp%2Fv2%2Ftags&post=32665"}],"curies":[{"name":"wp","href":"https:\/\/api.w.org\/{rel}","templated":true}]}}