{"id":32662,"date":"2023-07-05T20:14:07","date_gmt":"2023-07-05T23:14:07","guid":{"rendered":"https:\/\/radiorevelacionfm.cl\/?p=32662"},"modified":"2023-07-05T20:36:47","modified_gmt":"2023-07-05T23:36:47","slug":"abogado-de-pescadores-artesanales-de-aysen-esperamos-una-sentencia-que-haga-justicia-a-los-anos-de-trabajo-y-lucha-de-la-gente-del-mar","status":"publish","type":"post","link":"https:\/\/radiorevelacionfm.cl\/?p=32662","title":{"rendered":"Abogado de pescadores artesanales de Ays\u00e9n: \u201cEsperamos una sentencia que haga justicia a los a\u00f1os de trabajo y lucha de la gente del mar\u201d"},"content":{"rendered":"<div class=\"flex_column av_one_full  flex_column_div av-zero-column-padding first  avia-builder-el-0  el_before_av_one_full  avia-builder-el-first  \" style='border-radius:0px; '><div  class='avia-image-container  av-styling-    avia-builder-el-1  avia-builder-el-no-sibling  avia-align-center '  itemprop=\"image\" itemscope=\"itemscope\" itemtype=\"https:\/\/schema.org\/ImageObject\"  ><div class='avia-image-container-inner'><div class='avia-image-overlay-wrap'><img decoding=\"async\" class='wp-image-32668 avia-img-lazy-loading-not-32668 avia_image' src=\"https:\/\/radiorevelacionfm.cl\/wp-content\/uploads\/2023\/07\/pescadores-14-2_optimized-2.jpg\" alt='' title='pescadores-14-2_optimized-2' height=\"600\" width=\"901\"  itemprop=\"thumbnailUrl\" srcset=\"https:\/\/radiorevelacionfm.cl\/wp-content\/uploads\/2023\/07\/pescadores-14-2_optimized-2.jpg 901w, https:\/\/radiorevelacionfm.cl\/wp-content\/uploads\/2023\/07\/pescadores-14-2_optimized-2-300x200.jpg 300w, https:\/\/radiorevelacionfm.cl\/wp-content\/uploads\/2023\/07\/pescadores-14-2_optimized-2-768x511.jpg 768w, https:\/\/radiorevelacionfm.cl\/wp-content\/uploads\/2023\/07\/pescadores-14-2_optimized-2-705x469.jpg 705w, https:\/\/radiorevelacionfm.cl\/wp-content\/uploads\/2023\/07\/pescadores-14-2_optimized-2-450x300.jpg 450w, https:\/\/radiorevelacionfm.cl\/wp-content\/uploads\/2023\/07\/pescadores-14-2_optimized-2-600x400.jpg 600w\" sizes=\"(max-width: 901px) 100vw, 901px\" \/><\/div><\/div><\/div><\/div><div class=\"flex_column av_one_full  flex_column_div av-zero-column-padding first  avia-builder-el-2  el_after_av_one_full  el_before_av_one_full  column-top-margin\" style='border-radius:0px; '><section class=\"av_textblock_section \"  itemscope=\"itemscope\" itemtype=\"https:\/\/schema.org\/BlogPosting\" itemprop=\"blogPost\" ><div class='avia_textblock  '   itemprop=\"text\" ><p style=\"text-align: center;\"><span style=\"font-size: 18pt;\"><strong>Abogado de pescadores artesanales de Ays\u00e9n: \u201cEsperamos una sentencia que haga justicia a los a\u00f1os de trabajo y lucha de la gente del mar\u201d<\/strong><\/span><\/p>\n<div id=\"gtx-trans\" style=\"position: absolute; left: -50px; top: 4.31534px;\">\n<div class=\"gtx-trans-icon\"><\/div>\n<\/div>\n<\/div><\/section><\/div><\/p>\n<div class=\"flex_column av_one_full  flex_column_div av-zero-column-padding first  avia-builder-el-4  el_after_av_one_full  el_before_av_hr  column-top-margin\" style='border-radius:0px; '><section class=\"av_textblock_section \"  itemscope=\"itemscope\" itemtype=\"https:\/\/schema.org\/BlogPosting\" itemprop=\"blogPost\" ><div class='avia_textblock  '   itemprop=\"text\" ><p style=\"text-align: justify;\">La Corte de Apelaciones de Coyhaique acogi\u00f3 a tr\u00e1mite el recurso de protecci\u00f3n presentado por el representante de los pescadores artesanales de Ays\u00e9n, y abogado de la Direcci\u00f3n de Seguridad P\u00fablica de la Municipalidad de Ays\u00e9n, Claudio Henr\u00edquez, y resolvi\u00f3 a favor de la orden de no innovar. Esta decisi\u00f3n ha sido valorada positivamente por los pescadores de la regi\u00f3n, quienes esperan que se haga justicia despu\u00e9s de a\u00f1os de trabajo y lucha en el mar.<\/p>\n<p style=\"text-align: justify;\">El recurso de protecci\u00f3n y la solicitud de no innovar fueron presentados por el abogado de la Direcci\u00f3n de Seguridad P\u00fablica y Convivencia de la Municipalidad de Ays\u00e9n, por instrucci\u00f3n del alcalde Julio Uribe Alvarado, con el objetivo de suspender la autorizaci\u00f3n otorgada a los pescadores artesanales de la Regi\u00f3n de los Lagos para extraer recursos en el \u00e1rea mar\u00edtima de Ays\u00e9n. El Tribunal de Alzada admiti\u00f3 a tr\u00e1mite esta acci\u00f3n, lo que impidi\u00f3 el ingreso de la flota de la Regi\u00f3n de Los Lagos a las aguas de Ays\u00e9n.<\/p>\n<p style=\"text-align: justify;\">Claudio Henr\u00edquez, representante de los trabajadores, explic\u00f3: \u00abNuestra acci\u00f3n busca restablecer el derecho de los pescadores artesanales de la comuna de Ays\u00e9n, quienes argumentan que no fueron considerados en el proceso de consulta de la zona contigua. Solicitamos una orden de no innovar para evitar que la resoluci\u00f3n de la Subsecretar\u00eda de Pesca produzca efectos y para impedir la llegada de la flota de la Regi\u00f3n de Los Lagos a las aguas de Ays\u00e9n\u00bb.<\/p>\n<p style=\"text-align: justify;\">Es importante mencionar que la Subsecretar\u00eda de Pesca y Acuicultura emiti\u00f3 una resoluci\u00f3n que permit\u00eda a los pescadores artesanales de la Regi\u00f3n de los Lagos extraer recursos en la zona mar\u00edtima de Ays\u00e9n. El abogado destac\u00f3: \u00abValoramos el criterio de la Corte al escuchar nuestros argumentos. Nos hemos reunido con los pescadores de nuestra comuna junto al se\u00f1or Alcalde, y todos est\u00e1n muy satisfechos y esperan obtener una sentencia que haga justicia a los a\u00f1os de trabajo y lucha de la gente de mar\u00bb.<\/p>\n<p style=\"text-align: justify;\">Finalmente, Claudio Henr\u00edquez expres\u00f3 su esperanza de que el trabajo realizado junto a su director, Marco Co\u00f1uecar, d\u00e9 los resultados esperados. Este proceso signific\u00f3 recorrer todo el territorio y recopilar informaci\u00f3n de primera mano. Adem\u00e1s, aprovech\u00f3 de agradecer la participaci\u00f3n de los dirigentes de la pesca.<\/p>\n<\/div><\/section><\/div>\n<div  style='height:50px' class='hr hr-invisible   avia-builder-el-6  el_after_av_one_full  el_before_av_social_share '><span class='hr-inner ' ><span class='hr-inner-style'><\/span><\/span><\/div>\n<div  class='av-social-sharing-box  avia-builder-el-7  el_after_av_hr  el_before_av_hr  '><div class='av-share-box'><h5 class='av-share-link-description av-no-toc '>Compartir esta noticia<\/h5><ul class='av-share-box-list noLightbox'><li class='av-share-link av-social-link-facebook' ><a target=\"_blank\" aria-label=\"Compartir en Facebook\" href='https:\/\/www.facebook.com\/sharer.php?u=https:\/\/radiorevelacionfm.cl\/?p=32662&#038;t=Abogado%20de%20pescadores%20artesanales%20de%20Ays%C3%A9n%3A%20%E2%80%9CEsperamos%20una%20sentencia%20que%20haga%20justicia%20a%20los%20a%C3%B1os%20de%20trabajo%20y%20lucha%20de%20la%20gente%20del%20mar%E2%80%9D' aria-hidden='false' data-av_icon='\ue8f3' data-av_iconfont='entypo-fontello' title='' data-avia-related-tooltip='Compartir en Facebook' rel=\"noopener\"><span class='avia_hidden_link_text'>Compartir en Facebook<\/span><\/a><\/li><li class='av-share-link av-social-link-twitter' ><a target=\"_blank\" aria-label=\"Compartir en Twitter\" href='https:\/\/twitter.com\/share?text=Abogado%20de%20pescadores%20artesanales%20de%20Ays%C3%A9n%3A%20%E2%80%9CEsperamos%20una%20sentencia%20que%20haga%20justicia%20a%20los%20a%C3%B1os%20de%20trabajo%20y%20lucha%20de%20la%20gente%20del%20mar%E2%80%9D&#038;url=https:\/\/radiorevelacionfm.cl\/?p=32662' aria-hidden='false' data-av_icon='\ue8f1' data-av_iconfont='entypo-fontello' title='' data-avia-related-tooltip='Compartir en Twitter' rel=\"noopener\"><span class='avia_hidden_link_text'>Compartir en Twitter<\/span><\/a><\/li><li class='av-share-link av-social-link-whatsapp' ><a target=\"_blank\" aria-label=\"Compartir en Whatsapp\" href='https:\/\/api.whatsapp.com\/send?text=https:\/\/radiorevelacionfm.cl\/?p=32662' aria-hidden='false' data-av_icon='\uf232' data-av_iconfont='entypo-fontello' title='' data-avia-related-tooltip='Compartir en Whatsapp' rel=\"noopener\"><span class='avia_hidden_link_text'>Compartir en Whatsapp<\/span><\/a><\/li><li class='av-share-link av-social-link-linkedin' ><a target=\"_blank\" aria-label=\"Compartir en LinkedIn\" href='https:\/\/linkedin.com\/shareArticle?mini=true&#038;title=Abogado%20de%20pescadores%20artesanales%20de%20Ays%C3%A9n%3A%20%E2%80%9CEsperamos%20una%20sentencia%20que%20haga%20justicia%20a%20los%20a%C3%B1os%20de%20trabajo%20y%20lucha%20de%20la%20gente%20del%20mar%E2%80%9D&#038;url=https:\/\/radiorevelacionfm.cl\/?p=32662' aria-hidden='false' data-av_icon='\ue8fc' data-av_iconfont='entypo-fontello' title='' data-avia-related-tooltip='Compartir en LinkedIn' rel=\"noopener\"><span class='avia_hidden_link_text'>Compartir en LinkedIn<\/span><\/a><\/li><li class='av-share-link av-social-link-mail' ><a  aria-label=\"Compartir por correo\" href='mailto:?subject=Abogado%20de%20pescadores%20artesanales%20de%20Ays%C3%A9n%3A%20%E2%80%9CEsperamos%20una%20sentencia%20que%20haga%20justicia%20a%20los%20a%C3%B1os%20de%20trabajo%20y%20lucha%20de%20la%20gente%20del%20mar%E2%80%9D&#038;body=https:\/\/radiorevelacionfm.cl\/?p=32662' aria-hidden='false' data-av_icon='\ue805' data-av_iconfont='entypo-fontello' title='' data-avia-related-tooltip='Compartir por correo'><span class='avia_hidden_link_text'>Compartir por correo<\/span><\/a><\/li><\/ul><\/div><\/div>\n<div  style='height:50px' class='hr hr-invisible   avia-builder-el-8  el_after_av_social_share  el_before_av_comments_list '><span class='hr-inner ' ><span class='hr-inner-style'><\/span><\/span><\/div>\n<div  class='av-buildercomment  av-blog-meta-html-info-disabled av-blog-meta-tag-disabled  '><\/div>\n","protected":false},"excerpt":{"rendered":"","protected":false},"author":1,"featured_media":32668,"comment_status":"open","ping_status":"open","sticky":false,"template":"","format":"standard","meta":{"footnotes":""},"categories":[60],"tags":[],"class_list":["post-32662","post","type-post","status-publish","format-standard","has-post-thumbnail","hentry","category-pesca"],"jetpack_featured_media_url":"https:\/\/radiorevelacionfm.cl\/wp-content\/uploads\/2023\/07\/pescadores-14-2_optimized-2.jpg","_links":{"self":[{"href":"https:\/\/radiorevelacionfm.cl\/index.php?rest_route=\/wp\/v2\/posts\/32662","targetHints":{"allow":["GET"]}}],"collection":[{"href":"https:\/\/radiorevelacionfm.cl\/index.php?rest_route=\/wp\/v2\/posts"}],"about":[{"href":"https:\/\/radiorevelacionfm.cl\/index.php?rest_route=\/wp\/v2\/types\/post"}],"author":[{"embeddable":true,"href":"https:\/\/radiorevelacionfm.cl\/index.php?rest_route=\/wp\/v2\/users\/1"}],"replies":[{"embeddable":true,"href":"https:\/\/radiorevelacionfm.cl\/index.php?rest_route=%2Fwp%2Fv2%2Fcomments&post=32662"}],"version-history":[{"count":2,"href":"https:\/\/radiorevelacionfm.cl\/index.php?rest_route=\/wp\/v2\/posts\/32662\/revisions"}],"predecessor-version":[{"id":32669,"href":"https:\/\/radiorevelacionfm.cl\/index.php?rest_route=\/wp\/v2\/posts\/32662\/revisions\/32669"}],"wp:featuredmedia":[{"embeddable":true,"href":"https:\/\/radiorevelacionfm.cl\/index.php?rest_route=\/wp\/v2\/media\/32668"}],"wp:attachment":[{"href":"https:\/\/radiorevelacionfm.cl\/index.php?rest_route=%2Fwp%2Fv2%2Fmedia&parent=32662"}],"wp:term":[{"taxonomy":"category","embeddable":true,"href":"https:\/\/radiorevelacionfm.cl\/index.php?rest_route=%2Fwp%2Fv2%2Fcategories&post=32662"},{"taxonomy":"post_tag","embeddable":true,"href":"https:\/\/radiorevelacionfm.cl\/index.php?rest_route=%2Fwp%2Fv2%2Ftags&post=32662"}],"curies":[{"name":"wp","href":"https:\/\/api.w.org\/{rel}","templated":true}]}}