{"id":32659,"date":"2023-07-05T19:26:13","date_gmt":"2023-07-05T22:26:13","guid":{"rendered":"https:\/\/radiorevelacionfm.cl\/?p=32659"},"modified":"2023-07-05T19:26:13","modified_gmt":"2023-07-05T22:26:13","slug":"invitan-a-prestadores-de-servicios-turisticos-de-la-comuna-de-aysen-a-formar-parte-de-la-ruta-del-agua","status":"publish","type":"post","link":"https:\/\/radiorevelacionfm.cl\/?p=32659","title":{"rendered":"Invitan a prestadores de servicios tur\u00edsticos de la comuna de Ays\u00e9n a formar parte de la Ruta del Agua"},"content":{"rendered":"<div class=\"flex_column av_one_full  flex_column_div av-zero-column-padding first  avia-builder-el-0  el_before_av_one_full  avia-builder-el-first  \" style='border-radius:0px; '><div  class='avia-image-container  av-styling-    avia-builder-el-1  avia-builder-el-no-sibling  avia-align-center '  itemprop=\"image\" itemscope=\"itemscope\" itemtype=\"https:\/\/schema.org\/ImageObject\"  ><div class='avia-image-container-inner'><div class='avia-image-overlay-wrap'><img decoding=\"async\" class='wp-image-32660 avia-img-lazy-loading-not-32660 avia_image' src=\"https:\/\/radiorevelacionfm.cl\/wp-content\/uploads\/2023\/07\/puerto-aysen-01-2-2.jpg\" alt='' title='puerto-aysen 01-2-2' height=\"600\" width=\"1102\"  itemprop=\"thumbnailUrl\" srcset=\"https:\/\/radiorevelacionfm.cl\/wp-content\/uploads\/2023\/07\/puerto-aysen-01-2-2.jpg 1102w, https:\/\/radiorevelacionfm.cl\/wp-content\/uploads\/2023\/07\/puerto-aysen-01-2-2-300x163.jpg 300w, https:\/\/radiorevelacionfm.cl\/wp-content\/uploads\/2023\/07\/puerto-aysen-01-2-2-1030x561.jpg 1030w, https:\/\/radiorevelacionfm.cl\/wp-content\/uploads\/2023\/07\/puerto-aysen-01-2-2-768x418.jpg 768w, https:\/\/radiorevelacionfm.cl\/wp-content\/uploads\/2023\/07\/puerto-aysen-01-2-2-705x384.jpg 705w, https:\/\/radiorevelacionfm.cl\/wp-content\/uploads\/2023\/07\/puerto-aysen-01-2-2-450x245.jpg 450w, https:\/\/radiorevelacionfm.cl\/wp-content\/uploads\/2023\/07\/puerto-aysen-01-2-2-600x327.jpg 600w\" sizes=\"(max-width: 1102px) 100vw, 1102px\" \/><\/div><\/div><\/div><\/div><div class=\"flex_column av_one_full  flex_column_div av-zero-column-padding first  avia-builder-el-2  el_after_av_one_full  el_before_av_one_full  column-top-margin\" style='border-radius:0px; '><section class=\"av_textblock_section \"  itemscope=\"itemscope\" itemtype=\"https:\/\/schema.org\/BlogPosting\" itemprop=\"blogPost\" ><div class='avia_textblock  '   itemprop=\"text\" ><p style=\"text-align: center;\"><span style=\"font-size: 18pt;\"><strong>Invitan a prestadores de servicios tur\u00edsticos de la comuna de Ays\u00e9n a formar parte de la Ruta del Agua<\/strong><\/span><\/p>\n<div id=\"gtx-trans\" style=\"position: absolute; left: -50px; top: 4.31534px;\">\n<div class=\"gtx-trans-icon\"><\/div>\n<\/div>\n<\/div><\/section><\/div><div class=\"flex_column av_one_full  flex_column_div av-zero-column-padding first  avia-builder-el-4  el_after_av_one_full  el_before_av_hr  column-top-margin\" style='border-radius:0px; '><section class=\"av_textblock_section \"  itemscope=\"itemscope\" itemtype=\"https:\/\/schema.org\/BlogPosting\" itemprop=\"blogPost\" ><div class='avia_textblock  '   itemprop=\"text\" ><p style=\"text-align: justify;\"><em>Este trabajo se enmarca en una de las acciones de la Hoja de Ruta del programa que busca incorporar tecnolog\u00edas e implementar plataformas digitales para la conexi\u00f3n inteligente del turista.<\/em><\/p>\n<p style=\"text-align: justify;\">Con el objetivo de implementar una plataforma digital sobre la Ruta del Agua de la comuna de Ays\u00e9n, el Programa Estrat\u00e9gico Regional PER Turismo de Naturaleza y Aventura de Corfo, est\u00e1 realizando un levantamiento y actualizaci\u00f3n de la informaci\u00f3n de los prestadores tur\u00edsticos de dicha comuna, que se vinculan con la ruta y, en general, de los servicios complementarios que se ofrecen.<\/p>\n<p style=\"text-align: justify;\">As\u00ed lo inform\u00f3 Humberto Mar\u00edn Leiva, director de Corfo Ays\u00e9n, quien explic\u00f3 que \u201cen los \u00faltimos a\u00f1os, la comuna de Ays\u00e9n ha comenzado a mostrar caracter\u00edsticas que la posicionan como una ciudad interesante a la hora de ofrecer propuestas tur\u00edsticas atractivas y amigables. En este contexto, la Ruta del Agua visibiliza sus r\u00edos, lagos y cascadas, invitando a descubrir este rinc\u00f3n de la Patagonia que busca transformarse en la capital del litoral y centro de esta ruta\u201d.<\/p>\n<p style=\"text-align: justify;\">El director detall\u00f3 que \u201cgracias al trabajo p\u00fablico-privado, con la Municipalidad y C\u00e1mara de Turismo de Puerto Ays\u00e9n, queremos invitar a todas las personas que prestan servicios tur\u00edsticos repartidos en toda la comuna de Ays\u00e9n, a completar la ficha de registro y sumarse a esta plataforma web donde se visualizar\u00e1n las rutas asociadas a la \u201cRuta del Agua\u201d, siendo tambi\u00e9n una vitrina para los prestadores de turismo de toda la comuna. El objetivo es implementar este sitio con toda la oferta tur\u00edstica de la comuna, incluyendo las rutas y recorridos emblem\u00e1ticos, que permita a los visitantes locales, regionales y posteriormente nacionales e internacionales, conocer y visitar las localidades de la Comuna de Ays\u00e9n, fomentando el encadenamiento productivo, poniendo en valor los atractivos tur\u00edsticos y permitiendo la diversificaci\u00f3n de la oferta tur\u00edstica actual\u201d.<\/p>\n<p style=\"text-align: justify;\"><strong>PROGRAMA ESTRAT\u00c9GICO<\/strong><\/p>\n<p style=\"text-align: justify;\">Desde los inicios del programa PER Turismo, su trabajo se ha centrado articular y promover la alianza p\u00fablico-privada, construyendo de manera colectiva una hoja de ruta o planificaci\u00f3n con el prop\u00f3sito de avanzar de manera coordinada, abordando las brechas productivas detectadas en este sector. Durante este trabajo de dise\u00f1o conjunto se defini\u00f3 que uno de los ejes estrat\u00e9gicos del programa es posicionar a la regi\u00f3n como destino Tur\u00edstico Inteligente y Sustentable, que conoce, inspira y conecta con el turista.<\/p>\n<p style=\"text-align: justify;\">Al respecto, Rolf Traeger, gerente del PER Turismo, indic\u00f3 que este trabajo se enmarca en una de las acciones de la Hoja de Ruta del programa que busca incorporar tecnolog\u00edas e implementar plataformas digitales para la conexi\u00f3n inteligente del turista. \u201cEl proyecto de la Ruta del Agua nace el a\u00f1o 2019, es un proyecto colaborativo, que pretende mostrar los atributos y las ventajas que tiene hoy en d\u00eda la comuna de Ays\u00e9n en torno al agua. Lo que estamos haciendo como PER Turismo de Corfo y el Gobierno Regional de Ays\u00e9n, es apoyar a la C\u00e1mara de Turismo y al Municipio de Ays\u00e9n para generar una plataforma web que albergue esta ruta digital y toda la oferta tur\u00edstica de la comuna en torno a la Ruta del Agua, mostrando su atractivo, sus actividades y algunas im\u00e1genes y v\u00eddeos promocionales de las acciones y actividades que se pueden desarrollar en torno a esta ruta\u201d, se\u00f1al\u00f3.<\/p>\n<p style=\"text-align: justify;\">Otro de los objetivos es crear una versi\u00f3n descargable del catastro de prestadores resumiendo la informaci\u00f3n de la p\u00e1gina web, con los principales mapas, rutas y servicios enfocada en los visitantes que ingresen a la regi\u00f3n.<\/p>\n<p style=\"text-align: justify;\">Si quieres ser parte de la Ruta del Agua, completa la ficha de registro en el siguiente enlace <a href=\"https:\/\/tinyurl.com\/2ohcsz7w\" data-saferedirecturl=\"https:\/\/www.google.com\/url?q=https:\/\/tinyurl.com\/2ohcsz7w&amp;source=gmail&amp;ust=1688680512027000&amp;usg=AOvVaw3VVPKIgmgdKDHLQW7-xthm\">https:\/\/tinyurl.com\/2ohcsz7w<\/a><\/p>\n<\/div><\/section><\/div><div  style='height:50px' class='hr hr-invisible   avia-builder-el-6  el_after_av_one_full  el_before_av_social_share '><span class='hr-inner ' ><span class='hr-inner-style'><\/span><\/span><\/div><\/p>\n<div  class='av-social-sharing-box  avia-builder-el-7  el_after_av_hr  el_before_av_hr  '><div class='av-share-box'><h5 class='av-share-link-description av-no-toc '>Compartir esta noticia<\/h5><ul class='av-share-box-list noLightbox'><li class='av-share-link av-social-link-facebook' ><a target=\"_blank\" aria-label=\"Compartir en Facebook\" href='https:\/\/www.facebook.com\/sharer.php?u=https:\/\/radiorevelacionfm.cl\/?p=32659&#038;t=Invitan%20a%20prestadores%20de%20servicios%20tur%C3%ADsticos%20de%20la%20comuna%20de%20Ays%C3%A9n%20a%20formar%20parte%20de%20la%20Ruta%20del%20Agua' aria-hidden='false' data-av_icon='\ue8f3' data-av_iconfont='entypo-fontello' title='' data-avia-related-tooltip='Compartir en Facebook' rel=\"noopener\"><span class='avia_hidden_link_text'>Compartir en Facebook<\/span><\/a><\/li><li class='av-share-link av-social-link-twitter' ><a target=\"_blank\" aria-label=\"Compartir en Twitter\" href='https:\/\/twitter.com\/share?text=Invitan%20a%20prestadores%20de%20servicios%20tur%C3%ADsticos%20de%20la%20comuna%20de%20Ays%C3%A9n%20a%20formar%20parte%20de%20la%20Ruta%20del%20Agua&#038;url=https:\/\/radiorevelacionfm.cl\/?p=32659' aria-hidden='false' data-av_icon='\ue8f1' data-av_iconfont='entypo-fontello' title='' data-avia-related-tooltip='Compartir en Twitter' rel=\"noopener\"><span class='avia_hidden_link_text'>Compartir en Twitter<\/span><\/a><\/li><li class='av-share-link av-social-link-whatsapp' ><a target=\"_blank\" aria-label=\"Compartir en Whatsapp\" href='https:\/\/api.whatsapp.com\/send?text=https:\/\/radiorevelacionfm.cl\/?p=32659' aria-hidden='false' data-av_icon='\uf232' data-av_iconfont='entypo-fontello' title='' data-avia-related-tooltip='Compartir en Whatsapp' rel=\"noopener\"><span class='avia_hidden_link_text'>Compartir en Whatsapp<\/span><\/a><\/li><li class='av-share-link av-social-link-linkedin' ><a target=\"_blank\" aria-label=\"Compartir en LinkedIn\" href='https:\/\/linkedin.com\/shareArticle?mini=true&#038;title=Invitan%20a%20prestadores%20de%20servicios%20tur%C3%ADsticos%20de%20la%20comuna%20de%20Ays%C3%A9n%20a%20formar%20parte%20de%20la%20Ruta%20del%20Agua&#038;url=https:\/\/radiorevelacionfm.cl\/?p=32659' aria-hidden='false' data-av_icon='\ue8fc' data-av_iconfont='entypo-fontello' title='' data-avia-related-tooltip='Compartir en LinkedIn' rel=\"noopener\"><span class='avia_hidden_link_text'>Compartir en LinkedIn<\/span><\/a><\/li><li class='av-share-link av-social-link-mail' ><a  aria-label=\"Compartir por correo\" href='mailto:?subject=Invitan%20a%20prestadores%20de%20servicios%20tur%C3%ADsticos%20de%20la%20comuna%20de%20Ays%C3%A9n%20a%20formar%20parte%20de%20la%20Ruta%20del%20Agua&#038;body=https:\/\/radiorevelacionfm.cl\/?p=32659' aria-hidden='false' data-av_icon='\ue805' data-av_iconfont='entypo-fontello' title='' data-avia-related-tooltip='Compartir por correo'><span class='avia_hidden_link_text'>Compartir por correo<\/span><\/a><\/li><\/ul><\/div><\/div>\n<div  style='height:50px' class='hr hr-invisible   avia-builder-el-8  el_after_av_social_share  el_before_av_comments_list '><span class='hr-inner ' ><span class='hr-inner-style'><\/span><\/span><\/div>\n<div  class='av-buildercomment  av-blog-meta-html-info-disabled av-blog-meta-tag-disabled  '><\/div>\n","protected":false},"excerpt":{"rendered":"","protected":false},"author":1,"featured_media":32660,"comment_status":"open","ping_status":"open","sticky":false,"template":"","format":"standard","meta":{"footnotes":""},"categories":[54],"tags":[],"class_list":["post-32659","post","type-post","status-publish","format-standard","has-post-thumbnail","hentry","category-turismo"],"jetpack_featured_media_url":"https:\/\/radiorevelacionfm.cl\/wp-content\/uploads\/2023\/07\/puerto-aysen-01-2-2.jpg","_links":{"self":[{"href":"https:\/\/radiorevelacionfm.cl\/index.php?rest_route=\/wp\/v2\/posts\/32659","targetHints":{"allow":["GET"]}}],"collection":[{"href":"https:\/\/radiorevelacionfm.cl\/index.php?rest_route=\/wp\/v2\/posts"}],"about":[{"href":"https:\/\/radiorevelacionfm.cl\/index.php?rest_route=\/wp\/v2\/types\/post"}],"author":[{"embeddable":true,"href":"https:\/\/radiorevelacionfm.cl\/index.php?rest_route=\/wp\/v2\/users\/1"}],"replies":[{"embeddable":true,"href":"https:\/\/radiorevelacionfm.cl\/index.php?rest_route=%2Fwp%2Fv2%2Fcomments&post=32659"}],"version-history":[{"count":1,"href":"https:\/\/radiorevelacionfm.cl\/index.php?rest_route=\/wp\/v2\/posts\/32659\/revisions"}],"predecessor-version":[{"id":32661,"href":"https:\/\/radiorevelacionfm.cl\/index.php?rest_route=\/wp\/v2\/posts\/32659\/revisions\/32661"}],"wp:featuredmedia":[{"embeddable":true,"href":"https:\/\/radiorevelacionfm.cl\/index.php?rest_route=\/wp\/v2\/media\/32660"}],"wp:attachment":[{"href":"https:\/\/radiorevelacionfm.cl\/index.php?rest_route=%2Fwp%2Fv2%2Fmedia&parent=32659"}],"wp:term":[{"taxonomy":"category","embeddable":true,"href":"https:\/\/radiorevelacionfm.cl\/index.php?rest_route=%2Fwp%2Fv2%2Fcategories&post=32659"},{"taxonomy":"post_tag","embeddable":true,"href":"https:\/\/radiorevelacionfm.cl\/index.php?rest_route=%2Fwp%2Fv2%2Ftags&post=32659"}],"curies":[{"name":"wp","href":"https:\/\/api.w.org\/{rel}","templated":true}]}}