{"id":32656,"date":"2023-07-05T09:41:30","date_gmt":"2023-07-05T12:41:30","guid":{"rendered":"https:\/\/radiorevelacionfm.cl\/?p=32656"},"modified":"2023-07-05T09:41:30","modified_gmt":"2023-07-05T12:41:30","slug":"empresa-salmonera-es-condenada-a-pagar-multa-millonaria-y-a-suspender-ciclo-productivo-en-aysen","status":"publish","type":"post","link":"https:\/\/radiorevelacionfm.cl\/?p=32656","title":{"rendered":"Empresa salmonera es condenada a pagar multa millonaria y a suspender ciclo productivo en Ays\u00e9n"},"content":{"rendered":"<div class=\"flex_column av_one_full  flex_column_div av-zero-column-padding first  avia-builder-el-0  el_before_av_one_full  avia-builder-el-first  \" style='border-radius:0px; '><div  class='avia-image-container  av-styling-    avia-builder-el-1  avia-builder-el-no-sibling  avia-align-center '  itemprop=\"image\" itemscope=\"itemscope\" itemtype=\"https:\/\/schema.org\/ImageObject\"  ><div class='avia-image-container-inner'><div class='avia-image-overlay-wrap'><img decoding=\"async\" class='wp-image-32657 avia-img-lazy-loading-not-32657 avia_image' src=\"https:\/\/radiorevelacionfm.cl\/wp-content\/uploads\/2023\/07\/Foto-de-referencia-2-2.jpg\" alt='' title='Foto de referencia-2-2' height=\"600\" width=\"901\"  itemprop=\"thumbnailUrl\" srcset=\"https:\/\/radiorevelacionfm.cl\/wp-content\/uploads\/2023\/07\/Foto-de-referencia-2-2.jpg 901w, https:\/\/radiorevelacionfm.cl\/wp-content\/uploads\/2023\/07\/Foto-de-referencia-2-2-300x200.jpg 300w, https:\/\/radiorevelacionfm.cl\/wp-content\/uploads\/2023\/07\/Foto-de-referencia-2-2-768x511.jpg 768w, https:\/\/radiorevelacionfm.cl\/wp-content\/uploads\/2023\/07\/Foto-de-referencia-2-2-705x469.jpg 705w, https:\/\/radiorevelacionfm.cl\/wp-content\/uploads\/2023\/07\/Foto-de-referencia-2-2-450x300.jpg 450w, https:\/\/radiorevelacionfm.cl\/wp-content\/uploads\/2023\/07\/Foto-de-referencia-2-2-600x400.jpg 600w\" sizes=\"(max-width: 901px) 100vw, 901px\" \/><\/div><\/div><\/div><\/div><div class=\"flex_column av_one_full  flex_column_div av-zero-column-padding first  avia-builder-el-2  el_after_av_one_full  el_before_av_one_full  column-top-margin\" style='border-radius:0px; '><section class=\"av_textblock_section \"  itemscope=\"itemscope\" itemtype=\"https:\/\/schema.org\/BlogPosting\" itemprop=\"blogPost\" ><div class='avia_textblock  '   itemprop=\"text\" ><p style=\"text-align: center;\"><span style=\"font-size: 18pt;\"><b>Empresa salmonera es condenada a pagar multa millonaria y a suspender ciclo productivo en Ays\u00e9n<\/b><\/span><\/p>\n<div id=\"gtx-trans\" style=\"position: absolute; left: -50px; top: 4.31534px;\">\n<div class=\"gtx-trans-icon\"><\/div>\n<\/div>\n<\/div><\/section><\/div><div class=\"flex_column av_one_full  flex_column_div av-zero-column-padding first  avia-builder-el-4  el_after_av_one_full  el_before_av_hr  column-top-margin\" style='border-radius:0px; '><section class=\"av_textblock_section \"  itemscope=\"itemscope\" itemtype=\"https:\/\/schema.org\/BlogPosting\" itemprop=\"blogPost\" ><div class='avia_textblock  '   itemprop=\"text\" ><p style=\"text-align: justify;\">El Juzgado de Letras de Puerto Ays\u00e9n conden\u00f3 a la empresa Salmones Blumar S.A. al pago de una multa de 500 UTM y a la suspensi\u00f3n de las operaciones durante un ciclo productivo en el centro de cultivo c\u00f3digo 110682, conocido como \u201cDring 2\u201d.<\/p>\n<p style=\"text-align: justify;\">Gracias al an\u00e1lisis y la verificaci\u00f3n documental llevada a cabo por funcionarios y funcionarias de la regi\u00f3n de Ays\u00e9n del Servicio Nacional de Pesca y Acuicultura (SERNAPESCA), se evidenci\u00f3 que la informaci\u00f3n reportada por la empresa no coincid\u00eda con lo fiscalizado, presumiendo que la empresa estaba incurriendo en entrega de informaci\u00f3n no fidedigna al ente fiscalizador.<\/p>\n<p style=\"text-align: justify;\">De acuerdo a la informaci\u00f3n proporcionada a SERNAPESCA y entregada mediante declaraci\u00f3n jurada a la Subsecretar\u00eda de Pesca y Acuicultura, el centro en cuesti\u00f3n emiti\u00f3 Certificados de Autorizaci\u00f3n de Movimiento y etiquetas de cosecha, declarando la salida de 4.561 toneladas de salm\u00f3n del atl\u00e1ntico destinadas a 3 plantas de proceso y 3 centros de acopio.<\/p>\n<p style=\"text-align: justify;\">Seg\u00fan estos datos, se concluye que el centro de cultivo Dring 2 de Salmones Blumar S.A. excedi\u00f3 en 657 toneladas lo autorizado por la Resoluci\u00f3n de Calificaci\u00f3n Ambiental N\u00b0 702\/2009. Adem\u00e1s, se constat\u00f3 que la empresa proporcion\u00f3 informaci\u00f3n no fidedigna y fuera de plazo al ente fiscalizador, al declarar haber sembrado 9.067 peces menos de lo registrado al inicio del ciclo en 2015.\u00a0 Asimismo, se comprob\u00f3 que la empresa sobrepas\u00f3 el l\u00edmite de peces autorizados a sembrar en 7 de las 24 estructuras del centro Dring 2, seg\u00fan lo establecido en la Resoluci\u00f3n Exenta N\u00b0 3438, del 18 de diciembre de 2014, de la Subsecretar\u00eda de Pesca y Acuicultura.<\/p>\n<p style=\"text-align: justify;\">Soledad Tapia, Directora Nacional de SERNAPESCA se\u00f1al\u00f3 que \u201cnuestros equipos fiscalizadores han detectado estos relevantes incumplimientos, donde la entrega de informaci\u00f3n no fidedigna al ente fiscalizador es una falta grave, por lo que estamos muy conformes con este fallo en primera instancia. Esperamos que sea ejemplificador y de esta forma no quede duda alguna de la importancia y la responsabilidad con el que debe actuar el sector acu\u00edcola realizando su actividad dentro del marco normativo y en pro de la sustentabilidad\u201d.<\/p>\n<p style=\"text-align: justify;\">En tanto el Director regional (s) de Sernapesca Ays\u00e9n, Juan Carlos Orellana, indic\u00f3 que esto es fruto del trabajo coordinado e integral del servicio. \u201cTanto los fiscalizadores de acuicultura como el equipo jur\u00eddico de Ays\u00e9n, han sido muy acuciosos en el cumplimiento normativo y han definido estrategias que permiten obtener sentencias de impacto como en este caso\u201d, sostuvo.<\/p>\n<p style=\"text-align: justify;\">Una vez que la empresa sea notificada, tendr\u00e1 un plazo de 10 d\u00edas h\u00e1biles para apelar la sentencia dictada por el Juzgado de Letras de Puerto Ays\u00e9n. En caso de no apelar, deber\u00e1 cumplir con lo dispuesto en la sentencia.<\/p>\n<\/div><\/section><\/div><div  style='height:50px' class='hr hr-invisible   avia-builder-el-6  el_after_av_one_full  el_before_av_social_share '><span class='hr-inner ' ><span class='hr-inner-style'><\/span><\/span><\/div><\/p>\n<div  class='av-social-sharing-box  avia-builder-el-7  el_after_av_hr  el_before_av_hr  '><div class='av-share-box'><h5 class='av-share-link-description av-no-toc '>Compartir esta noticia<\/h5><ul class='av-share-box-list noLightbox'><li class='av-share-link av-social-link-facebook' ><a target=\"_blank\" aria-label=\"Compartir en Facebook\" href='https:\/\/www.facebook.com\/sharer.php?u=https:\/\/radiorevelacionfm.cl\/?p=32656&#038;t=Empresa%20salmonera%20es%20condenada%20a%20pagar%20multa%20millonaria%20y%20a%20suspender%20ciclo%20productivo%20en%20Ays%C3%A9n' aria-hidden='false' data-av_icon='\ue8f3' data-av_iconfont='entypo-fontello' title='' data-avia-related-tooltip='Compartir en Facebook' rel=\"noopener\"><span class='avia_hidden_link_text'>Compartir en Facebook<\/span><\/a><\/li><li class='av-share-link av-social-link-twitter' ><a target=\"_blank\" aria-label=\"Compartir en Twitter\" href='https:\/\/twitter.com\/share?text=Empresa%20salmonera%20es%20condenada%20a%20pagar%20multa%20millonaria%20y%20a%20suspender%20ciclo%20productivo%20en%20Ays%C3%A9n&#038;url=https:\/\/radiorevelacionfm.cl\/?p=32656' aria-hidden='false' data-av_icon='\ue8f1' data-av_iconfont='entypo-fontello' title='' data-avia-related-tooltip='Compartir en Twitter' rel=\"noopener\"><span class='avia_hidden_link_text'>Compartir en Twitter<\/span><\/a><\/li><li class='av-share-link av-social-link-whatsapp' ><a target=\"_blank\" aria-label=\"Compartir en Whatsapp\" href='https:\/\/api.whatsapp.com\/send?text=https:\/\/radiorevelacionfm.cl\/?p=32656' aria-hidden='false' data-av_icon='\uf232' data-av_iconfont='entypo-fontello' title='' data-avia-related-tooltip='Compartir en Whatsapp' rel=\"noopener\"><span class='avia_hidden_link_text'>Compartir en Whatsapp<\/span><\/a><\/li><li class='av-share-link av-social-link-linkedin' ><a target=\"_blank\" aria-label=\"Compartir en LinkedIn\" href='https:\/\/linkedin.com\/shareArticle?mini=true&#038;title=Empresa%20salmonera%20es%20condenada%20a%20pagar%20multa%20millonaria%20y%20a%20suspender%20ciclo%20productivo%20en%20Ays%C3%A9n&#038;url=https:\/\/radiorevelacionfm.cl\/?p=32656' aria-hidden='false' data-av_icon='\ue8fc' data-av_iconfont='entypo-fontello' title='' data-avia-related-tooltip='Compartir en LinkedIn' rel=\"noopener\"><span class='avia_hidden_link_text'>Compartir en LinkedIn<\/span><\/a><\/li><li class='av-share-link av-social-link-mail' ><a  aria-label=\"Compartir por correo\" href='mailto:?subject=Empresa%20salmonera%20es%20condenada%20a%20pagar%20multa%20millonaria%20y%20a%20suspender%20ciclo%20productivo%20en%20Ays%C3%A9n&#038;body=https:\/\/radiorevelacionfm.cl\/?p=32656' aria-hidden='false' data-av_icon='\ue805' data-av_iconfont='entypo-fontello' title='' data-avia-related-tooltip='Compartir por correo'><span class='avia_hidden_link_text'>Compartir por correo<\/span><\/a><\/li><\/ul><\/div><\/div>\n<div  style='height:50px' class='hr hr-invisible   avia-builder-el-8  el_after_av_social_share  el_before_av_comments_list '><span class='hr-inner ' ><span class='hr-inner-style'><\/span><\/span><\/div>\n<div  class='av-buildercomment  av-blog-meta-html-info-disabled av-blog-meta-tag-disabled  '><\/div>\n","protected":false},"excerpt":{"rendered":"","protected":false},"author":1,"featured_media":32657,"comment_status":"open","ping_status":"open","sticky":false,"template":"","format":"standard","meta":{"footnotes":""},"categories":[60],"tags":[],"class_list":["post-32656","post","type-post","status-publish","format-standard","has-post-thumbnail","hentry","category-pesca"],"jetpack_featured_media_url":"https:\/\/radiorevelacionfm.cl\/wp-content\/uploads\/2023\/07\/Foto-de-referencia-2-2.jpg","_links":{"self":[{"href":"https:\/\/radiorevelacionfm.cl\/index.php?rest_route=\/wp\/v2\/posts\/32656","targetHints":{"allow":["GET"]}}],"collection":[{"href":"https:\/\/radiorevelacionfm.cl\/index.php?rest_route=\/wp\/v2\/posts"}],"about":[{"href":"https:\/\/radiorevelacionfm.cl\/index.php?rest_route=\/wp\/v2\/types\/post"}],"author":[{"embeddable":true,"href":"https:\/\/radiorevelacionfm.cl\/index.php?rest_route=\/wp\/v2\/users\/1"}],"replies":[{"embeddable":true,"href":"https:\/\/radiorevelacionfm.cl\/index.php?rest_route=%2Fwp%2Fv2%2Fcomments&post=32656"}],"version-history":[{"count":1,"href":"https:\/\/radiorevelacionfm.cl\/index.php?rest_route=\/wp\/v2\/posts\/32656\/revisions"}],"predecessor-version":[{"id":32658,"href":"https:\/\/radiorevelacionfm.cl\/index.php?rest_route=\/wp\/v2\/posts\/32656\/revisions\/32658"}],"wp:featuredmedia":[{"embeddable":true,"href":"https:\/\/radiorevelacionfm.cl\/index.php?rest_route=\/wp\/v2\/media\/32657"}],"wp:attachment":[{"href":"https:\/\/radiorevelacionfm.cl\/index.php?rest_route=%2Fwp%2Fv2%2Fmedia&parent=32656"}],"wp:term":[{"taxonomy":"category","embeddable":true,"href":"https:\/\/radiorevelacionfm.cl\/index.php?rest_route=%2Fwp%2Fv2%2Fcategories&post=32656"},{"taxonomy":"post_tag","embeddable":true,"href":"https:\/\/radiorevelacionfm.cl\/index.php?rest_route=%2Fwp%2Fv2%2Ftags&post=32656"}],"curies":[{"name":"wp","href":"https:\/\/api.w.org\/{rel}","templated":true}]}}