{"id":32653,"date":"2023-07-05T19:06:58","date_gmt":"2023-07-05T22:06:58","guid":{"rendered":"https:\/\/radiorevelacionfm.cl\/?p=32653"},"modified":"2023-07-05T19:06:58","modified_gmt":"2023-07-05T22:06:58","slug":"solicitan-al-ministro-una-pronta-solucion-al-deficit-de-la-educacion-municipal-de-coyhaique","status":"publish","type":"post","link":"https:\/\/radiorevelacionfm.cl\/?p=32653","title":{"rendered":"Solicitan al ministro una pronta soluci\u00f3n al d\u00e9ficit de la educaci\u00f3n municipal de Coyhaique"},"content":{"rendered":"<div class=\"flex_column av_one_full  flex_column_div av-zero-column-padding first  avia-builder-el-0  el_before_av_one_full  avia-builder-el-first  \" style='border-radius:0px; '><div  class='avia-image-container  av-styling-    avia-builder-el-1  avia-builder-el-no-sibling  avia-align-center '  itemprop=\"image\" itemscope=\"itemscope\" itemtype=\"https:\/\/schema.org\/ImageObject\"  ><div class='avia-image-container-inner'><div class='avia-image-overlay-wrap'><img decoding=\"async\" class='wp-image-32654 avia-img-lazy-loading-not-32654 avia_image' src=\"https:\/\/radiorevelacionfm.cl\/wp-content\/uploads\/2023\/07\/foto-reu-ministro-educaciOn-2_optimized.jpg\" alt='' title='foto-reu-ministro-educaci\u00d3n-2_optimized' height=\"600\" width=\"900\"  itemprop=\"thumbnailUrl\" srcset=\"https:\/\/radiorevelacionfm.cl\/wp-content\/uploads\/2023\/07\/foto-reu-ministro-educaciOn-2_optimized.jpg 900w, https:\/\/radiorevelacionfm.cl\/wp-content\/uploads\/2023\/07\/foto-reu-ministro-educaciOn-2_optimized-300x200.jpg 300w, https:\/\/radiorevelacionfm.cl\/wp-content\/uploads\/2023\/07\/foto-reu-ministro-educaciOn-2_optimized-768x512.jpg 768w, https:\/\/radiorevelacionfm.cl\/wp-content\/uploads\/2023\/07\/foto-reu-ministro-educaciOn-2_optimized-705x470.jpg 705w, https:\/\/radiorevelacionfm.cl\/wp-content\/uploads\/2023\/07\/foto-reu-ministro-educaciOn-2_optimized-450x300.jpg 450w, https:\/\/radiorevelacionfm.cl\/wp-content\/uploads\/2023\/07\/foto-reu-ministro-educaciOn-2_optimized-600x400.jpg 600w\" sizes=\"(max-width: 900px) 100vw, 900px\" \/><\/div><\/div><\/div><\/div><div class=\"flex_column av_one_full  flex_column_div av-zero-column-padding first  avia-builder-el-2  el_after_av_one_full  el_before_av_one_full  column-top-margin\" style='border-radius:0px; '><section class=\"av_textblock_section \"  itemscope=\"itemscope\" itemtype=\"https:\/\/schema.org\/BlogPosting\" itemprop=\"blogPost\" ><div class='avia_textblock  '   itemprop=\"text\" ><p style=\"text-align: center;\"><strong><span style=\"font-size: 18pt;\">Solicitan al ministro una pronta soluci\u00f3n al d\u00e9ficit de la educaci\u00f3n municipal de Coyhaique<\/span><\/strong><\/p>\n<div id=\"gtx-trans\" style=\"position: absolute; left: -50px; top: 4.31534px;\">\n<div class=\"gtx-trans-icon\"><\/div>\n<\/div>\n<\/div><\/section><\/div><\/p>\n<div class=\"flex_column av_one_full  flex_column_div av-zero-column-padding first  avia-builder-el-4  el_after_av_one_full  el_before_av_hr  column-top-margin\" style='border-radius:0px; '><section class=\"av_textblock_section \"  itemscope=\"itemscope\" itemtype=\"https:\/\/schema.org\/BlogPosting\" itemprop=\"blogPost\" ><div class='avia_textblock  '   itemprop=\"text\" ><p style=\"text-align: justify;\">Contin\u00faan las gestiones del alcalde Carlos Gatica y el diputado Miguel \u00c1ngel Calisto para encontrar una soluci\u00f3n al grave d\u00e9ficit que afecta a la educaci\u00f3n Municipal de la comuna de Coyhaique, esto, porque la tarde de este martes 4 de julio, sostuvieron una reuni\u00f3n en el Congreso con el Ministro de Educaci\u00f3n, Marco Antonio \u00c1vila, a quien le reiteraron la necesidad de que el Gobierno se comprometa con medidas concretas para terminar con esta deuda.<\/p>\n<p style=\"text-align: justify;\">Seg\u00fan el alcalde Carlos Gatica, \u201cde verdad que nos preocupa mucho la situaci\u00f3n que estamos viviendo en la educaci\u00f3n en nuestra comuna. Llevamos m\u00e1s de un a\u00f1o viendo como el problema de la educaci\u00f3n se ha tornado realmente en algo primordial de solucionar, porque los m\u00e1s afectados son nuestros ni\u00f1os y ni\u00f1as, y tambi\u00e9n nuestros adolescentes\u201d.<\/p>\n<p style=\"text-align: justify;\">\u201cSabemos que el Sistema P\u00fablico de Educaci\u00f3n tiene un problema estructural, que se viene arrastrando desde hace muchos a\u00f1os. Sin embargo, lo que hoy necesitamos es una soluci\u00f3n r\u00e1pida a los derechos laborales de nuestros trabajadores, que nos permita poder pagar sus cotizaciones y obligaciones previsionales. Adem\u00e1s, necesitamos recursos para brindar una \u00f3ptima operaci\u00f3n y que la educaci\u00f3n, as\u00ed como se se\u00f1ala, sea gratuita, de calidad y sea, en el sistema p\u00fablico, una educaci\u00f3n eficiente para todos nuestros ni\u00f1os y ni\u00f1as, tanto para el sector urbano como para el sector rural\u201d.<\/p>\n<p style=\"text-align: justify;\">Por su parte, el diputado Miguel \u00c1ngel Calisto, junto con agradecer la disposici\u00f3n del Ministro, asegur\u00f3 que \u00a0\u201cel alcalde ha estado liderando este proceso y ha solicitado el apoyo del Gobierno. Hasta el momento esto no se ha concretado, pero confiamos que despu\u00e9s de esta reuni\u00f3n vamos a tener respuestas positivas con el compromiso que ha asumido el Ministro\u201d.<\/p>\n<p style=\"text-align: justify;\">\u201cHoy en d\u00eda la subvenci\u00f3n no alcanza para sostener a un colegio, tomando en cuenta calefacci\u00f3n y los distintos gastos, como incluso el transporte escolar que se debe asegurar en escuelas de localidades m\u00e1s alejadas o alumnos que vienen desde lejos. Es importante que el Ministerio asuma un compromiso concreto para poder garantizar el apoyo a trav\u00e9s de recursos concretos que se puedan suplementar para la Municipalidad de Coyhaique\u201d, se\u00f1al\u00f3.<\/p>\n<p style=\"text-align: justify;\"><strong>Las propuestas del Ministro <\/strong><\/p>\n<p style=\"text-align: justify;\">En tanto, el titular de la Cartera de Educaci\u00f3n visualiz\u00f3 una serie de posibles soluciones a esta crisis. \u201cTenemos un grave problema, porque la subvenci\u00f3n escolar se ha tornado insuficiente para poder brindar un buen servicio educativo, especialmente considerando las distintas realidades territoriales y los contextos\u201d.<\/p>\n<p style=\"text-align: justify;\">\u201cEl Ministerio de Educaci\u00f3n ha ideado algunas soluciones, como podr\u00eda ser un r\u00e1pido pago de las cuotas del Fondo de Apoyo a la Educaci\u00f3n P\u00fablica, FAEP, que este a\u00f1o se ha visto aumentado en un 20%, tambi\u00e9n la posibilidad de convenios de transici\u00f3n y los convenios de mandato, en donde en las situaciones m\u00e1s cr\u00edticas podemos hacernos cargo de los pagos directo de las leyes sociales\u201d, indic\u00f3.<\/p>\n<p style=\"text-align: justify;\">El Ministro de Educaci\u00f3n agreg\u00f3 que \u201ctambi\u00e9n vemos la posibilidad de hacer adelanto de subvenciones, que permiten alivianar la planilla, que junto a los bonos de incentivo al retiro, nos permiten ajustar la cantidad de trabajadoras y trabajadores\u201d.<\/p>\n<p style=\"text-align: justify;\">Finalmente, \u00c1vila declar\u00f3 que \u201chay que mirar distintas medidas, algunas que tienen que ver con el financiamiento propiamente tal, que es un problema de car\u00e1cter estructural, y otros que son problemas m\u00e1s espec\u00edficos, que tienen que ver con la gesti\u00f3n que han tenido por a\u00f1os algunos municipios. Tenemos que acompa\u00f1arlos, de tal manera que el traspaso a los Servicios Locales de Educaci\u00f3n P\u00fablica, SLEP, sea de manera mucho m\u00e1s liviana, con una gesti\u00f3n mucho m\u00e1s sencilla y con menos problemas\u201d.<\/p>\n<\/div><\/section><\/div>\n<div  style='height:50px' class='hr hr-invisible   avia-builder-el-6  el_after_av_one_full  el_before_av_social_share '><span class='hr-inner ' ><span class='hr-inner-style'><\/span><\/span><\/div>\n<div  class='av-social-sharing-box  avia-builder-el-7  el_after_av_hr  el_before_av_hr  '><div class='av-share-box'><h5 class='av-share-link-description av-no-toc '>Compartir esta noticia<\/h5><ul class='av-share-box-list noLightbox'><li class='av-share-link av-social-link-facebook' ><a target=\"_blank\" aria-label=\"Compartir en Facebook\" href='https:\/\/www.facebook.com\/sharer.php?u=https:\/\/radiorevelacionfm.cl\/?p=32653&#038;t=Solicitan%20al%20ministro%20una%20pronta%20soluci%C3%B3n%20al%20d%C3%A9ficit%20de%20la%20educaci%C3%B3n%20municipal%20de%20Coyhaique' aria-hidden='false' data-av_icon='\ue8f3' data-av_iconfont='entypo-fontello' title='' data-avia-related-tooltip='Compartir en Facebook' rel=\"noopener\"><span class='avia_hidden_link_text'>Compartir en Facebook<\/span><\/a><\/li><li class='av-share-link av-social-link-twitter' ><a target=\"_blank\" aria-label=\"Compartir en Twitter\" href='https:\/\/twitter.com\/share?text=Solicitan%20al%20ministro%20una%20pronta%20soluci%C3%B3n%20al%20d%C3%A9ficit%20de%20la%20educaci%C3%B3n%20municipal%20de%20Coyhaique&#038;url=https:\/\/radiorevelacionfm.cl\/?p=32653' aria-hidden='false' data-av_icon='\ue8f1' data-av_iconfont='entypo-fontello' title='' data-avia-related-tooltip='Compartir en Twitter' rel=\"noopener\"><span class='avia_hidden_link_text'>Compartir en Twitter<\/span><\/a><\/li><li class='av-share-link av-social-link-whatsapp' ><a target=\"_blank\" aria-label=\"Compartir en Whatsapp\" href='https:\/\/api.whatsapp.com\/send?text=https:\/\/radiorevelacionfm.cl\/?p=32653' aria-hidden='false' data-av_icon='\uf232' data-av_iconfont='entypo-fontello' title='' data-avia-related-tooltip='Compartir en Whatsapp' rel=\"noopener\"><span class='avia_hidden_link_text'>Compartir en Whatsapp<\/span><\/a><\/li><li class='av-share-link av-social-link-linkedin' ><a target=\"_blank\" aria-label=\"Compartir en LinkedIn\" href='https:\/\/linkedin.com\/shareArticle?mini=true&#038;title=Solicitan%20al%20ministro%20una%20pronta%20soluci%C3%B3n%20al%20d%C3%A9ficit%20de%20la%20educaci%C3%B3n%20municipal%20de%20Coyhaique&#038;url=https:\/\/radiorevelacionfm.cl\/?p=32653' aria-hidden='false' data-av_icon='\ue8fc' data-av_iconfont='entypo-fontello' title='' data-avia-related-tooltip='Compartir en LinkedIn' rel=\"noopener\"><span class='avia_hidden_link_text'>Compartir en LinkedIn<\/span><\/a><\/li><li class='av-share-link av-social-link-mail' ><a  aria-label=\"Compartir por correo\" href='mailto:?subject=Solicitan%20al%20ministro%20una%20pronta%20soluci%C3%B3n%20al%20d%C3%A9ficit%20de%20la%20educaci%C3%B3n%20municipal%20de%20Coyhaique&#038;body=https:\/\/radiorevelacionfm.cl\/?p=32653' aria-hidden='false' data-av_icon='\ue805' data-av_iconfont='entypo-fontello' title='' data-avia-related-tooltip='Compartir por correo'><span class='avia_hidden_link_text'>Compartir por correo<\/span><\/a><\/li><\/ul><\/div><\/div>\n<div  style='height:50px' class='hr hr-invisible   avia-builder-el-8  el_after_av_social_share  el_before_av_comments_list '><span class='hr-inner ' ><span class='hr-inner-style'><\/span><\/span><\/div>\n<div  class='av-buildercomment  av-blog-meta-html-info-disabled av-blog-meta-tag-disabled  '><\/div>\n","protected":false},"excerpt":{"rendered":"","protected":false},"author":1,"featured_media":32654,"comment_status":"open","ping_status":"open","sticky":false,"template":"","format":"standard","meta":{"footnotes":""},"categories":[38],"tags":[],"class_list":["post-32653","post","type-post","status-publish","format-standard","has-post-thumbnail","hentry","category-regional"],"jetpack_featured_media_url":"https:\/\/radiorevelacionfm.cl\/wp-content\/uploads\/2023\/07\/foto-reu-ministro-educaciOn-2_optimized.jpg","_links":{"self":[{"href":"https:\/\/radiorevelacionfm.cl\/index.php?rest_route=\/wp\/v2\/posts\/32653","targetHints":{"allow":["GET"]}}],"collection":[{"href":"https:\/\/radiorevelacionfm.cl\/index.php?rest_route=\/wp\/v2\/posts"}],"about":[{"href":"https:\/\/radiorevelacionfm.cl\/index.php?rest_route=\/wp\/v2\/types\/post"}],"author":[{"embeddable":true,"href":"https:\/\/radiorevelacionfm.cl\/index.php?rest_route=\/wp\/v2\/users\/1"}],"replies":[{"embeddable":true,"href":"https:\/\/radiorevelacionfm.cl\/index.php?rest_route=%2Fwp%2Fv2%2Fcomments&post=32653"}],"version-history":[{"count":1,"href":"https:\/\/radiorevelacionfm.cl\/index.php?rest_route=\/wp\/v2\/posts\/32653\/revisions"}],"predecessor-version":[{"id":32655,"href":"https:\/\/radiorevelacionfm.cl\/index.php?rest_route=\/wp\/v2\/posts\/32653\/revisions\/32655"}],"wp:featuredmedia":[{"embeddable":true,"href":"https:\/\/radiorevelacionfm.cl\/index.php?rest_route=\/wp\/v2\/media\/32654"}],"wp:attachment":[{"href":"https:\/\/radiorevelacionfm.cl\/index.php?rest_route=%2Fwp%2Fv2%2Fmedia&parent=32653"}],"wp:term":[{"taxonomy":"category","embeddable":true,"href":"https:\/\/radiorevelacionfm.cl\/index.php?rest_route=%2Fwp%2Fv2%2Fcategories&post=32653"},{"taxonomy":"post_tag","embeddable":true,"href":"https:\/\/radiorevelacionfm.cl\/index.php?rest_route=%2Fwp%2Fv2%2Ftags&post=32653"}],"curies":[{"name":"wp","href":"https:\/\/api.w.org\/{rel}","templated":true}]}}