{"id":32650,"date":"2023-07-05T00:02:48","date_gmt":"2023-07-05T03:02:48","guid":{"rendered":"https:\/\/radiorevelacionfm.cl\/?p=32650"},"modified":"2023-07-05T00:02:48","modified_gmt":"2023-07-05T03:02:48","slug":"centro-clinico-militar-de-coyhaique-se-suma-a-proceso-de-vacunacion-impulsado-por-salud","status":"publish","type":"post","link":"https:\/\/radiorevelacionfm.cl\/?p=32650","title":{"rendered":"Centro Cl\u00ednico Militar de Coyhaique se suma a proceso de vacunaci\u00f3n impulsado por Salud"},"content":{"rendered":"<div class=\"flex_column av_one_full  flex_column_div av-zero-column-padding first  avia-builder-el-0  el_before_av_one_full  avia-builder-el-first  \" style='border-radius:0px; '><div  class='avia-image-container  av-styling-    avia-builder-el-1  avia-builder-el-no-sibling  avia-align-center '  itemprop=\"image\" itemscope=\"itemscope\" itemtype=\"https:\/\/schema.org\/ImageObject\"  ><div class='avia-image-container-inner'><div class='avia-image-overlay-wrap'><img decoding=\"async\" class='wp-image-32651 avia-img-lazy-loading-not-32651 avia_image' src=\"https:\/\/radiorevelacionfm.cl\/wp-content\/uploads\/2023\/07\/vacunacion-CCM-2-2.jpeg\" alt='' title='vacunaci\u00f3n CCM-2-2' height=\"600\" width=\"1067\"  itemprop=\"thumbnailUrl\" srcset=\"https:\/\/radiorevelacionfm.cl\/wp-content\/uploads\/2023\/07\/vacunacion-CCM-2-2.jpeg 1067w, https:\/\/radiorevelacionfm.cl\/wp-content\/uploads\/2023\/07\/vacunacion-CCM-2-2-300x169.jpeg 300w, https:\/\/radiorevelacionfm.cl\/wp-content\/uploads\/2023\/07\/vacunacion-CCM-2-2-1030x579.jpeg 1030w, https:\/\/radiorevelacionfm.cl\/wp-content\/uploads\/2023\/07\/vacunacion-CCM-2-2-768x432.jpeg 768w, https:\/\/radiorevelacionfm.cl\/wp-content\/uploads\/2023\/07\/vacunacion-CCM-2-2-705x396.jpeg 705w, https:\/\/radiorevelacionfm.cl\/wp-content\/uploads\/2023\/07\/vacunacion-CCM-2-2-450x253.jpeg 450w, https:\/\/radiorevelacionfm.cl\/wp-content\/uploads\/2023\/07\/vacunacion-CCM-2-2-600x337.jpeg 600w\" sizes=\"(max-width: 1067px) 100vw, 1067px\" \/><\/div><\/div><\/div><\/div><div class=\"flex_column av_one_full  flex_column_div av-zero-column-padding first  avia-builder-el-2  el_after_av_one_full  el_before_av_one_full  column-top-margin\" style='border-radius:0px; '><section class=\"av_textblock_section \"  itemscope=\"itemscope\" itemtype=\"https:\/\/schema.org\/BlogPosting\" itemprop=\"blogPost\" ><div class='avia_textblock  '   itemprop=\"text\" ><p style=\"text-align: center;\"><strong><span style=\"font-size: 18pt;\">Centro Cl\u00ednico Militar de Coyhaique se suma a proceso de vacunaci\u00f3n impulsado por Salud<\/span><\/strong><\/p>\n<div id=\"gtx-trans\" style=\"position: absolute; left: -50px; top: 4.31534px;\">\n<div class=\"gtx-trans-icon\"><\/div>\n<\/div>\n<\/div><\/section><\/div><div class=\"flex_column av_one_full  flex_column_div av-zero-column-padding first  avia-builder-el-4  el_after_av_one_full  el_before_av_hr  column-top-margin\" style='border-radius:0px; '><section class=\"av_textblock_section \"  itemscope=\"itemscope\" itemtype=\"https:\/\/schema.org\/BlogPosting\" itemprop=\"blogPost\" ><div class='avia_textblock  '   itemprop=\"text\" ><p style=\"text-align: justify;\">A trav\u00e9s de un acuerdo colaborativo, entre la IV Divisi\u00f3n de Ej\u00e9rcito y la Seremi de Salud Ays\u00e9n, a contar de esta semana el Centro Cl\u00ednico Militar de Coyhaique, se incorpora a los puntos de vacunaci\u00f3n que se mantendr\u00e1n operativos durante los pr\u00f3ximos meses para reforzar los procesos de inmunizaci\u00f3n entre la poblaci\u00f3n local contra la Influenza y el COVID-19, priorizando los grupos objetivos los adultos mayores, ni\u00f1os y embarazadas.<\/p>\n<p style=\"text-align: justify;\">Con la puesta en marcha de este centro de vacunaci\u00f3n, se busca llegar a un nuevo sector geogr\u00e1fico de Coyhaique, tal como lo manifest\u00f3 la Seremi de Salud, Carmen Monsalve G\u00f3mez.\u00a0 \u201cNos encontramos en el Centro Cl\u00ednico Militar de Coyhaique, junto a este gran equipo de grandes colaboradores que hoy est\u00e1n aportando de manera muy significativa para nuestra campa\u00f1a de vacunaci\u00f3n y as\u00ed poder avanzar r\u00e1pidamente en nuestros grupos objetivos m\u00e1s rezagados.\u00a0 Esta instalaci\u00f3n es muy estrat\u00e9gica porque nos permite ampliar una oferta en un sector donde no ten\u00edamos puntos de vacunaci\u00f3n, y de esa manera la gente que vive en los sectores m\u00e1s bajos de Coyhaique podr\u00e1 acceder a los procesos de vacunaci\u00f3n contra la Influenza, Bivalente y neumo23 para el adulto mayor, la cuales estar\u00e1n disponibles en este lugar\u201d.<\/p>\n<p style=\"text-align: justify;\">Por su parte, el Director del Centro Cl\u00ednico Militar de Coyhaique, Coronel Rodrigo Mu\u00f1oz Bawlitza, realiz\u00f3 una invitaci\u00f3n a la comunidad a acercarse a este centro de salud para acceder a su vacunaci\u00f3n en forma expedita.\u00a0 \u201cPara el Ej\u00e9rcito de Chile, siempre es un honor poder participar y apoyar a nuestra comunidad en este proceso de vacunaci\u00f3n, nosotros abrimos nuestras puertas a toda la comunidad para que puedan acceder a esta inmunizaci\u00f3n, y aqu\u00ed los estaremos esperando\u201d.<\/p>\n<p style=\"text-align: justify;\">Los equipos de vacunaci\u00f3n estar\u00e1n operativos los d\u00edas martes y jueves, en horarios de 10:30 a 12:30 pm. Recordamos que para acceder a este punto de vacunaci\u00f3n, al igual que los dem\u00e1s, debe contar con su c\u00e9dula de identidad y llevar su mascarilla por tratarse de un centro de salud.<\/p>\n<\/div><\/section><\/div><div  style='height:50px' class='hr hr-invisible   avia-builder-el-6  el_after_av_one_full  el_before_av_social_share '><span class='hr-inner ' ><span class='hr-inner-style'><\/span><\/span><\/div><\/p>\n<div  class='av-social-sharing-box  avia-builder-el-7  el_after_av_hr  el_before_av_hr  '><div class='av-share-box'><h5 class='av-share-link-description av-no-toc '>Compartir esta noticia<\/h5><ul class='av-share-box-list noLightbox'><li class='av-share-link av-social-link-facebook' ><a target=\"_blank\" aria-label=\"Compartir en Facebook\" href='https:\/\/www.facebook.com\/sharer.php?u=https:\/\/radiorevelacionfm.cl\/?p=32650&#038;t=Centro%20Cl%C3%ADnico%20Militar%20de%20Coyhaique%20se%20suma%20a%20proceso%20de%20vacunaci%C3%B3n%20impulsado%20por%20Salud' aria-hidden='false' data-av_icon='\ue8f3' data-av_iconfont='entypo-fontello' title='' data-avia-related-tooltip='Compartir en Facebook' rel=\"noopener\"><span class='avia_hidden_link_text'>Compartir en Facebook<\/span><\/a><\/li><li class='av-share-link av-social-link-twitter' ><a target=\"_blank\" aria-label=\"Compartir en Twitter\" href='https:\/\/twitter.com\/share?text=Centro%20Cl%C3%ADnico%20Militar%20de%20Coyhaique%20se%20suma%20a%20proceso%20de%20vacunaci%C3%B3n%20impulsado%20por%20Salud&#038;url=https:\/\/radiorevelacionfm.cl\/?p=32650' aria-hidden='false' data-av_icon='\ue8f1' data-av_iconfont='entypo-fontello' title='' data-avia-related-tooltip='Compartir en Twitter' rel=\"noopener\"><span class='avia_hidden_link_text'>Compartir en Twitter<\/span><\/a><\/li><li class='av-share-link av-social-link-whatsapp' ><a target=\"_blank\" aria-label=\"Compartir en Whatsapp\" href='https:\/\/api.whatsapp.com\/send?text=https:\/\/radiorevelacionfm.cl\/?p=32650' aria-hidden='false' data-av_icon='\uf232' data-av_iconfont='entypo-fontello' title='' data-avia-related-tooltip='Compartir en Whatsapp' rel=\"noopener\"><span class='avia_hidden_link_text'>Compartir en Whatsapp<\/span><\/a><\/li><li class='av-share-link av-social-link-linkedin' ><a target=\"_blank\" aria-label=\"Compartir en LinkedIn\" href='https:\/\/linkedin.com\/shareArticle?mini=true&#038;title=Centro%20Cl%C3%ADnico%20Militar%20de%20Coyhaique%20se%20suma%20a%20proceso%20de%20vacunaci%C3%B3n%20impulsado%20por%20Salud&#038;url=https:\/\/radiorevelacionfm.cl\/?p=32650' aria-hidden='false' data-av_icon='\ue8fc' data-av_iconfont='entypo-fontello' title='' data-avia-related-tooltip='Compartir en LinkedIn' rel=\"noopener\"><span class='avia_hidden_link_text'>Compartir en LinkedIn<\/span><\/a><\/li><li class='av-share-link av-social-link-mail' ><a  aria-label=\"Compartir por correo\" href='mailto:?subject=Centro%20Cl%C3%ADnico%20Militar%20de%20Coyhaique%20se%20suma%20a%20proceso%20de%20vacunaci%C3%B3n%20impulsado%20por%20Salud&#038;body=https:\/\/radiorevelacionfm.cl\/?p=32650' aria-hidden='false' data-av_icon='\ue805' data-av_iconfont='entypo-fontello' title='' data-avia-related-tooltip='Compartir por correo'><span class='avia_hidden_link_text'>Compartir por correo<\/span><\/a><\/li><\/ul><\/div><\/div>\n<div  style='height:50px' class='hr hr-invisible   avia-builder-el-8  el_after_av_social_share  el_before_av_comments_list '><span class='hr-inner ' ><span class='hr-inner-style'><\/span><\/span><\/div>\n<div  class='av-buildercomment  av-blog-meta-html-info-disabled av-blog-meta-tag-disabled  '><\/div>\n","protected":false},"excerpt":{"rendered":"","protected":false},"author":1,"featured_media":32651,"comment_status":"open","ping_status":"open","sticky":false,"template":"","format":"standard","meta":{"footnotes":""},"categories":[46],"tags":[],"class_list":["post-32650","post","type-post","status-publish","format-standard","has-post-thumbnail","hentry","category-salud"],"jetpack_featured_media_url":"https:\/\/radiorevelacionfm.cl\/wp-content\/uploads\/2023\/07\/vacunacion-CCM-2-2.jpeg","_links":{"self":[{"href":"https:\/\/radiorevelacionfm.cl\/index.php?rest_route=\/wp\/v2\/posts\/32650","targetHints":{"allow":["GET"]}}],"collection":[{"href":"https:\/\/radiorevelacionfm.cl\/index.php?rest_route=\/wp\/v2\/posts"}],"about":[{"href":"https:\/\/radiorevelacionfm.cl\/index.php?rest_route=\/wp\/v2\/types\/post"}],"author":[{"embeddable":true,"href":"https:\/\/radiorevelacionfm.cl\/index.php?rest_route=\/wp\/v2\/users\/1"}],"replies":[{"embeddable":true,"href":"https:\/\/radiorevelacionfm.cl\/index.php?rest_route=%2Fwp%2Fv2%2Fcomments&post=32650"}],"version-history":[{"count":1,"href":"https:\/\/radiorevelacionfm.cl\/index.php?rest_route=\/wp\/v2\/posts\/32650\/revisions"}],"predecessor-version":[{"id":32652,"href":"https:\/\/radiorevelacionfm.cl\/index.php?rest_route=\/wp\/v2\/posts\/32650\/revisions\/32652"}],"wp:featuredmedia":[{"embeddable":true,"href":"https:\/\/radiorevelacionfm.cl\/index.php?rest_route=\/wp\/v2\/media\/32651"}],"wp:attachment":[{"href":"https:\/\/radiorevelacionfm.cl\/index.php?rest_route=%2Fwp%2Fv2%2Fmedia&parent=32650"}],"wp:term":[{"taxonomy":"category","embeddable":true,"href":"https:\/\/radiorevelacionfm.cl\/index.php?rest_route=%2Fwp%2Fv2%2Fcategories&post=32650"},{"taxonomy":"post_tag","embeddable":true,"href":"https:\/\/radiorevelacionfm.cl\/index.php?rest_route=%2Fwp%2Fv2%2Ftags&post=32650"}],"curies":[{"name":"wp","href":"https:\/\/api.w.org\/{rel}","templated":true}]}}