{"id":32641,"date":"2023-07-04T22:49:46","date_gmt":"2023-07-05T01:49:46","guid":{"rendered":"https:\/\/radiorevelacionfm.cl\/?p=32641"},"modified":"2023-07-04T22:49:46","modified_gmt":"2023-07-05T01:49:46","slug":"invitan-a-las-juventudes-de-la-region-a-conocer-su-programa-de-salud-mental-con-chat-de-ayuda-psicologica-gratuita","status":"publish","type":"post","link":"https:\/\/radiorevelacionfm.cl\/?p=32641","title":{"rendered":"Invitan a las juventudes de la regi\u00f3n a conocer su programa de salud mental con chat de ayuda psicol\u00f3gica gratuita"},"content":{"rendered":"<div class=\"flex_column av_one_full  flex_column_div av-zero-column-padding first  avia-builder-el-0  el_before_av_one_full  avia-builder-el-first  \" style='border-radius:0px; '><div  class='avia-image-container  av-styling-    avia-builder-el-1  avia-builder-el-no-sibling  avia-align-center '  itemprop=\"image\" itemscope=\"itemscope\" itemtype=\"https:\/\/schema.org\/ImageObject\"  ><div class='avia-image-container-inner'><div class='avia-image-overlay-wrap'><img decoding=\"async\" class='wp-image-32642 avia-img-lazy-loading-not-32642 avia_image' src=\"https:\/\/radiorevelacionfm.cl\/wp-content\/uploads\/2023\/07\/356097675_629396272586715_234270335696719109_n-2-2_optimized-2.jpg\" alt='' title='356097675_629396272586715_234270335696719109_n-2-2_optimized-2' height=\"600\" width=\"897\"  itemprop=\"thumbnailUrl\" srcset=\"https:\/\/radiorevelacionfm.cl\/wp-content\/uploads\/2023\/07\/356097675_629396272586715_234270335696719109_n-2-2_optimized-2.jpg 897w, https:\/\/radiorevelacionfm.cl\/wp-content\/uploads\/2023\/07\/356097675_629396272586715_234270335696719109_n-2-2_optimized-2-300x201.jpg 300w, https:\/\/radiorevelacionfm.cl\/wp-content\/uploads\/2023\/07\/356097675_629396272586715_234270335696719109_n-2-2_optimized-2-768x514.jpg 768w, https:\/\/radiorevelacionfm.cl\/wp-content\/uploads\/2023\/07\/356097675_629396272586715_234270335696719109_n-2-2_optimized-2-705x472.jpg 705w, https:\/\/radiorevelacionfm.cl\/wp-content\/uploads\/2023\/07\/356097675_629396272586715_234270335696719109_n-2-2_optimized-2-450x301.jpg 450w, https:\/\/radiorevelacionfm.cl\/wp-content\/uploads\/2023\/07\/356097675_629396272586715_234270335696719109_n-2-2_optimized-2-600x401.jpg 600w\" sizes=\"(max-width: 897px) 100vw, 897px\" \/><\/div><\/div><\/div><\/div><div class=\"flex_column av_one_full  flex_column_div av-zero-column-padding first  avia-builder-el-2  el_after_av_one_full  el_before_av_one_full  column-top-margin\" style='border-radius:0px; '><section class=\"av_textblock_section \"  itemscope=\"itemscope\" itemtype=\"https:\/\/schema.org\/BlogPosting\" itemprop=\"blogPost\" ><div class='avia_textblock  '   itemprop=\"text\" ><div>\n<p class=\"CuerpoA\" align=\"center\"><span class=\"Ninguno\" style=\"font-size: 18pt;\"><b><span lang=\"ES-TRAD\">Invitan a las juventudes de la regi\u00f3n a conocer su programa de salud mental con chat de ayuda psicol\u00f3gica gratuita<\/span><\/b><\/span><b><\/b><\/p>\n<\/div>\n<div id=\"gtx-trans\" style=\"position: absolute; left: -50px; top: 4.31534px;\">\n<div class=\"gtx-trans-icon\"><\/div>\n<\/div>\n<\/div><\/section><\/div><div class=\"flex_column av_one_full  flex_column_div av-zero-column-padding first  avia-builder-el-4  el_after_av_one_full  el_before_av_hr  column-top-margin\" style='border-radius:0px; '><section class=\"av_textblock_section \"  itemscope=\"itemscope\" itemtype=\"https:\/\/schema.org\/BlogPosting\" itemprop=\"blogPost\" ><div class='avia_textblock  '   itemprop=\"text\" ><p style=\"text-align: justify;\"><em>El espacio se llama \u201cHablemos de Todo\u201d y ofrece herramientas confiables de autocuidado y bienestar para brindar asistencia, contenci\u00f3n y orientaciones.<\/em><\/p>\n<p style=\"text-align: justify;\">El Instituto Nacional de la Juventud realiza invitaci\u00f3n a las juventudes \u00a0de la regi\u00f3n de Ays\u00e9n a conocer el programa Hablemos de Todo,\u00a0 plataforma que tiene por objetivo que j\u00f3venes de entre 15 y 29 a\u00f1os cuenten con informaci\u00f3n de forma oportuna a trav\u00e9s de una web informativa, y obtengan asistencia, contenci\u00f3n y orientaci\u00f3n personalizada de car\u00e1cter an\u00f3nimo por especialistas y as\u00ed, tengan apoyo profesional para resolver problem\u00e1ticas que afectan su autocuidado y bienestar.<\/p>\n<p style=\"text-align: justify;\">\u201cLa salud mental es un derecho y como INJUV buscamos contribuir con una oferta p\u00fablica orientada a las juventudes en torno al cuidado y autocuidado de esta tem\u00e1tica. Es por esta raz\u00f3n, que queremos invitar a toda la comunidad a conocer nuestro programa \u201cHablemos de Todo\u201d, en donde buscamos sensibilizar sobre diversas materias a trav\u00e9s de actividades como las activaciones regionales, encuentros y tambi\u00e9n en esta ocasi\u00f3n promocionar nuestro chat online, generando un espacio de contenci\u00f3n y buscando contribuir en la mejora de la toma de decisiones de las juventudes\u201d, puntualiz\u00f3 el Director Regional de INJUV Ays\u00e9n, Camilo Trivi\u00f1o.<\/p>\n<p style=\"text-align: justify;\">A trav\u00e9s del sitio <a href=\"http:\/\/hablemosdetodo.injuv.gob.cl\/\">http:\/\/hablemosdetodo.injuv.gob.cl\/<\/a> , se entrega informaci\u00f3n relativa a las tem\u00e1ticas que aborda el programa, as\u00ed como iniciativas p\u00fablicas disponibles, marcos normativos vigentes y derechos en base a las tem\u00e1ticas definidas por la Mesa intersectorial del programa. Este a\u00f1o \u00a02023 es su cuarto a\u00f1o de ejecuci\u00f3n, las tem\u00e1ticas del programa son cinco y cada una de ellas tiene subtem\u00e1ticas:<\/p>\n<table>\n<tbody>\n<tr>\n<td width=\"163\"><strong>TEM\u00c1TICA<\/strong><\/td>\n<td width=\"326\"><strong>SUBTEM\u00c1TICA<\/strong><\/td>\n<\/tr>\n<tr>\n<td width=\"163\">Salud Mental<\/td>\n<td width=\"326\">-Ansiedad<\/p>\n<p>-Depresi\u00f3n<\/p>\n<p>-Suicidio<\/p>\n<p>-Trastornos de la conducta alimentaria<\/p>\n<p>-Consumo de drogas<\/td>\n<\/tr>\n<tr>\n<td width=\"163\">Salud Sexual<\/td>\n<td width=\"326\">-V\u00ednculos sexo-afectivo<\/p>\n<p>-Pr\u00e1cticas sexuales seguras<\/p>\n<p>-Salud menstrual<\/td>\n<\/tr>\n<tr>\n<td width=\"163\">Salud Reproductiva<\/td>\n<td width=\"326\">-Interrupci\u00f3n voluntaria del embarazo<\/p>\n<p>-Embarazo no planificado<\/td>\n<\/tr>\n<tr>\n<td width=\"163\">Violencias hacia las juventudes<\/td>\n<td width=\"326\">-Violencia de g\u00e9nero y en la pareja<\/p>\n<p>-Bullying y acoso escolar<\/p>\n<p>-Ciberacoso\/Acoso cibern\u00e9tico<\/p>\n<p>-Violencia ginecol\u00f3gica y obst\u00e9trica<\/p>\n<p>-Violencia sexual<\/p>\n<p>-Violencia Institucional<\/p>\n<p>-Discriminaci\u00f3n por diversidad sexual<\/td>\n<\/tr>\n<tr>\n<td width=\"163\">Autocuidado<\/td>\n<td width=\"326\">-Alimentaci\u00f3n<\/p>\n<p>-Activaci\u00f3n\u00a0 f\u00edsica y recreaci\u00f3n<\/p>\n<p>-Convivencia\u00a0 y seguridad vial.<\/td>\n<\/tr>\n<\/tbody>\n<\/table>\n<p style=\"text-align: justify;\">Cabe destacar tambi\u00e9n que el sitio web contempla un servicio de chat en l\u00ednea gratuito, que otorga asistencia, contenci\u00f3n psicosocial y orientaci\u00f3n a j\u00f3venes sobre tem\u00e1ticas asociadas a conductas de riesgo en los \u00e1mbitos de la salud sexual y reproductiva, consumos de alcohol, tabaco y otras drogas, violencias y discriminaci\u00f3n, adem\u00e1s de las subtem\u00e1ticas mencionadas.<\/p>\n<p style=\"text-align: justify;\">El servicio de chat es implementado a trav\u00e9s de un convenio de colaboraci\u00f3n con la Fundaci\u00f3n Para la Confianza,donde psic\u00f3logas y psic\u00f3logos atienden las consultas de las y los j\u00f3venes y se encuentran operativos de lunes a viernes de 10:00 a 21:00 horas\u00a0 y s\u00e1bados de 11:00 a 17:00 horas.<\/p>\n<p style=\"text-align: justify;\">A trav\u00e9s de la entrega de informaci\u00f3n, contenci\u00f3n o derivaci\u00f3n se busca dar respuesta eficaz a problemas o consultas de bienestar y autocuidado, las conversaciones entre los j\u00f3venes y el profesional de la salud mental son totalmente confidenciales.<\/p>\n<p style=\"text-align: justify;\">Las y los j\u00f3venes interesados en obtener informaci\u00f3n referente a los diversos temas mencionados anteriormente pueden acceder a trav\u00e9s del siguiente link: <a href=\"http:\/\/hablemosdetodo.injuv.gob.cl\/\">http:\/\/hablemosdetodo.injuv.gob.cl<\/a> , escribirnos a nuestras redes sociales,\u00a0 Fan Page, Instagram y Twitter @injuvaysen\u00a0o visitarnos presencialmente en la Direcci\u00f3n Regional de INJUV Ays\u00e9n, ubicada en Manuel Rodr\u00edguez #239, Coyhaique, de lunes a viernes durante las ma\u00f1anas de 08:00 a 13:00 horas y en las tardes de 14:00 a 17:00 horas, viernes hasta las 16:00 horas.<\/p>\n<\/div><\/section><\/div><div  style='height:50px' class='hr hr-invisible   avia-builder-el-6  el_after_av_one_full  el_before_av_social_share '><span class='hr-inner ' ><span class='hr-inner-style'><\/span><\/span><\/div><\/p>\n<div  class='av-social-sharing-box  avia-builder-el-7  el_after_av_hr  el_before_av_hr  '><div class='av-share-box'><h5 class='av-share-link-description av-no-toc '>Compartir esta noticia<\/h5><ul class='av-share-box-list noLightbox'><li class='av-share-link av-social-link-facebook' ><a target=\"_blank\" aria-label=\"Compartir en Facebook\" href='https:\/\/www.facebook.com\/sharer.php?u=https:\/\/radiorevelacionfm.cl\/?p=32641&#038;t=Invitan%20a%20las%20juventudes%20de%20la%20regi%C3%B3n%20a%20conocer%20su%20programa%20de%20salud%20mental%20con%20chat%20de%20ayuda%20psicol%C3%B3gica%20gratuita' aria-hidden='false' data-av_icon='\ue8f3' data-av_iconfont='entypo-fontello' title='' data-avia-related-tooltip='Compartir en Facebook' rel=\"noopener\"><span class='avia_hidden_link_text'>Compartir en Facebook<\/span><\/a><\/li><li class='av-share-link av-social-link-twitter' ><a target=\"_blank\" aria-label=\"Compartir en Twitter\" href='https:\/\/twitter.com\/share?text=Invitan%20a%20las%20juventudes%20de%20la%20regi%C3%B3n%20a%20conocer%20su%20programa%20de%20salud%20mental%20con%20chat%20de%20ayuda%20psicol%C3%B3gica%20gratuita&#038;url=https:\/\/radiorevelacionfm.cl\/?p=32641' aria-hidden='false' data-av_icon='\ue8f1' data-av_iconfont='entypo-fontello' title='' data-avia-related-tooltip='Compartir en Twitter' rel=\"noopener\"><span class='avia_hidden_link_text'>Compartir en Twitter<\/span><\/a><\/li><li class='av-share-link av-social-link-whatsapp' ><a target=\"_blank\" aria-label=\"Compartir en Whatsapp\" href='https:\/\/api.whatsapp.com\/send?text=https:\/\/radiorevelacionfm.cl\/?p=32641' aria-hidden='false' data-av_icon='\uf232' data-av_iconfont='entypo-fontello' title='' data-avia-related-tooltip='Compartir en Whatsapp' rel=\"noopener\"><span class='avia_hidden_link_text'>Compartir en Whatsapp<\/span><\/a><\/li><li class='av-share-link av-social-link-linkedin' ><a target=\"_blank\" aria-label=\"Compartir en LinkedIn\" href='https:\/\/linkedin.com\/shareArticle?mini=true&#038;title=Invitan%20a%20las%20juventudes%20de%20la%20regi%C3%B3n%20a%20conocer%20su%20programa%20de%20salud%20mental%20con%20chat%20de%20ayuda%20psicol%C3%B3gica%20gratuita&#038;url=https:\/\/radiorevelacionfm.cl\/?p=32641' aria-hidden='false' data-av_icon='\ue8fc' data-av_iconfont='entypo-fontello' title='' data-avia-related-tooltip='Compartir en LinkedIn' rel=\"noopener\"><span class='avia_hidden_link_text'>Compartir en LinkedIn<\/span><\/a><\/li><li class='av-share-link av-social-link-mail' ><a  aria-label=\"Compartir por correo\" href='mailto:?subject=Invitan%20a%20las%20juventudes%20de%20la%20regi%C3%B3n%20a%20conocer%20su%20programa%20de%20salud%20mental%20con%20chat%20de%20ayuda%20psicol%C3%B3gica%20gratuita&#038;body=https:\/\/radiorevelacionfm.cl\/?p=32641' aria-hidden='false' data-av_icon='\ue805' data-av_iconfont='entypo-fontello' title='' data-avia-related-tooltip='Compartir por correo'><span class='avia_hidden_link_text'>Compartir por correo<\/span><\/a><\/li><\/ul><\/div><\/div>\n<div  style='height:50px' class='hr hr-invisible   avia-builder-el-8  el_after_av_social_share  el_before_av_comments_list '><span class='hr-inner ' ><span class='hr-inner-style'><\/span><\/span><\/div>\n<div  class='av-buildercomment  av-blog-meta-html-info-disabled av-blog-meta-tag-disabled  '><\/div>\n","protected":false},"excerpt":{"rendered":"","protected":false},"author":1,"featured_media":32642,"comment_status":"open","ping_status":"open","sticky":false,"template":"","format":"standard","meta":{"footnotes":""},"categories":[38],"tags":[],"class_list":["post-32641","post","type-post","status-publish","format-standard","has-post-thumbnail","hentry","category-regional"],"jetpack_featured_media_url":"https:\/\/radiorevelacionfm.cl\/wp-content\/uploads\/2023\/07\/356097675_629396272586715_234270335696719109_n-2-2_optimized-2.jpg","_links":{"self":[{"href":"https:\/\/radiorevelacionfm.cl\/index.php?rest_route=\/wp\/v2\/posts\/32641","targetHints":{"allow":["GET"]}}],"collection":[{"href":"https:\/\/radiorevelacionfm.cl\/index.php?rest_route=\/wp\/v2\/posts"}],"about":[{"href":"https:\/\/radiorevelacionfm.cl\/index.php?rest_route=\/wp\/v2\/types\/post"}],"author":[{"embeddable":true,"href":"https:\/\/radiorevelacionfm.cl\/index.php?rest_route=\/wp\/v2\/users\/1"}],"replies":[{"embeddable":true,"href":"https:\/\/radiorevelacionfm.cl\/index.php?rest_route=%2Fwp%2Fv2%2Fcomments&post=32641"}],"version-history":[{"count":1,"href":"https:\/\/radiorevelacionfm.cl\/index.php?rest_route=\/wp\/v2\/posts\/32641\/revisions"}],"predecessor-version":[{"id":32643,"href":"https:\/\/radiorevelacionfm.cl\/index.php?rest_route=\/wp\/v2\/posts\/32641\/revisions\/32643"}],"wp:featuredmedia":[{"embeddable":true,"href":"https:\/\/radiorevelacionfm.cl\/index.php?rest_route=\/wp\/v2\/media\/32642"}],"wp:attachment":[{"href":"https:\/\/radiorevelacionfm.cl\/index.php?rest_route=%2Fwp%2Fv2%2Fmedia&parent=32641"}],"wp:term":[{"taxonomy":"category","embeddable":true,"href":"https:\/\/radiorevelacionfm.cl\/index.php?rest_route=%2Fwp%2Fv2%2Fcategories&post=32641"},{"taxonomy":"post_tag","embeddable":true,"href":"https:\/\/radiorevelacionfm.cl\/index.php?rest_route=%2Fwp%2Fv2%2Ftags&post=32641"}],"curies":[{"name":"wp","href":"https:\/\/api.w.org\/{rel}","templated":true}]}}