{"id":32635,"date":"2023-07-04T22:15:48","date_gmt":"2023-07-05T01:15:48","guid":{"rendered":"https:\/\/radiorevelacionfm.cl\/?p=32635"},"modified":"2023-07-04T22:22:41","modified_gmt":"2023-07-05T01:22:41","slug":"puerto-aysen-celebrara-el-dia-del-cuequero-y-cuequera-este-7-y-8-de-julio","status":"publish","type":"post","link":"https:\/\/radiorevelacionfm.cl\/?p=32635","title":{"rendered":"Comuna de Ays\u00e9n celebrar\u00e1 el D\u00eda del Cuequero y Cuequera este 7 y 8 de julio"},"content":{"rendered":"<div class=\"flex_column av_one_full  flex_column_div av-zero-column-padding first  avia-builder-el-0  el_before_av_one_full  avia-builder-el-first  \" style='border-radius:0px; '><div  class='avia-image-container  av-styling-    avia-builder-el-1  avia-builder-el-no-sibling  avia-align-center '  itemprop=\"image\" itemscope=\"itemscope\" itemtype=\"https:\/\/schema.org\/ImageObject\"  ><div class='avia-image-container-inner'><div class='avia-image-overlay-wrap'><img decoding=\"async\" class='wp-image-32637 avia-img-lazy-loading-not-32637 avia_image' src=\"https:\/\/radiorevelacionfm.cl\/wp-content\/uploads\/2023\/07\/Fotografia-3-2-2.jpeg\" alt='' title='Fotograf\u00eda-3-2-2' height=\"600\" width=\"601\"  itemprop=\"thumbnailUrl\" srcset=\"https:\/\/radiorevelacionfm.cl\/wp-content\/uploads\/2023\/07\/Fotografia-3-2-2.jpeg 601w, https:\/\/radiorevelacionfm.cl\/wp-content\/uploads\/2023\/07\/Fotografia-3-2-2-300x300.jpeg 300w, https:\/\/radiorevelacionfm.cl\/wp-content\/uploads\/2023\/07\/Fotografia-3-2-2-80x80.jpeg 80w, https:\/\/radiorevelacionfm.cl\/wp-content\/uploads\/2023\/07\/Fotografia-3-2-2-36x36.jpeg 36w, https:\/\/radiorevelacionfm.cl\/wp-content\/uploads\/2023\/07\/Fotografia-3-2-2-180x180.jpeg 180w, https:\/\/radiorevelacionfm.cl\/wp-content\/uploads\/2023\/07\/Fotografia-3-2-2-120x120.jpeg 120w, https:\/\/radiorevelacionfm.cl\/wp-content\/uploads\/2023\/07\/Fotografia-3-2-2-450x449.jpeg 450w, https:\/\/radiorevelacionfm.cl\/wp-content\/uploads\/2023\/07\/Fotografia-3-2-2-100x100.jpeg 100w\" sizes=\"(max-width: 601px) 100vw, 601px\" \/><\/div><\/div><\/div><\/div>\n<div class=\"flex_column av_one_full  flex_column_div av-zero-column-padding first  avia-builder-el-2  el_after_av_one_full  el_before_av_one_full  column-top-margin\" style='border-radius:0px; '><section class=\"av_textblock_section \"  itemscope=\"itemscope\" itemtype=\"https:\/\/schema.org\/BlogPosting\" itemprop=\"blogPost\" ><div class='avia_textblock  '   itemprop=\"text\" ><p style=\"text-align: center;\"><span style=\"font-size: 18pt;\"><strong>Comuna de Ays\u00e9n celebrar\u00e1 el D\u00eda del Cuequero y Cuequera este 7 y 8 de julio<\/strong><\/span><\/p>\n<div id=\"gtx-trans\" style=\"position: absolute; left: -50px; top: 4.31534px;\">\n<div class=\"gtx-trans-icon\"><\/div>\n<\/div>\n<\/div><\/section><\/div><div class=\"flex_column av_one_full  flex_column_div av-zero-column-padding first  avia-builder-el-4  el_after_av_one_full  el_before_av_hr  column-top-margin\" style='border-radius:0px; '><section class=\"av_textblock_section \"  itemscope=\"itemscope\" itemtype=\"https:\/\/schema.org\/BlogPosting\" itemprop=\"blogPost\" ><div class='avia_textblock  '   itemprop=\"text\" ><p style=\"text-align: justify;\">La Unidad de Cultura de la Ilustre Municipalidad de Ays\u00e9n y la Mesa Comunal del Folclore se encuentran organizando las celebraciones del D\u00eda del Cuequero y Cuequera en Puerto Ays\u00e9n, evento que se llevar\u00e1 cabo este viernes 07 y s\u00e1bado 08 de julio.<\/p>\n<p style=\"text-align: justify;\">Con dos jornadas repletas de tradici\u00f3n dedicadas a exaltar nuestra danza nacional, las celebraciones comenzar\u00e1n este viernes 07 de julio con la Ruta de la Cueca, instancia que iniciar\u00e1 desde la Plaza de Villa Los Torreones 12:30 horas. A continuaci\u00f3n, el recorrido se dirigir\u00e1 hacia Villa Ma\u00f1ihuales, con una parada en la Delegaci\u00f3n Municipal de Villa Ma\u00f1ihuales a las 15:30 horas.<\/p>\n<p style=\"text-align: justify;\">Continuando con las festividades del D\u00eda del Cuequero y Cuequera, el s\u00e1bado 08 la Ruta de la Cueca se trasladar\u00e1 a Puerto Chacabuco partiendo las actividades a las 12:00 horas en el Anfiteatro de la Plaza de los Artesanos. Luego, el recorrido, continua a las 14:00 horas en Galer\u00eda de Artesanos en Ribera Sur, finalizando la Ruta de la Cueca a las 15:00 horas en Plaza Mahuen donde se realizar\u00e1 un pasacalle cuequero en direcci\u00f3n a Casa de la Cultura.<\/p>\n<p style=\"text-align: justify;\">El s\u00e1bado 08 a partir de las 16:30 horas, en la Casa de la Cultura, se desarrollar\u00e1 una Gran Pe\u00f1a Cuequera, la cual contar\u00e1 con una enriquecedora Cl\u00ednica Cuequera sobre el papel de la mujer en la cueca, a cargo de la destacada agrupaci\u00f3n nacional \u201cLas Primas\u201d. Adem\u00e1s, disfrutaremos de presentaciones de diversas agrupaciones folcl\u00f3ricas de la comuna y culminaremos con un espectacular show musical a cargo de \u00abLas Primas\u00bb.<\/p>\n<p style=\"text-align: justify;\">No puedes perderte esta hermosa jornada en torno a nuestro baile nacional. Ser\u00e1 una oportunidad \u00fanica para sumergirnos en la cultura y tradiciones de nuestra tierra.<\/p>\n<p style=\"text-align: justify;\"><strong>\u00a0<\/strong><\/p>\n<\/div><\/section><\/div><\/p>\n<div  style='height:50px' class='hr hr-invisible   avia-builder-el-6  el_after_av_one_full  el_before_av_social_share '><span class='hr-inner ' ><span class='hr-inner-style'><\/span><\/span><\/div>\n<div  class='av-social-sharing-box  avia-builder-el-7  el_after_av_hr  el_before_av_hr  '><div class='av-share-box'><h5 class='av-share-link-description av-no-toc '>Compartir esta noticia<\/h5><ul class='av-share-box-list noLightbox'><li class='av-share-link av-social-link-facebook' ><a target=\"_blank\" aria-label=\"Compartir en Facebook\" href='https:\/\/www.facebook.com\/sharer.php?u=https:\/\/radiorevelacionfm.cl\/?p=32635&#038;t=Comuna%20de%20Ays%C3%A9n%20celebrar%C3%A1%20el%20D%C3%ADa%20del%20Cuequero%20y%20Cuequera%20este%207%20y%208%20de%20julio' aria-hidden='false' data-av_icon='\ue8f3' data-av_iconfont='entypo-fontello' title='' data-avia-related-tooltip='Compartir en Facebook' rel=\"noopener\"><span class='avia_hidden_link_text'>Compartir en Facebook<\/span><\/a><\/li><li class='av-share-link av-social-link-twitter' ><a target=\"_blank\" aria-label=\"Compartir en Twitter\" href='https:\/\/twitter.com\/share?text=Comuna%20de%20Ays%C3%A9n%20celebrar%C3%A1%20el%20D%C3%ADa%20del%20Cuequero%20y%20Cuequera%20este%207%20y%208%20de%20julio&#038;url=https:\/\/radiorevelacionfm.cl\/?p=32635' aria-hidden='false' data-av_icon='\ue8f1' data-av_iconfont='entypo-fontello' title='' data-avia-related-tooltip='Compartir en Twitter' rel=\"noopener\"><span class='avia_hidden_link_text'>Compartir en Twitter<\/span><\/a><\/li><li class='av-share-link av-social-link-whatsapp' ><a target=\"_blank\" aria-label=\"Compartir en Whatsapp\" href='https:\/\/api.whatsapp.com\/send?text=https:\/\/radiorevelacionfm.cl\/?p=32635' aria-hidden='false' data-av_icon='\uf232' data-av_iconfont='entypo-fontello' title='' data-avia-related-tooltip='Compartir en Whatsapp' rel=\"noopener\"><span class='avia_hidden_link_text'>Compartir en Whatsapp<\/span><\/a><\/li><li class='av-share-link av-social-link-linkedin' ><a target=\"_blank\" aria-label=\"Compartir en LinkedIn\" href='https:\/\/linkedin.com\/shareArticle?mini=true&#038;title=Comuna%20de%20Ays%C3%A9n%20celebrar%C3%A1%20el%20D%C3%ADa%20del%20Cuequero%20y%20Cuequera%20este%207%20y%208%20de%20julio&#038;url=https:\/\/radiorevelacionfm.cl\/?p=32635' aria-hidden='false' data-av_icon='\ue8fc' data-av_iconfont='entypo-fontello' title='' data-avia-related-tooltip='Compartir en LinkedIn' rel=\"noopener\"><span class='avia_hidden_link_text'>Compartir en LinkedIn<\/span><\/a><\/li><li class='av-share-link av-social-link-mail' ><a  aria-label=\"Compartir por correo\" href='mailto:?subject=Comuna%20de%20Ays%C3%A9n%20celebrar%C3%A1%20el%20D%C3%ADa%20del%20Cuequero%20y%20Cuequera%20este%207%20y%208%20de%20julio&#038;body=https:\/\/radiorevelacionfm.cl\/?p=32635' aria-hidden='false' data-av_icon='\ue805' data-av_iconfont='entypo-fontello' title='' data-avia-related-tooltip='Compartir por correo'><span class='avia_hidden_link_text'>Compartir por correo<\/span><\/a><\/li><\/ul><\/div><\/div>\n<div  style='height:50px' class='hr hr-invisible   avia-builder-el-8  el_after_av_social_share  el_before_av_comments_list '><span class='hr-inner ' ><span class='hr-inner-style'><\/span><\/span><\/div>\n<div  class='av-buildercomment  av-blog-meta-html-info-disabled av-blog-meta-tag-disabled  '><\/div>\n","protected":false},"excerpt":{"rendered":"","protected":false},"author":1,"featured_media":32637,"comment_status":"open","ping_status":"open","sticky":false,"template":"","format":"standard","meta":{"footnotes":""},"categories":[38],"tags":[],"class_list":["post-32635","post","type-post","status-publish","format-standard","has-post-thumbnail","hentry","category-regional"],"jetpack_featured_media_url":"https:\/\/radiorevelacionfm.cl\/wp-content\/uploads\/2023\/07\/Fotografia-3-2-2.jpeg","_links":{"self":[{"href":"https:\/\/radiorevelacionfm.cl\/index.php?rest_route=\/wp\/v2\/posts\/32635","targetHints":{"allow":["GET"]}}],"collection":[{"href":"https:\/\/radiorevelacionfm.cl\/index.php?rest_route=\/wp\/v2\/posts"}],"about":[{"href":"https:\/\/radiorevelacionfm.cl\/index.php?rest_route=\/wp\/v2\/types\/post"}],"author":[{"embeddable":true,"href":"https:\/\/radiorevelacionfm.cl\/index.php?rest_route=\/wp\/v2\/users\/1"}],"replies":[{"embeddable":true,"href":"https:\/\/radiorevelacionfm.cl\/index.php?rest_route=%2Fwp%2Fv2%2Fcomments&post=32635"}],"version-history":[{"count":3,"href":"https:\/\/radiorevelacionfm.cl\/index.php?rest_route=\/wp\/v2\/posts\/32635\/revisions"}],"predecessor-version":[{"id":32640,"href":"https:\/\/radiorevelacionfm.cl\/index.php?rest_route=\/wp\/v2\/posts\/32635\/revisions\/32640"}],"wp:featuredmedia":[{"embeddable":true,"href":"https:\/\/radiorevelacionfm.cl\/index.php?rest_route=\/wp\/v2\/media\/32637"}],"wp:attachment":[{"href":"https:\/\/radiorevelacionfm.cl\/index.php?rest_route=%2Fwp%2Fv2%2Fmedia&parent=32635"}],"wp:term":[{"taxonomy":"category","embeddable":true,"href":"https:\/\/radiorevelacionfm.cl\/index.php?rest_route=%2Fwp%2Fv2%2Fcategories&post=32635"},{"taxonomy":"post_tag","embeddable":true,"href":"https:\/\/radiorevelacionfm.cl\/index.php?rest_route=%2Fwp%2Fv2%2Ftags&post=32635"}],"curies":[{"name":"wp","href":"https:\/\/api.w.org\/{rel}","templated":true}]}}