{"id":32632,"date":"2023-07-06T10:52:37","date_gmt":"2023-07-06T13:52:37","guid":{"rendered":"https:\/\/radiorevelacionfm.cl\/?p=32632"},"modified":"2023-07-06T10:52:37","modified_gmt":"2023-07-06T13:52:37","slug":"incubatecufro-lanzo-nueva-convocatoria-para-apoyar-emprendimientos-de-la-region-de-aysen","status":"publish","type":"post","link":"https:\/\/radiorevelacionfm.cl\/?p=32632","title":{"rendered":"IncubatecUFRO lanz\u00f3 nueva convocatoria para apoyar emprendimientos de la regi\u00f3n de Ays\u00e9n"},"content":{"rendered":"<div class=\"flex_column av_one_full  flex_column_div av-zero-column-padding first  avia-builder-el-0  el_before_av_one_full  avia-builder-el-first  \" style='border-radius:0px; '><div  class='avia-image-container  av-styling-    avia-builder-el-1  avia-builder-el-no-sibling  avia-align-center '  itemprop=\"image\" itemscope=\"itemscope\" itemtype=\"https:\/\/schema.org\/ImageObject\"  ><div class='avia-image-container-inner'><div class='avia-image-overlay-wrap'><img decoding=\"async\" class='wp-image-32633 avia-img-lazy-loading-not-32633 avia_image' src=\"https:\/\/radiorevelacionfm.cl\/wp-content\/uploads\/2023\/07\/Graficas-Latitudes-3-2-2.jpg\" alt='' title='Gr\u00e1ficas Latitudes-3-2-2' height=\"600\" width=\"600\"  itemprop=\"thumbnailUrl\" srcset=\"https:\/\/radiorevelacionfm.cl\/wp-content\/uploads\/2023\/07\/Graficas-Latitudes-3-2-2.jpg 600w, https:\/\/radiorevelacionfm.cl\/wp-content\/uploads\/2023\/07\/Graficas-Latitudes-3-2-2-300x300.jpg 300w, https:\/\/radiorevelacionfm.cl\/wp-content\/uploads\/2023\/07\/Graficas-Latitudes-3-2-2-80x80.jpg 80w, https:\/\/radiorevelacionfm.cl\/wp-content\/uploads\/2023\/07\/Graficas-Latitudes-3-2-2-36x36.jpg 36w, https:\/\/radiorevelacionfm.cl\/wp-content\/uploads\/2023\/07\/Graficas-Latitudes-3-2-2-180x180.jpg 180w, https:\/\/radiorevelacionfm.cl\/wp-content\/uploads\/2023\/07\/Graficas-Latitudes-3-2-2-120x120.jpg 120w, https:\/\/radiorevelacionfm.cl\/wp-content\/uploads\/2023\/07\/Graficas-Latitudes-3-2-2-450x450.jpg 450w, https:\/\/radiorevelacionfm.cl\/wp-content\/uploads\/2023\/07\/Graficas-Latitudes-3-2-2-100x100.jpg 100w\" sizes=\"(max-width: 600px) 100vw, 600px\" \/><\/div><\/div><\/div><\/div><div class=\"flex_column av_one_full  flex_column_div av-zero-column-padding first  avia-builder-el-2  el_after_av_one_full  el_before_av_one_full  column-top-margin\" style='border-radius:0px; '><section class=\"av_textblock_section \"  itemscope=\"itemscope\" itemtype=\"https:\/\/schema.org\/BlogPosting\" itemprop=\"blogPost\" ><div class='avia_textblock  '   itemprop=\"text\" ><p style=\"text-align: center;\"><span style=\"font-size: 18pt;\"><strong>IncubatecUFRO lanz\u00f3 nueva convocatoria para apoyar emprendimientos de la regi\u00f3n de Ays\u00e9n<\/strong><\/span><\/p>\n<div id=\"gtx-trans\" style=\"position: absolute; left: -50px; top: 4.31534px;\">\n<div class=\"gtx-trans-icon\"><\/div>\n<\/div>\n<\/div><\/section><\/div><div class=\"flex_column av_one_full  flex_column_div av-zero-column-padding first  avia-builder-el-4  el_after_av_one_full  el_before_av_hr  column-top-margin\" style='border-radius:0px; '><section class=\"av_textblock_section \"  itemscope=\"itemscope\" itemtype=\"https:\/\/schema.org\/BlogPosting\" itemprop=\"blogPost\" ><div class='avia_textblock  '   itemprop=\"text\" ><p style=\"text-align: justify;\">A trav\u00e9s de \u201cLatitudes\u201d; programa de incubaci\u00f3n de empresas apoyado por Corfo, y ejecutado por IncubatecUFRO para los emprendedores de Ays\u00e9n y Magallanes, se apoyar\u00e1n iniciativas en etapas tempranas, y el cual estar\u00e1 vigente entre el 19 de junio y hasta el 21 de julio del a\u00f1o en curso.<\/p>\n<p style=\"text-align: justify;\">IncubatecUFRO, la potenciadora de negocios de la Universidad de La Frontera (UFRO), convoca a emprendedores y empresas en etapas iniciales a postular a \u201cLatitudes\u201d; programa de incubaci\u00f3n que busca seleccionar iniciativas que cuenten con proyectos o negocios en etapa de validaci\u00f3n t\u00e9cnica y\/o comercial, que presenten alg\u00fan grado de diferenciaci\u00f3n en el \u00e1mbito nacional y que cuenten con una oportunidad clara de crecimiento en el mercado con la finalidad de potenciar el desarrollo y consolidaci\u00f3n de sus negocios, a trav\u00e9s del apoyo de Corfo y la ejecuci\u00f3n de IncubatecUFRO.<\/p>\n<p style=\"text-align: justify;\">\u201cPara nosotros como IncubatecUFRO es muy importante estar presentes en toda la zona macro sur y austral del pa\u00eds y para eso prestamos apoyo a todos los emprendedores que est\u00e1n hoy d\u00eda buscando alternativas para sus negocios, proyectos e ideas y, as\u00ed, poder transformar a Ays\u00e9n en un polo de emprendimiento. Es por ello que, desde el 19 de junio y hasta el 21 de julio, tenemos abierta nuestra convocatoria a Latitudes; Programa al cual pueden postular desde nuestra p\u00e1gina web <a href=\"http:\/\/www.incubatecufro.cl\/latitudes\">www.incubatecufro.cl\/latitudes<\/a> o nos pueden contactar a trav\u00e9s de redes sociales\u201d, detall\u00f3 Cristian Campomanes, Director General de IncubatecUFRO.<\/p>\n<p style=\"text-align: justify;\">El Programa \u201cLatitudes\u201d tiene por objetivo fomentar la gestaci\u00f3n y estructuraci\u00f3n de propuestas de valor innovadoras e incubaci\u00f3n en etapas tempranas, poniendo a disposici\u00f3n servicios especializados y redes empresariales que propicien su puesta en marcha, desarrollo y crecimiento hasta una fase de validaci\u00f3n y crecimiento comercial; facilitando acceso a financiamiento y vinculaci\u00f3n con actores relevantes en industrias estrat\u00e9gicas para el desarrollo de Ays\u00e9n y de otras regiones del pa\u00eds.<\/p>\n<p style=\"text-align: justify;\"><strong>Acerca de IncubatecUFRO<\/strong><\/p>\n<p style=\"text-align: justify;\">IncubatecUFRO es la potenciadora de negocios de la Universidad de La Frontera (UFRO), la cual mantiene operaciones en todo Chile y Latinoam\u00e9rica por medio de oficinas o partners en distintas zonas. En el pa\u00eds cuenta con oficinas en La Araucan\u00eda, Los Lagos y Magallanes, mientras que, en las regiones Metropolitana, O\u2019Higgins, Los R\u00edos y Ays\u00e9n mantiene operaciones con sus ejecutivos, a trav\u00e9s de coworks en estos territorios.<\/p>\n<p style=\"text-align: justify;\">Para obtener detalles y conocer m\u00e1s sobre IncubatecUFRO, sus operaciones y servicios, ingrese al sitio web: <a href=\"http:\/\/www.incubatecufro.cl\/\">www.incubatecufro.cl<\/a><\/p>\n<\/div><\/section><\/div><div  style='height:50px' class='hr hr-invisible   avia-builder-el-6  el_after_av_one_full  el_before_av_social_share '><span class='hr-inner ' ><span class='hr-inner-style'><\/span><\/span><\/div><\/p>\n<div  class='av-social-sharing-box  avia-builder-el-7  el_after_av_hr  el_before_av_hr  '><div class='av-share-box'><h5 class='av-share-link-description av-no-toc '>Compartir esta noticia<\/h5><ul class='av-share-box-list noLightbox'><li class='av-share-link av-social-link-facebook' ><a target=\"_blank\" aria-label=\"Compartir en Facebook\" href='https:\/\/www.facebook.com\/sharer.php?u=https:\/\/radiorevelacionfm.cl\/?p=32632&#038;t=IncubatecUFRO%20lanz%C3%B3%20nueva%20convocatoria%20para%20apoyar%20emprendimientos%20de%20la%20regi%C3%B3n%20de%20Ays%C3%A9n' aria-hidden='false' data-av_icon='\ue8f3' data-av_iconfont='entypo-fontello' title='' data-avia-related-tooltip='Compartir en Facebook' rel=\"noopener\"><span class='avia_hidden_link_text'>Compartir en Facebook<\/span><\/a><\/li><li class='av-share-link av-social-link-twitter' ><a target=\"_blank\" aria-label=\"Compartir en Twitter\" href='https:\/\/twitter.com\/share?text=IncubatecUFRO%20lanz%C3%B3%20nueva%20convocatoria%20para%20apoyar%20emprendimientos%20de%20la%20regi%C3%B3n%20de%20Ays%C3%A9n&#038;url=https:\/\/radiorevelacionfm.cl\/?p=32632' aria-hidden='false' data-av_icon='\ue8f1' data-av_iconfont='entypo-fontello' title='' data-avia-related-tooltip='Compartir en Twitter' rel=\"noopener\"><span class='avia_hidden_link_text'>Compartir en Twitter<\/span><\/a><\/li><li class='av-share-link av-social-link-whatsapp' ><a target=\"_blank\" aria-label=\"Compartir en Whatsapp\" href='https:\/\/api.whatsapp.com\/send?text=https:\/\/radiorevelacionfm.cl\/?p=32632' aria-hidden='false' data-av_icon='\uf232' data-av_iconfont='entypo-fontello' title='' data-avia-related-tooltip='Compartir en Whatsapp' rel=\"noopener\"><span class='avia_hidden_link_text'>Compartir en Whatsapp<\/span><\/a><\/li><li class='av-share-link av-social-link-linkedin' ><a target=\"_blank\" aria-label=\"Compartir en LinkedIn\" href='https:\/\/linkedin.com\/shareArticle?mini=true&#038;title=IncubatecUFRO%20lanz%C3%B3%20nueva%20convocatoria%20para%20apoyar%20emprendimientos%20de%20la%20regi%C3%B3n%20de%20Ays%C3%A9n&#038;url=https:\/\/radiorevelacionfm.cl\/?p=32632' aria-hidden='false' data-av_icon='\ue8fc' data-av_iconfont='entypo-fontello' title='' data-avia-related-tooltip='Compartir en LinkedIn' rel=\"noopener\"><span class='avia_hidden_link_text'>Compartir en LinkedIn<\/span><\/a><\/li><li class='av-share-link av-social-link-mail' ><a  aria-label=\"Compartir por correo\" href='mailto:?subject=IncubatecUFRO%20lanz%C3%B3%20nueva%20convocatoria%20para%20apoyar%20emprendimientos%20de%20la%20regi%C3%B3n%20de%20Ays%C3%A9n&#038;body=https:\/\/radiorevelacionfm.cl\/?p=32632' aria-hidden='false' data-av_icon='\ue805' data-av_iconfont='entypo-fontello' title='' data-avia-related-tooltip='Compartir por correo'><span class='avia_hidden_link_text'>Compartir por correo<\/span><\/a><\/li><\/ul><\/div><\/div>\n<div  style='height:50px' class='hr hr-invisible   avia-builder-el-8  el_after_av_social_share  el_before_av_comments_list '><span class='hr-inner ' ><span class='hr-inner-style'><\/span><\/span><\/div>\n<div  class='av-buildercomment  av-blog-meta-html-info-disabled av-blog-meta-tag-disabled  '><\/div>\n","protected":false},"excerpt":{"rendered":"","protected":false},"author":1,"featured_media":32633,"comment_status":"open","ping_status":"open","sticky":false,"template":"","format":"standard","meta":{"footnotes":""},"categories":[38],"tags":[],"class_list":["post-32632","post","type-post","status-publish","format-standard","has-post-thumbnail","hentry","category-regional"],"jetpack_featured_media_url":"https:\/\/radiorevelacionfm.cl\/wp-content\/uploads\/2023\/07\/Graficas-Latitudes-3-2-2.jpg","_links":{"self":[{"href":"https:\/\/radiorevelacionfm.cl\/index.php?rest_route=\/wp\/v2\/posts\/32632","targetHints":{"allow":["GET"]}}],"collection":[{"href":"https:\/\/radiorevelacionfm.cl\/index.php?rest_route=\/wp\/v2\/posts"}],"about":[{"href":"https:\/\/radiorevelacionfm.cl\/index.php?rest_route=\/wp\/v2\/types\/post"}],"author":[{"embeddable":true,"href":"https:\/\/radiorevelacionfm.cl\/index.php?rest_route=\/wp\/v2\/users\/1"}],"replies":[{"embeddable":true,"href":"https:\/\/radiorevelacionfm.cl\/index.php?rest_route=%2Fwp%2Fv2%2Fcomments&post=32632"}],"version-history":[{"count":1,"href":"https:\/\/radiorevelacionfm.cl\/index.php?rest_route=\/wp\/v2\/posts\/32632\/revisions"}],"predecessor-version":[{"id":32634,"href":"https:\/\/radiorevelacionfm.cl\/index.php?rest_route=\/wp\/v2\/posts\/32632\/revisions\/32634"}],"wp:featuredmedia":[{"embeddable":true,"href":"https:\/\/radiorevelacionfm.cl\/index.php?rest_route=\/wp\/v2\/media\/32633"}],"wp:attachment":[{"href":"https:\/\/radiorevelacionfm.cl\/index.php?rest_route=%2Fwp%2Fv2%2Fmedia&parent=32632"}],"wp:term":[{"taxonomy":"category","embeddable":true,"href":"https:\/\/radiorevelacionfm.cl\/index.php?rest_route=%2Fwp%2Fv2%2Fcategories&post=32632"},{"taxonomy":"post_tag","embeddable":true,"href":"https:\/\/radiorevelacionfm.cl\/index.php?rest_route=%2Fwp%2Fv2%2Ftags&post=32632"}],"curies":[{"name":"wp","href":"https:\/\/api.w.org\/{rel}","templated":true}]}}