{"id":32629,"date":"2023-07-04T21:24:58","date_gmt":"2023-07-05T00:24:58","guid":{"rendered":"https:\/\/radiorevelacionfm.cl\/?p=32629"},"modified":"2023-07-04T21:24:58","modified_gmt":"2023-07-05T00:24:58","slug":"centro-integral-de-biomasa-de-coyhaique-produjo-5-000-m3-de-lena-seca-este-ano","status":"publish","type":"post","link":"https:\/\/radiorevelacionfm.cl\/?p=32629","title":{"rendered":"Centro Integral de Biomasa de Coyhaique produjo 5.000 m3 de le\u00f1a seca este a\u00f1o"},"content":{"rendered":"<div class=\"flex_column av_one_full  flex_column_div av-zero-column-padding first  avia-builder-el-0  el_before_av_one_full  avia-builder-el-first  \" style='border-radius:0px; '><div  class='avia-image-container  av-styling-    avia-builder-el-1  avia-builder-el-no-sibling  avia-align-center '  itemprop=\"image\" itemscope=\"itemscope\" itemtype=\"https:\/\/schema.org\/ImageObject\"  ><div class='avia-image-container-inner'><div class='avia-image-overlay-wrap'><img decoding=\"async\" class='wp-image-32630 avia-img-lazy-loading-not-32630 avia_image' src=\"https:\/\/radiorevelacionfm.cl\/wp-content\/uploads\/2023\/07\/photo1688415945-2-2_optimized-2.jpeg\" alt='' title='photo1688415945-2-2_optimized-2' height=\"600\" width=\"800\"  itemprop=\"thumbnailUrl\" srcset=\"https:\/\/radiorevelacionfm.cl\/wp-content\/uploads\/2023\/07\/photo1688415945-2-2_optimized-2.jpeg 800w, https:\/\/radiorevelacionfm.cl\/wp-content\/uploads\/2023\/07\/photo1688415945-2-2_optimized-2-300x225.jpeg 300w, https:\/\/radiorevelacionfm.cl\/wp-content\/uploads\/2023\/07\/photo1688415945-2-2_optimized-2-768x576.jpeg 768w, https:\/\/radiorevelacionfm.cl\/wp-content\/uploads\/2023\/07\/photo1688415945-2-2_optimized-2-705x529.jpeg 705w, https:\/\/radiorevelacionfm.cl\/wp-content\/uploads\/2023\/07\/photo1688415945-2-2_optimized-2-450x338.jpeg 450w, https:\/\/radiorevelacionfm.cl\/wp-content\/uploads\/2023\/07\/photo1688415945-2-2_optimized-2-600x450.jpeg 600w\" sizes=\"(max-width: 800px) 100vw, 800px\" \/><\/div><\/div><\/div><\/div><div class=\"flex_column av_one_full  flex_column_div av-zero-column-padding first  avia-builder-el-2  el_after_av_one_full  el_before_av_one_full  column-top-margin\" style='border-radius:0px; '><section class=\"av_textblock_section \"  itemscope=\"itemscope\" itemtype=\"https:\/\/schema.org\/BlogPosting\" itemprop=\"blogPost\" ><div class='avia_textblock  '   itemprop=\"text\" ><p style=\"text-align: center;\"><strong><span style=\"font-size: 18pt;\">Centro Integral de Biomasa de Coyhaique produjo 5.000 m3 de le\u00f1a seca este a\u00f1o<\/span><\/strong><\/p>\n<div id=\"gtx-trans\" style=\"position: absolute; left: -50px; top: 4.31534px;\">\n<div class=\"gtx-trans-icon\"><\/div>\n<\/div>\n<\/div><\/section><\/div><div class=\"flex_column av_one_full  flex_column_div av-zero-column-padding first  avia-builder-el-4  el_after_av_one_full  el_before_av_hr  column-top-margin\" style='border-radius:0px; '><section class=\"av_textblock_section \"  itemscope=\"itemscope\" itemtype=\"https:\/\/schema.org\/BlogPosting\" itemprop=\"blogPost\" ><div class='avia_textblock  '   itemprop=\"text\" ><p style=\"text-align: justify;\">El Seremi de Energ\u00eda de Ays\u00e9n, Carlos D\u00edaz, junto a las profesionales de la unidad de biocombustibles de dicha repartici\u00f3n se trasladaron hasta el sector de Coyhaique Alto, para visitar al productor le\u00f1ero Patricio Bus, qui\u00e9n es beneficiario del programa \u201cCentro Integral de Biomasa\u201d (CIB) del Ministerio de Energ\u00eda y la Agencia de Sostenibilidad Energ\u00e9tica.<\/p>\n<p style=\"text-align: justify;\">Esta pionera iniciativa busca fomentar la producci\u00f3n y comercializaci\u00f3n de derivados de biomasa de calidad, que aborden la demanda de calefacci\u00f3n de la regi\u00f3n de Ays\u00e9n con miras a la implementaci\u00f3n de la nueva Ley de Biocombustibles S\u00f3lidos.<\/p>\n<p style=\"text-align: justify;\">El Seremi D\u00edaz destac\u00f3 que \u201cvisitamos a Patricio Bus un productor de le\u00f1a de Coyhaique, qui\u00e9n gracias al apoyo de los programas del ministerio ha podido mejorar sus procesos productivos. El postul\u00f3 en primera instancia al programa Le\u00f1a M\u00e1s Seca y luego al Centro Integral de Biomasa, lo que le permiti\u00f3 multiplicar varias veces su producci\u00f3n de le\u00f1a seca la que lleg\u00f3 este a\u00f1o a los 5.000 m3. Adem\u00e1s, obtuvo el Sello Calidad de Le\u00f1a, certificaci\u00f3n que asegura que la le\u00f1a que pone a disposici\u00f3n de la comunidad y de comerciantes regionales sea de calidad\u201d.<\/p>\n<p style=\"text-align: justify;\">El CIB cofinanci\u00f3 70 millones de pesos para la habilitaci\u00f3n de un galp\u00f3n de secado natural de le\u00f1a con una capacidad de 1200 m3, asistencia t\u00e9cnica y la adquisici\u00f3n de un cargador frontal para el apoyo en la carga de le\u00f1a en el campo y mantenci\u00f3n de caminos.<\/p>\n<p style=\"text-align: justify;\">El beneficiario Patricio Bus, qui\u00e9n trabaja en el rubro de le\u00f1a hace 10 a\u00f1os, coment\u00f3 que el apoyo entregado por el Ministerio de Energ\u00eda ha sido clave en el desarrollo de su negocio \u201cme ha ayudado mucho, ya que, sino no tendr\u00eda la opci\u00f3n de tener los galpones, ya que la le\u00f1a no da para hacer galpones. Si yo hiciera el negocio como lo hac\u00eda antes, podr\u00eda llegar con 300 o 400 m3 nunca a los 5.000 m3, todas las ayudas son buenas\u201d recalc\u00f3.<\/p>\n<p style=\"text-align: justify;\">Cabe se\u00f1alar, que la A.G R\u00edo Baker de Cochrane que cuenta con m\u00e1s de 60 asociados, tambi\u00e9n fue beneficiaria de este programa a trav\u00e9s del cofinanciamiento de 69 millones de pesos para asistencia t\u00e9cnica y la construcci\u00f3n de dos galpones, un secador forzado de le\u00f1a y maquinarias. Este proyecto tambi\u00e9n fue exitoso en su implementaci\u00f3n.<\/p>\n<p style=\"text-align: justify;\">La autoridad regional de Energ\u00eda explic\u00f3 que el Ministerio de Energ\u00eda se ha dispuesto continuar con la implementaci\u00f3n de Centros Integrales de Biomasa en todas las regiones del centro sur del pa\u00eds. \u201cEste programa ha demostrado tener buenos resultados ya que act\u00faa como apoyo a la gesti\u00f3n productiva y comercial de productores, comercializadores, asociaciones y cooperativas, para que el abastecimiento del mercado local sea con le\u00f1a seca de calidad, con origen sostenible, limpia y eficiente. Esto est\u00e1 en l\u00ednea de lo que se viene con la implementaci\u00f3n de la Ley de Biocombustibles S\u00f3lidos y con la modernizaci\u00f3n del sector\u201d explic\u00f3 D\u00edaz.<\/p>\n<p style=\"text-align: justify;\">Finalmente, el Seremi de Energ\u00eda dijo que se espera prontamente abrir la convocatoria regional a este programa, la que se dar\u00e1 a conocer a la comunidad de manera oportuna.<\/p>\n<\/div><\/section><\/div><div  style='height:50px' class='hr hr-invisible   avia-builder-el-6  el_after_av_one_full  el_before_av_social_share '><span class='hr-inner ' ><span class='hr-inner-style'><\/span><\/span><\/div><\/p>\n<div  class='av-social-sharing-box  avia-builder-el-7  el_after_av_hr  el_before_av_hr  '><div class='av-share-box'><h5 class='av-share-link-description av-no-toc '>Compartir esta noticia<\/h5><ul class='av-share-box-list noLightbox'><li class='av-share-link av-social-link-facebook' ><a target=\"_blank\" aria-label=\"Compartir en Facebook\" href='https:\/\/www.facebook.com\/sharer.php?u=https:\/\/radiorevelacionfm.cl\/?p=32629&#038;t=Centro%20Integral%20de%20Biomasa%20de%20Coyhaique%20produjo%205.000%20m3%20de%20le%C3%B1a%20seca%20este%20a%C3%B1o' aria-hidden='false' data-av_icon='\ue8f3' data-av_iconfont='entypo-fontello' title='' data-avia-related-tooltip='Compartir en Facebook' rel=\"noopener\"><span class='avia_hidden_link_text'>Compartir en Facebook<\/span><\/a><\/li><li class='av-share-link av-social-link-twitter' ><a target=\"_blank\" aria-label=\"Compartir en Twitter\" href='https:\/\/twitter.com\/share?text=Centro%20Integral%20de%20Biomasa%20de%20Coyhaique%20produjo%205.000%20m3%20de%20le%C3%B1a%20seca%20este%20a%C3%B1o&#038;url=https:\/\/radiorevelacionfm.cl\/?p=32629' aria-hidden='false' data-av_icon='\ue8f1' data-av_iconfont='entypo-fontello' title='' data-avia-related-tooltip='Compartir en Twitter' rel=\"noopener\"><span class='avia_hidden_link_text'>Compartir en Twitter<\/span><\/a><\/li><li class='av-share-link av-social-link-whatsapp' ><a target=\"_blank\" aria-label=\"Compartir en Whatsapp\" href='https:\/\/api.whatsapp.com\/send?text=https:\/\/radiorevelacionfm.cl\/?p=32629' aria-hidden='false' data-av_icon='\uf232' data-av_iconfont='entypo-fontello' title='' data-avia-related-tooltip='Compartir en Whatsapp' rel=\"noopener\"><span class='avia_hidden_link_text'>Compartir en Whatsapp<\/span><\/a><\/li><li class='av-share-link av-social-link-linkedin' ><a target=\"_blank\" aria-label=\"Compartir en LinkedIn\" href='https:\/\/linkedin.com\/shareArticle?mini=true&#038;title=Centro%20Integral%20de%20Biomasa%20de%20Coyhaique%20produjo%205.000%20m3%20de%20le%C3%B1a%20seca%20este%20a%C3%B1o&#038;url=https:\/\/radiorevelacionfm.cl\/?p=32629' aria-hidden='false' data-av_icon='\ue8fc' data-av_iconfont='entypo-fontello' title='' data-avia-related-tooltip='Compartir en LinkedIn' rel=\"noopener\"><span class='avia_hidden_link_text'>Compartir en LinkedIn<\/span><\/a><\/li><li class='av-share-link av-social-link-mail' ><a  aria-label=\"Compartir por correo\" href='mailto:?subject=Centro%20Integral%20de%20Biomasa%20de%20Coyhaique%20produjo%205.000%20m3%20de%20le%C3%B1a%20seca%20este%20a%C3%B1o&#038;body=https:\/\/radiorevelacionfm.cl\/?p=32629' aria-hidden='false' data-av_icon='\ue805' data-av_iconfont='entypo-fontello' title='' data-avia-related-tooltip='Compartir por correo'><span class='avia_hidden_link_text'>Compartir por correo<\/span><\/a><\/li><\/ul><\/div><\/div>\n<div  style='height:50px' class='hr hr-invisible   avia-builder-el-8  el_after_av_social_share  el_before_av_comments_list '><span class='hr-inner ' ><span class='hr-inner-style'><\/span><\/span><\/div>\n<div  class='av-buildercomment  av-blog-meta-html-info-disabled av-blog-meta-tag-disabled  '><\/div>\n","protected":false},"excerpt":{"rendered":"","protected":false},"author":1,"featured_media":32630,"comment_status":"open","ping_status":"open","sticky":false,"template":"","format":"standard","meta":{"footnotes":""},"categories":[38],"tags":[],"class_list":["post-32629","post","type-post","status-publish","format-standard","has-post-thumbnail","hentry","category-regional"],"jetpack_featured_media_url":"https:\/\/radiorevelacionfm.cl\/wp-content\/uploads\/2023\/07\/photo1688415945-2-2_optimized-2.jpeg","_links":{"self":[{"href":"https:\/\/radiorevelacionfm.cl\/index.php?rest_route=\/wp\/v2\/posts\/32629","targetHints":{"allow":["GET"]}}],"collection":[{"href":"https:\/\/radiorevelacionfm.cl\/index.php?rest_route=\/wp\/v2\/posts"}],"about":[{"href":"https:\/\/radiorevelacionfm.cl\/index.php?rest_route=\/wp\/v2\/types\/post"}],"author":[{"embeddable":true,"href":"https:\/\/radiorevelacionfm.cl\/index.php?rest_route=\/wp\/v2\/users\/1"}],"replies":[{"embeddable":true,"href":"https:\/\/radiorevelacionfm.cl\/index.php?rest_route=%2Fwp%2Fv2%2Fcomments&post=32629"}],"version-history":[{"count":1,"href":"https:\/\/radiorevelacionfm.cl\/index.php?rest_route=\/wp\/v2\/posts\/32629\/revisions"}],"predecessor-version":[{"id":32631,"href":"https:\/\/radiorevelacionfm.cl\/index.php?rest_route=\/wp\/v2\/posts\/32629\/revisions\/32631"}],"wp:featuredmedia":[{"embeddable":true,"href":"https:\/\/radiorevelacionfm.cl\/index.php?rest_route=\/wp\/v2\/media\/32630"}],"wp:attachment":[{"href":"https:\/\/radiorevelacionfm.cl\/index.php?rest_route=%2Fwp%2Fv2%2Fmedia&parent=32629"}],"wp:term":[{"taxonomy":"category","embeddable":true,"href":"https:\/\/radiorevelacionfm.cl\/index.php?rest_route=%2Fwp%2Fv2%2Fcategories&post=32629"},{"taxonomy":"post_tag","embeddable":true,"href":"https:\/\/radiorevelacionfm.cl\/index.php?rest_route=%2Fwp%2Fv2%2Ftags&post=32629"}],"curies":[{"name":"wp","href":"https:\/\/api.w.org\/{rel}","templated":true}]}}