{"id":32623,"date":"2023-07-04T10:29:13","date_gmt":"2023-07-04T13:29:13","guid":{"rendered":"https:\/\/radiorevelacionfm.cl\/?p=32623"},"modified":"2023-07-04T10:29:13","modified_gmt":"2023-07-04T13:29:13","slug":"vecinos-del-pasaje-griselda-garate-se-reunen-con-diputado-calisto-y-piden-implementar-plan-para-avanzar-en-regularizacion-de-sectores-rurales","status":"publish","type":"post","link":"https:\/\/radiorevelacionfm.cl\/?p=32623","title":{"rendered":"Vecinos del pasaje Griselda G\u00e1rate se re\u00fanen con diputado Calisto y piden implementar plan para avanzar en regularizaci\u00f3n de sectores rurales"},"content":{"rendered":"<div class=\"flex_column av_one_full  flex_column_div av-zero-column-padding first  avia-builder-el-0  el_before_av_one_full  avia-builder-el-first  \" style='border-radius:0px; '><div  class='avia-image-container  av-styling-    avia-builder-el-1  avia-builder-el-no-sibling  avia-align-center '  itemprop=\"image\" itemscope=\"itemscope\" itemtype=\"https:\/\/schema.org\/ImageObject\"  ><div class='avia-image-container-inner'><div class='avia-image-overlay-wrap'><img decoding=\"async\" class='wp-image-32624 avia-img-lazy-loading-not-32624 avia_image' src=\"https:\/\/radiorevelacionfm.cl\/wp-content\/uploads\/2023\/07\/image-123-2.jpg\" alt='' title='image-123-2' height=\"600\" width=\"1066\"  itemprop=\"thumbnailUrl\" srcset=\"https:\/\/radiorevelacionfm.cl\/wp-content\/uploads\/2023\/07\/image-123-2.jpg 1066w, https:\/\/radiorevelacionfm.cl\/wp-content\/uploads\/2023\/07\/image-123-2-300x169.jpg 300w, https:\/\/radiorevelacionfm.cl\/wp-content\/uploads\/2023\/07\/image-123-2-1030x580.jpg 1030w, https:\/\/radiorevelacionfm.cl\/wp-content\/uploads\/2023\/07\/image-123-2-768x432.jpg 768w, https:\/\/radiorevelacionfm.cl\/wp-content\/uploads\/2023\/07\/image-123-2-705x397.jpg 705w, https:\/\/radiorevelacionfm.cl\/wp-content\/uploads\/2023\/07\/image-123-2-450x253.jpg 450w, https:\/\/radiorevelacionfm.cl\/wp-content\/uploads\/2023\/07\/image-123-2-600x338.jpg 600w\" sizes=\"(max-width: 1066px) 100vw, 1066px\" \/><\/div><\/div><\/div><\/div><div class=\"flex_column av_one_full  flex_column_div av-zero-column-padding first  avia-builder-el-2  el_after_av_one_full  el_before_av_one_full  column-top-margin\" style='border-radius:0px; '><section class=\"av_textblock_section \"  itemscope=\"itemscope\" itemtype=\"https:\/\/schema.org\/BlogPosting\" itemprop=\"blogPost\" ><div class='avia_textblock  '   itemprop=\"text\" ><p style=\"text-align: center;\"><span style=\"font-size: 18pt;\"><b><span lang=\"ES\">Vecinos del pasaje Griselda G\u00e1rate se re\u00fanen con diputado Calisto y piden implementar plan para avanzar en regularizaci\u00f3n de sectores rurales<\/span><\/b><\/span><\/p>\n<div id=\"gtx-trans\" style=\"position: absolute; left: -50px; top: 4.31534px;\">\n<div class=\"gtx-trans-icon\"><\/div>\n<\/div>\n<\/div><\/section><\/div><div class=\"flex_column av_one_full  flex_column_div av-zero-column-padding first  avia-builder-el-4  el_after_av_one_full  el_before_av_hr  column-top-margin\" style='border-radius:0px; '><section class=\"av_textblock_section \"  itemscope=\"itemscope\" itemtype=\"https:\/\/schema.org\/BlogPosting\" itemprop=\"blogPost\" ><div class='avia_textblock  '   itemprop=\"text\" ><p style=\"text-align: justify;\">Tras reunirse con vecinas y vecinos del pasaje Griselda G\u00e1rate de Puerto Ays\u00e9n, quienes le plantearon los distintos problemas de habitabilidad con los que tienen que lidiar en el d\u00eda a d\u00eda, el diputado Miguel \u00c1ngel Calisto inst\u00f3 al Gobierno a crear un plan que permita el financiamiento para la regularizaci\u00f3n de distintos sectores de la regi\u00f3n que tienen esta problem\u00e1tica, con el fin de mejorar la calidad de vida de quienes habitan ah\u00ed.<\/p>\n<p style=\"text-align: justify;\">Seg\u00fan el legislador, \u201cnos reunimos con los vecinos del pasaje Griselda G\u00e1rate de Puerto Ays\u00e9n. Destacamos la organizaci\u00f3n que han tenido para buscar ayuda para la regularizaci\u00f3n de un pasaje que est\u00e1 en zona rural, pero que hoy pr\u00e1cticamente est\u00e1 dentro de la ciudad, porque se trata de un sector que est\u00e1 pr\u00e1cticamente incorporado en la ciudad\u201d.<\/p>\n<p style=\"text-align: justify;\">\u201cAl igual que este sector, hay otros que est\u00e1n en una situaci\u00f3n similar, no s\u00f3lo en Puerto Ays\u00e9n, sino tambi\u00e9n en Coyhaique y otras ciudades. Para nosotros es fundamental que se genere un plan, un programa con financiamiento para la regularizaci\u00f3n de estos sectores, tomando en cuenta que ya est\u00e1n habitados, pero no tienen alcantarillado, agua potable, luz el\u00e9ctrica. Todo lo han tenido que hacer de manera particular, pero hay recursos que no alcanzan para poder suplir la habilitaci\u00f3n total de este sector\u201d.<\/p>\n<p style=\"text-align: justify;\">Calisto agreg\u00f3 que \u201cestamos pidiendo el apoyo del Municipio, de Bienes Nacionales y tambi\u00e9n del Gobierno Regional, porque ac\u00e1 todos los sectores institucionales deben aportar para ir buscando una soluci\u00f3n a los distintos lugares que se encuentran en esta situaci\u00f3n\u201d.<\/p>\n<p style=\"text-align: justify;\">Por su parte, Constanza B\u00f3rquez, vecina del sector, asegur\u00f3 \u201cnosotros somos alrededor de 35 familias, que somos due\u00f1os, que compramos. Tenemos muchos problemas, no hay alcantarillado, la gente tiene fosas s\u00e9pticas y debe pagar mucho cuando hay que limpiar, adem\u00e1s de los malos olores. Tampoco hay luz. Estamos pidiendo ayuda al Municipio, porque ya llevamos cerca de 12 a\u00f1os viviendo ac\u00e1\u201d.<\/p>\n<p style=\"text-align: justify;\">Finalmente, la vecina indic\u00f3 que \u201cmenos mal ahora el cami\u00f3n de basura pasa por dentro, pero necesitamos m\u00e1s ayuda y apoyo. Estamos formando un comit\u00e9, necesitamos luz por un tema de seguridad. Estamos organizados, pero necesitamos apoyo.\u00a0Se agradece que el diputado est\u00e9 ac\u00e1 y nos tome en cuenta\u201d.<\/p>\n<\/div><\/section><\/div><div  style='height:50px' class='hr hr-invisible   avia-builder-el-6  el_after_av_one_full  el_before_av_social_share '><span class='hr-inner ' ><span class='hr-inner-style'><\/span><\/span><\/div><\/p>\n<div  class='av-social-sharing-box  avia-builder-el-7  el_after_av_hr  el_before_av_hr  '><div class='av-share-box'><h5 class='av-share-link-description av-no-toc '>Compartir esta noticia<\/h5><ul class='av-share-box-list noLightbox'><li class='av-share-link av-social-link-facebook' ><a target=\"_blank\" aria-label=\"Compartir en Facebook\" href='https:\/\/www.facebook.com\/sharer.php?u=https:\/\/radiorevelacionfm.cl\/?p=32623&#038;t=Vecinos%20del%20pasaje%20Griselda%20G%C3%A1rate%20se%20re%C3%BAnen%20con%20diputado%20Calisto%20y%20piden%20implementar%20plan%20para%20avanzar%20en%20regularizaci%C3%B3n%20de%20sectores%20rurales' aria-hidden='false' data-av_icon='\ue8f3' data-av_iconfont='entypo-fontello' title='' data-avia-related-tooltip='Compartir en Facebook' rel=\"noopener\"><span class='avia_hidden_link_text'>Compartir en Facebook<\/span><\/a><\/li><li class='av-share-link av-social-link-twitter' ><a target=\"_blank\" aria-label=\"Compartir en Twitter\" href='https:\/\/twitter.com\/share?text=Vecinos%20del%20pasaje%20Griselda%20G%C3%A1rate%20se%20re%C3%BAnen%20con%20diputado%20Calisto%20y%20piden%20implementar%20plan%20para%20avanzar%20en%20regularizaci%C3%B3n%20de%20sectores%20rurales&#038;url=https:\/\/radiorevelacionfm.cl\/?p=32623' aria-hidden='false' data-av_icon='\ue8f1' data-av_iconfont='entypo-fontello' title='' data-avia-related-tooltip='Compartir en Twitter' rel=\"noopener\"><span class='avia_hidden_link_text'>Compartir en Twitter<\/span><\/a><\/li><li class='av-share-link av-social-link-whatsapp' ><a target=\"_blank\" aria-label=\"Compartir en Whatsapp\" href='https:\/\/api.whatsapp.com\/send?text=https:\/\/radiorevelacionfm.cl\/?p=32623' aria-hidden='false' data-av_icon='\uf232' data-av_iconfont='entypo-fontello' title='' data-avia-related-tooltip='Compartir en Whatsapp' rel=\"noopener\"><span class='avia_hidden_link_text'>Compartir en Whatsapp<\/span><\/a><\/li><li class='av-share-link av-social-link-linkedin' ><a target=\"_blank\" aria-label=\"Compartir en LinkedIn\" href='https:\/\/linkedin.com\/shareArticle?mini=true&#038;title=Vecinos%20del%20pasaje%20Griselda%20G%C3%A1rate%20se%20re%C3%BAnen%20con%20diputado%20Calisto%20y%20piden%20implementar%20plan%20para%20avanzar%20en%20regularizaci%C3%B3n%20de%20sectores%20rurales&#038;url=https:\/\/radiorevelacionfm.cl\/?p=32623' aria-hidden='false' data-av_icon='\ue8fc' data-av_iconfont='entypo-fontello' title='' data-avia-related-tooltip='Compartir en LinkedIn' rel=\"noopener\"><span class='avia_hidden_link_text'>Compartir en LinkedIn<\/span><\/a><\/li><li class='av-share-link av-social-link-mail' ><a  aria-label=\"Compartir por correo\" href='mailto:?subject=Vecinos%20del%20pasaje%20Griselda%20G%C3%A1rate%20se%20re%C3%BAnen%20con%20diputado%20Calisto%20y%20piden%20implementar%20plan%20para%20avanzar%20en%20regularizaci%C3%B3n%20de%20sectores%20rurales&#038;body=https:\/\/radiorevelacionfm.cl\/?p=32623' aria-hidden='false' data-av_icon='\ue805' data-av_iconfont='entypo-fontello' title='' data-avia-related-tooltip='Compartir por correo'><span class='avia_hidden_link_text'>Compartir por correo<\/span><\/a><\/li><\/ul><\/div><\/div>\n<div  style='height:50px' class='hr hr-invisible   avia-builder-el-8  el_after_av_social_share  el_before_av_comments_list '><span class='hr-inner ' ><span class='hr-inner-style'><\/span><\/span><\/div>\n<div  class='av-buildercomment  av-blog-meta-html-info-disabled av-blog-meta-tag-disabled  '><\/div>\n","protected":false},"excerpt":{"rendered":"","protected":false},"author":1,"featured_media":32624,"comment_status":"open","ping_status":"open","sticky":false,"template":"","format":"standard","meta":{"footnotes":""},"categories":[35],"tags":[],"class_list":["post-32623","post","type-post","status-publish","format-standard","has-post-thumbnail","hentry","category-politica"],"jetpack_featured_media_url":"https:\/\/radiorevelacionfm.cl\/wp-content\/uploads\/2023\/07\/image-123-2.jpg","_links":{"self":[{"href":"https:\/\/radiorevelacionfm.cl\/index.php?rest_route=\/wp\/v2\/posts\/32623","targetHints":{"allow":["GET"]}}],"collection":[{"href":"https:\/\/radiorevelacionfm.cl\/index.php?rest_route=\/wp\/v2\/posts"}],"about":[{"href":"https:\/\/radiorevelacionfm.cl\/index.php?rest_route=\/wp\/v2\/types\/post"}],"author":[{"embeddable":true,"href":"https:\/\/radiorevelacionfm.cl\/index.php?rest_route=\/wp\/v2\/users\/1"}],"replies":[{"embeddable":true,"href":"https:\/\/radiorevelacionfm.cl\/index.php?rest_route=%2Fwp%2Fv2%2Fcomments&post=32623"}],"version-history":[{"count":1,"href":"https:\/\/radiorevelacionfm.cl\/index.php?rest_route=\/wp\/v2\/posts\/32623\/revisions"}],"predecessor-version":[{"id":32625,"href":"https:\/\/radiorevelacionfm.cl\/index.php?rest_route=\/wp\/v2\/posts\/32623\/revisions\/32625"}],"wp:featuredmedia":[{"embeddable":true,"href":"https:\/\/radiorevelacionfm.cl\/index.php?rest_route=\/wp\/v2\/media\/32624"}],"wp:attachment":[{"href":"https:\/\/radiorevelacionfm.cl\/index.php?rest_route=%2Fwp%2Fv2%2Fmedia&parent=32623"}],"wp:term":[{"taxonomy":"category","embeddable":true,"href":"https:\/\/radiorevelacionfm.cl\/index.php?rest_route=%2Fwp%2Fv2%2Fcategories&post=32623"},{"taxonomy":"post_tag","embeddable":true,"href":"https:\/\/radiorevelacionfm.cl\/index.php?rest_route=%2Fwp%2Fv2%2Ftags&post=32623"}],"curies":[{"name":"wp","href":"https:\/\/api.w.org\/{rel}","templated":true}]}}