{"id":3262,"date":"2021-04-19T10:55:43","date_gmt":"2021-04-19T13:55:43","guid":{"rendered":"https:\/\/radiorevelacionfm.cl\/?p=3262"},"modified":"2021-04-19T10:55:43","modified_gmt":"2021-04-19T13:55:43","slug":"senadora-ordenes-por-el-tercer-retiro-el-anuncio-de-pinera-de-ir-al-tc-es-inaceptable","status":"publish","type":"post","link":"https:\/\/radiorevelacionfm.cl\/?p=3262","title":{"rendered":"Senadora \u00d3rdenes por el tercer retiro \u201cEl anuncio de Pi\u00f1era de ir al TC es inaceptable\u201d"},"content":{"rendered":"<div class=\"flex_column av_one_full  flex_column_div av-zero-column-padding first  avia-builder-el-0  el_before_av_one_full  avia-builder-el-first  \" style='border-radius:0px; '><div  class='avia-image-container  av-styling-    avia-builder-el-1  avia-builder-el-no-sibling  avia-align-center '  itemprop=\"image\" itemscope=\"itemscope\" itemtype=\"https:\/\/schema.org\/ImageObject\"  ><div class='avia-image-container-inner'><div class='avia-image-overlay-wrap'><img decoding=\"async\" class='wp-image-0 avia-img-lazy-loading-not-0 avia_image' src=\"https:\/\/radiorevelacionfm.cl\/wp-content\/uploads\/2021\/04\/Senadora-Oredenes1.jpg\" alt='' title=''   itemprop=\"thumbnailUrl\"  \/><\/div><\/div><\/div><\/div><div class=\"flex_column av_one_full  flex_column_div av-zero-column-padding first  avia-builder-el-2  el_after_av_one_full  el_before_av_one_full  column-top-margin\" style='border-radius:0px; '><section class=\"av_textblock_section \"  itemscope=\"itemscope\" itemtype=\"https:\/\/schema.org\/BlogPosting\" itemprop=\"blogPost\" ><div class='avia_textblock  '   itemprop=\"text\" ><p style=\"text-align: center;\"><strong><span style=\"font-size: 18pt;\">Senadora \u00d3rdenes por el tercer retiro \u201cEl anuncio de Pi\u00f1era de ir al TC es inaceptable\u201d<\/span><\/strong><\/p>\n<div id=\"gtx-trans\" style=\"position: absolute; left: -50px; top: 4.31534px;\">\n<div class=\"gtx-trans-icon\"><\/div>\n<\/div>\n<\/div><\/section><\/div><div class=\"flex_column av_one_full  flex_column_div av-zero-column-padding first  avia-builder-el-4  el_after_av_one_full  el_before_av_hr  column-top-margin\" style='border-radius:0px; '><section class=\"av_textblock_section \"  itemscope=\"itemscope\" itemtype=\"https:\/\/schema.org\/BlogPosting\" itemprop=\"blogPost\" ><div class='avia_textblock  '   itemprop=\"text\" ><p style=\"font-weight: 400; text-align: justify;\">La parlamentaria lament\u00f3 la posici\u00f3n adoptada por La Moneda frente al proyecto que comenzar\u00e1 a discutirse este lunes en la comisi\u00f3n de Constituci\u00f3n del Senado. \u201cRecurrir al Tribunal Constitucional lo \u00fanico que har\u00e1 ser\u00e1 tensionar a\u00fan m\u00e1s el ambiente, pero sobretodo evitar\u00e1 que millones de chilenas y chilenos tengan recursos para enfrentar lo que viene\u201d, sostuvo.<\/p>\n<p style=\"font-weight: 400; text-align: justify;\">Este lunes la comisi\u00f3n de Constituci\u00f3n del Senado comenzar\u00e1 el debate \u2013 hasta total despacho &#8211; del tercer retiro del 10%, en un escenario incierto ante la declaraci\u00f3n del Presidente Pi\u00f1era de recurrir al TC, pese a las insistencias incluso de su propio sector.<\/p>\n<p style=\"font-weight: 400; text-align: justify;\">Frente a este escenario, la senadora por Ays\u00e9n, Ximena \u00d3rdenes Neira, asegur\u00f3 que el actuar de La Moneda es \u201clamentable\u201d y que solo dejan en evidencia \u201cla indiferencia del Ejecutivo frente a la situaci\u00f3n cr\u00edtica que viven millones de chilenas y chilenos que ven en el tercer retiro de sus fondos de pensiones la soluci\u00f3n para enfrentar esta crisis\u201d.<\/p>\n<p style=\"font-weight: 400; text-align: justify;\">En este sentido, \u00d3rdenes recalc\u00f3: \u201cno por nada estamos legislando por un tercer retiro de los fondos de pensiones y eso ocurre porque, luego de un a\u00f1o de pandemia, el Gobierno no ha tenido la intenci\u00f3n pol\u00edtica de entregar un beneficio universal, que resuelva la situaci\u00f3n que viven las familias en el pa\u00eds\u201d.<\/p>\n<p style=\"font-weight: 400; text-align: justify;\">Respecto a la situaci\u00f3n ocurrida este fin de semana con la entrega del Bono Clase Media, la parlamentaria critic\u00f3 \u201cla excesiva focalizaci\u00f3n\u201d en los beneficios que entrega el Gobierno y que al ser exclusiva facultad del Ejecutivo deja \u201catado de manos al Congreso\u201d.<\/p>\n<p style=\"font-weight: 400; text-align: justify;\">\u201cEn un a\u00f1o en pandemia y no ha sido la primera vez, ni ser\u00e1 la \u00faltima que desde el Congreso nos enfrentemos frente a propuestas erradas, extremadamente focalizadas y que no van en ayuda de quienes m\u00e1s lo necesitan. Lo que ocurri\u00f3 este fin de semana con el Bono Clase Media ya pas\u00f3 antes con todos los IFE y todos los beneficios que, con letra chica, terminan dejando a las familias sin ingresos reales\u201d, asegur\u00f3 la senadora.<\/p>\n<p style=\"font-weight: 400; text-align: justify;\">Finalmente, Ximena \u00d3rdenes Neira aclar\u00f3 que el proyecto que se ver\u00e1 esta semana en el Senado contar\u00e1 con su apoyo y que el Presidente tiene en sus manos la soluci\u00f3n y apoyar realmente a las familias.<\/p>\n<p style=\"font-weight: 400; text-align: justify;\">\u201cNo tengo dudas que el proyecto se aprobar\u00e1 en el Senado y estar\u00e1 en condiciones de ser promulgado si el Presidente as\u00ed lo estima. Hoy est\u00e1 en sus manos terminar con los bonos y retiro de los fondos de pensiones de las y los chilenos para disponer de una Renta B\u00e1sica Universal, que no segmente la pobreza, sino que ayude a enfrentar la crisis econ\u00f3mica provocada por la pandemia\u201d, puntualiz\u00f3.<\/p>\n<\/div><\/section><\/div><div  style='height:50px' class='hr hr-invisible   avia-builder-el-6  el_after_av_one_full  el_before_av_social_share '><span class='hr-inner ' ><span class='hr-inner-style'><\/span><\/span><\/div><\/p>\n<div  class='av-social-sharing-box  avia-builder-el-7  el_after_av_hr  el_before_av_hr  '><div class='av-share-box'><h5 class='av-share-link-description av-no-toc '>Compartir esta noticia<\/h5><ul class='av-share-box-list noLightbox'><li class='av-share-link av-social-link-facebook' ><a target=\"_blank\" aria-label=\"Compartir en Facebook\" href='https:\/\/www.facebook.com\/sharer.php?u=https:\/\/radiorevelacionfm.cl\/?p=3262&#038;t=Senadora%20%C3%93rdenes%20por%20el%20tercer%20retiro%20%E2%80%9CEl%20anuncio%20de%20Pi%C3%B1era%20de%20ir%20al%20TC%20es%20inaceptable%E2%80%9D' aria-hidden='false' data-av_icon='\ue8f3' data-av_iconfont='entypo-fontello' title='' data-avia-related-tooltip='Compartir en Facebook' rel=\"noopener\"><span class='avia_hidden_link_text'>Compartir en Facebook<\/span><\/a><\/li><li class='av-share-link av-social-link-twitter' ><a target=\"_blank\" aria-label=\"Compartir en Twitter\" href='https:\/\/twitter.com\/share?text=Senadora%20%C3%93rdenes%20por%20el%20tercer%20retiro%20%E2%80%9CEl%20anuncio%20de%20Pi%C3%B1era%20de%20ir%20al%20TC%20es%20inaceptable%E2%80%9D&#038;url=https:\/\/radiorevelacionfm.cl\/?p=3262' aria-hidden='false' data-av_icon='\ue8f1' data-av_iconfont='entypo-fontello' title='' data-avia-related-tooltip='Compartir en Twitter' rel=\"noopener\"><span class='avia_hidden_link_text'>Compartir en Twitter<\/span><\/a><\/li><li class='av-share-link av-social-link-whatsapp' ><a target=\"_blank\" aria-label=\"Compartir en Whatsapp\" href='https:\/\/api.whatsapp.com\/send?text=https:\/\/radiorevelacionfm.cl\/?p=3262' aria-hidden='false' data-av_icon='\uf232' data-av_iconfont='entypo-fontello' title='' data-avia-related-tooltip='Compartir en Whatsapp' rel=\"noopener\"><span class='avia_hidden_link_text'>Compartir en Whatsapp<\/span><\/a><\/li><li class='av-share-link av-social-link-linkedin' ><a target=\"_blank\" aria-label=\"Compartir en LinkedIn\" href='https:\/\/linkedin.com\/shareArticle?mini=true&#038;title=Senadora%20%C3%93rdenes%20por%20el%20tercer%20retiro%20%E2%80%9CEl%20anuncio%20de%20Pi%C3%B1era%20de%20ir%20al%20TC%20es%20inaceptable%E2%80%9D&#038;url=https:\/\/radiorevelacionfm.cl\/?p=3262' aria-hidden='false' data-av_icon='\ue8fc' data-av_iconfont='entypo-fontello' title='' data-avia-related-tooltip='Compartir en LinkedIn' rel=\"noopener\"><span class='avia_hidden_link_text'>Compartir en LinkedIn<\/span><\/a><\/li><li class='av-share-link av-social-link-mail' ><a  aria-label=\"Compartir por correo\" href='mailto:?subject=Senadora%20%C3%93rdenes%20por%20el%20tercer%20retiro%20%E2%80%9CEl%20anuncio%20de%20Pi%C3%B1era%20de%20ir%20al%20TC%20es%20inaceptable%E2%80%9D&#038;body=https:\/\/radiorevelacionfm.cl\/?p=3262' aria-hidden='false' data-av_icon='\ue805' data-av_iconfont='entypo-fontello' title='' data-avia-related-tooltip='Compartir por correo'><span class='avia_hidden_link_text'>Compartir por correo<\/span><\/a><\/li><\/ul><\/div><\/div>\n<div  style='height:50px' class='hr hr-invisible   avia-builder-el-8  el_after_av_social_share  el_before_av_comments_list '><span class='hr-inner ' ><span class='hr-inner-style'><\/span><\/span><\/div>\n<div  class='av-buildercomment  av-blog-meta-html-info-disabled av-blog-meta-tag-disabled  '><\/div>\n","protected":false},"excerpt":{"rendered":"","protected":false},"author":1,"featured_media":0,"comment_status":"open","ping_status":"open","sticky":false,"template":"","format":"standard","meta":{"footnotes":""},"categories":[35],"tags":[],"class_list":["post-3262","post","type-post","status-publish","format-standard","hentry","category-politica"],"jetpack_featured_media_url":"","_links":{"self":[{"href":"https:\/\/radiorevelacionfm.cl\/index.php?rest_route=\/wp\/v2\/posts\/3262","targetHints":{"allow":["GET"]}}],"collection":[{"href":"https:\/\/radiorevelacionfm.cl\/index.php?rest_route=\/wp\/v2\/posts"}],"about":[{"href":"https:\/\/radiorevelacionfm.cl\/index.php?rest_route=\/wp\/v2\/types\/post"}],"author":[{"embeddable":true,"href":"https:\/\/radiorevelacionfm.cl\/index.php?rest_route=\/wp\/v2\/users\/1"}],"replies":[{"embeddable":true,"href":"https:\/\/radiorevelacionfm.cl\/index.php?rest_route=%2Fwp%2Fv2%2Fcomments&post=3262"}],"version-history":[{"count":1,"href":"https:\/\/radiorevelacionfm.cl\/index.php?rest_route=\/wp\/v2\/posts\/3262\/revisions"}],"predecessor-version":[{"id":3265,"href":"https:\/\/radiorevelacionfm.cl\/index.php?rest_route=\/wp\/v2\/posts\/3262\/revisions\/3265"}],"wp:attachment":[{"href":"https:\/\/radiorevelacionfm.cl\/index.php?rest_route=%2Fwp%2Fv2%2Fmedia&parent=3262"}],"wp:term":[{"taxonomy":"category","embeddable":true,"href":"https:\/\/radiorevelacionfm.cl\/index.php?rest_route=%2Fwp%2Fv2%2Fcategories&post=3262"},{"taxonomy":"post_tag","embeddable":true,"href":"https:\/\/radiorevelacionfm.cl\/index.php?rest_route=%2Fwp%2Fv2%2Ftags&post=3262"}],"curies":[{"name":"wp","href":"https:\/\/api.w.org\/{rel}","templated":true}]}}