{"id":32594,"date":"2023-07-03T21:48:16","date_gmt":"2023-07-04T00:48:16","guid":{"rendered":"https:\/\/radiorevelacionfm.cl\/?p=32594"},"modified":"2023-07-03T21:49:26","modified_gmt":"2023-07-04T00:49:26","slug":"detienen-a-sujeto-y-aclaran-robo-a-local-comercial-siendo-recuperadas-especies-avaluadas-en-2-millones-de-pesos","status":"publish","type":"post","link":"https:\/\/radiorevelacionfm.cl\/?p=32594","title":{"rendered":"Detienen a sujeto y aclaran robo a local comercial, siendo recuperadas especies avaluadas en 2 millones de pesos"},"content":{"rendered":"<div class=\"flex_column av_one_full  flex_column_div av-zero-column-padding first  avia-builder-el-0  el_before_av_one_full  avia-builder-el-first  \" style='border-radius:0px; '><div  class='avia-image-container  av-styling-    avia-builder-el-1  avia-builder-el-no-sibling  avia-align-center '  itemprop=\"image\" itemscope=\"itemscope\" itemtype=\"https:\/\/schema.org\/ImageObject\"  ><div class='avia-image-container-inner'><div class='avia-image-overlay-wrap'><img decoding=\"async\" class='wp-image-32595 avia-img-lazy-loading-not-32595 avia_image' src=\"https:\/\/radiorevelacionfm.cl\/wp-content\/uploads\/2023\/07\/F0DcMOPWIAA8JBP-2-2.jpg\" alt='' title='F0DcMOPWIAA8JBP-2-2' height=\"600\" width=\"896\"  itemprop=\"thumbnailUrl\" srcset=\"https:\/\/radiorevelacionfm.cl\/wp-content\/uploads\/2023\/07\/F0DcMOPWIAA8JBP-2-2.jpg 896w, https:\/\/radiorevelacionfm.cl\/wp-content\/uploads\/2023\/07\/F0DcMOPWIAA8JBP-2-2-300x201.jpg 300w, https:\/\/radiorevelacionfm.cl\/wp-content\/uploads\/2023\/07\/F0DcMOPWIAA8JBP-2-2-768x514.jpg 768w, https:\/\/radiorevelacionfm.cl\/wp-content\/uploads\/2023\/07\/F0DcMOPWIAA8JBP-2-2-705x472.jpg 705w, https:\/\/radiorevelacionfm.cl\/wp-content\/uploads\/2023\/07\/F0DcMOPWIAA8JBP-2-2-450x301.jpg 450w, https:\/\/radiorevelacionfm.cl\/wp-content\/uploads\/2023\/07\/F0DcMOPWIAA8JBP-2-2-600x402.jpg 600w\" sizes=\"(max-width: 896px) 100vw, 896px\" \/><\/div><\/div><\/div><\/div><div class=\"flex_column av_one_full  flex_column_div av-zero-column-padding first  avia-builder-el-2  el_after_av_one_full  el_before_av_one_full  column-top-margin\" style='border-radius:0px; '><section class=\"av_textblock_section \"  itemscope=\"itemscope\" itemtype=\"https:\/\/schema.org\/BlogPosting\" itemprop=\"blogPost\" ><div class='avia_textblock  '   itemprop=\"text\" ><p style=\"text-align: center;\"><strong><span style=\"font-size: 18pt;\">Detienen a sujeto y aclaran robo a local comercial, siendo recuperadas especies avaluadas en 2 millones de pesos<\/span><\/strong><\/p>\n<div id=\"gtx-trans\" style=\"position: absolute; left: -50px; top: 4.31534px;\">\n<div class=\"gtx-trans-icon\"><\/div>\n<\/div>\n<\/div><\/section><\/div><div class=\"flex_column av_one_full  flex_column_div av-zero-column-padding first  avia-builder-el-4  el_after_av_one_full  el_before_av_hr  column-top-margin\" style='border-radius:0px; '><section class=\"av_textblock_section \"  itemscope=\"itemscope\" itemtype=\"https:\/\/schema.org\/BlogPosting\" itemprop=\"blogPost\" ><div class='avia_textblock  '   itemprop=\"text\" ><p class=\"v1MsoNormal\" style=\"text-align: justify;\">Exhaustivas diligencias desarrolladas entre Carabineros de la Secci\u00f3n de Investigaci\u00f3n Policial (S.I.P) de la 1ra. Comisar\u00eda Coyhaique y el Laboratorio de Criminal\u00edstica institucional (Labocar), culminaron con detenci\u00f3n en tiempo r\u00e9cord de un sujeto por el delito de robo en lugar no habitado que afect\u00f3 a la tienda \u00abLa Rural\u00bb de esta ciudad, logrando recuperar especies avaluadas en 2 millones de pesos.<\/p>\n<p class=\"v1MsoNormal\" style=\"text-align: justify;\">Cerca de las 05:00 horas del domingo reci\u00e9n pasado y tras acoger la denuncia por el delito antes mencionado, el equipo pericial -a requerimiento de la Fiscal\u00eda- se traslad\u00f3 al lugar para el desarrollo de diligencias de su especialidad y levantar indicios de inter\u00e9s criminal\u00edstico.<\/p>\n<p class=\"v1MsoNormal\" style=\"text-align: justify;\">Luego de la revisi\u00f3n de c\u00e1maras de seguridad, Carabineros divis\u00f3 el actuar del presunto responsable del hecho, cuyas caracter\u00edsticas eran similares a las de un sujeto consultado previamente, tras un procedimiento a ra\u00edz de un reclamo presentado por un c\u00e9ntrico pub de esta ciudad.<\/p>\n<p class=\"v1MsoNormal\" style=\"text-align: justify;\">Con tales antecedentes, personal de la S.I.P se aboc\u00f3 al desarrollo de diversas diligencias que permitieron establecer su\u00a0identidad, llegando hasta una hospeder\u00eda donde fue localizado el sujeto. Luego de la autorizaci\u00f3n respectiva, el personal ingres\u00f3 a dicha habitaci\u00f3n, donde fueron encontradas especies sustra\u00eddas producto del il\u00edcito, siendo detenido en el lugar.<\/p>\n<p class=\"v1MsoNormal\" style=\"text-align: justify;\">Tras ser informado de sus derechos, el aprehendido fue trasladado al hospital regional para la constataci\u00f3n de lesiones, siendo los antecedentes puestos en conocimiento de la Fiscal\u00eda, en tanto que el detenido pas\u00f3 a la audiencia de control de detenci\u00f3n por este hecho.<\/p>\n<p class=\"v1MsoNormal\" style=\"text-align: justify;\">Cabe se\u00f1alar que, durante el a\u00f1o pasado, 55 personas fueron detenidas por robo, en tanto\u00a0que desde enero al 25 de junio del presente a\u00f1o, Carabineros de Chile en la regi\u00f3n de Ays\u00e9n, ha detenido a 49 personas por el delito de robo -un 69% m\u00e1s que el a\u00f1o 2022- de los cuales el 55% registra detenciones previas por parte de la polic\u00eda uniformada.<\/p>\n<\/div><\/section><\/div><div  style='height:50px' class='hr hr-invisible   avia-builder-el-6  el_after_av_one_full  el_before_av_social_share '><span class='hr-inner ' ><span class='hr-inner-style'><\/span><\/span><\/div><\/p>\n<div  class='av-social-sharing-box  avia-builder-el-7  el_after_av_hr  el_before_av_hr  '><div class='av-share-box'><h5 class='av-share-link-description av-no-toc '>Compartir esta noticia<\/h5><ul class='av-share-box-list noLightbox'><li class='av-share-link av-social-link-facebook' ><a target=\"_blank\" aria-label=\"Compartir en Facebook\" href='https:\/\/www.facebook.com\/sharer.php?u=https:\/\/radiorevelacionfm.cl\/?p=32594&#038;t=Detienen%20a%20sujeto%20y%20aclaran%20robo%20a%20local%20comercial%2C%20siendo%20recuperadas%20especies%20avaluadas%20en%202%20millones%20de%20pesos' aria-hidden='false' data-av_icon='\ue8f3' data-av_iconfont='entypo-fontello' title='' data-avia-related-tooltip='Compartir en Facebook' rel=\"noopener\"><span class='avia_hidden_link_text'>Compartir en Facebook<\/span><\/a><\/li><li class='av-share-link av-social-link-twitter' ><a target=\"_blank\" aria-label=\"Compartir en Twitter\" href='https:\/\/twitter.com\/share?text=Detienen%20a%20sujeto%20y%20aclaran%20robo%20a%20local%20comercial%2C%20siendo%20recuperadas%20especies%20avaluadas%20en%202%20millones%20de%20pesos&#038;url=https:\/\/radiorevelacionfm.cl\/?p=32594' aria-hidden='false' data-av_icon='\ue8f1' data-av_iconfont='entypo-fontello' title='' data-avia-related-tooltip='Compartir en Twitter' rel=\"noopener\"><span class='avia_hidden_link_text'>Compartir en Twitter<\/span><\/a><\/li><li class='av-share-link av-social-link-whatsapp' ><a target=\"_blank\" aria-label=\"Compartir en Whatsapp\" href='https:\/\/api.whatsapp.com\/send?text=https:\/\/radiorevelacionfm.cl\/?p=32594' aria-hidden='false' data-av_icon='\uf232' data-av_iconfont='entypo-fontello' title='' data-avia-related-tooltip='Compartir en Whatsapp' rel=\"noopener\"><span class='avia_hidden_link_text'>Compartir en Whatsapp<\/span><\/a><\/li><li class='av-share-link av-social-link-linkedin' ><a target=\"_blank\" aria-label=\"Compartir en LinkedIn\" href='https:\/\/linkedin.com\/shareArticle?mini=true&#038;title=Detienen%20a%20sujeto%20y%20aclaran%20robo%20a%20local%20comercial%2C%20siendo%20recuperadas%20especies%20avaluadas%20en%202%20millones%20de%20pesos&#038;url=https:\/\/radiorevelacionfm.cl\/?p=32594' aria-hidden='false' data-av_icon='\ue8fc' data-av_iconfont='entypo-fontello' title='' data-avia-related-tooltip='Compartir en LinkedIn' rel=\"noopener\"><span class='avia_hidden_link_text'>Compartir en LinkedIn<\/span><\/a><\/li><li class='av-share-link av-social-link-mail' ><a  aria-label=\"Compartir por correo\" href='mailto:?subject=Detienen%20a%20sujeto%20y%20aclaran%20robo%20a%20local%20comercial%2C%20siendo%20recuperadas%20especies%20avaluadas%20en%202%20millones%20de%20pesos&#038;body=https:\/\/radiorevelacionfm.cl\/?p=32594' aria-hidden='false' data-av_icon='\ue805' data-av_iconfont='entypo-fontello' title='' data-avia-related-tooltip='Compartir por correo'><span class='avia_hidden_link_text'>Compartir por correo<\/span><\/a><\/li><\/ul><\/div><\/div>\n<div  style='height:50px' class='hr hr-invisible   avia-builder-el-8  el_after_av_social_share  el_before_av_comments_list '><span class='hr-inner ' ><span class='hr-inner-style'><\/span><\/span><\/div>\n<div  class='av-buildercomment  av-blog-meta-html-info-disabled av-blog-meta-tag-disabled  '><\/div>\n","protected":false},"excerpt":{"rendered":"","protected":false},"author":1,"featured_media":32595,"comment_status":"open","ping_status":"open","sticky":false,"template":"","format":"standard","meta":{"footnotes":""},"categories":[36],"tags":[],"class_list":["post-32594","post","type-post","status-publish","format-standard","has-post-thumbnail","hentry","category-policial"],"jetpack_featured_media_url":"https:\/\/radiorevelacionfm.cl\/wp-content\/uploads\/2023\/07\/F0DcMOPWIAA8JBP-2-2.jpg","_links":{"self":[{"href":"https:\/\/radiorevelacionfm.cl\/index.php?rest_route=\/wp\/v2\/posts\/32594","targetHints":{"allow":["GET"]}}],"collection":[{"href":"https:\/\/radiorevelacionfm.cl\/index.php?rest_route=\/wp\/v2\/posts"}],"about":[{"href":"https:\/\/radiorevelacionfm.cl\/index.php?rest_route=\/wp\/v2\/types\/post"}],"author":[{"embeddable":true,"href":"https:\/\/radiorevelacionfm.cl\/index.php?rest_route=\/wp\/v2\/users\/1"}],"replies":[{"embeddable":true,"href":"https:\/\/radiorevelacionfm.cl\/index.php?rest_route=%2Fwp%2Fv2%2Fcomments&post=32594"}],"version-history":[{"count":1,"href":"https:\/\/radiorevelacionfm.cl\/index.php?rest_route=\/wp\/v2\/posts\/32594\/revisions"}],"predecessor-version":[{"id":32597,"href":"https:\/\/radiorevelacionfm.cl\/index.php?rest_route=\/wp\/v2\/posts\/32594\/revisions\/32597"}],"wp:featuredmedia":[{"embeddable":true,"href":"https:\/\/radiorevelacionfm.cl\/index.php?rest_route=\/wp\/v2\/media\/32595"}],"wp:attachment":[{"href":"https:\/\/radiorevelacionfm.cl\/index.php?rest_route=%2Fwp%2Fv2%2Fmedia&parent=32594"}],"wp:term":[{"taxonomy":"category","embeddable":true,"href":"https:\/\/radiorevelacionfm.cl\/index.php?rest_route=%2Fwp%2Fv2%2Fcategories&post=32594"},{"taxonomy":"post_tag","embeddable":true,"href":"https:\/\/radiorevelacionfm.cl\/index.php?rest_route=%2Fwp%2Fv2%2Ftags&post=32594"}],"curies":[{"name":"wp","href":"https:\/\/api.w.org\/{rel}","templated":true}]}}