{"id":32587,"date":"2023-07-03T22:06:58","date_gmt":"2023-07-04T01:06:58","guid":{"rendered":"https:\/\/radiorevelacionfm.cl\/?p=32587"},"modified":"2023-07-03T22:06:58","modified_gmt":"2023-07-04T01:06:58","slug":"agrupacion-rancho-naranja-movil-fue-la-elegida-en-la-region-para-la-capacitacion-del-sello-emprende-prodemu","status":"publish","type":"post","link":"https:\/\/radiorevelacionfm.cl\/?p=32587","title":{"rendered":"Agrupaci\u00f3n \u201cRancho Naranja M\u00f3vil\u201d fue la elegida en la regi\u00f3n para la capacitaci\u00f3n del Sello Emprende Prodemu"},"content":{"rendered":"<div class=\"flex_column av_one_full  flex_column_div av-zero-column-padding first  avia-builder-el-0  el_before_av_one_full  avia-builder-el-first  \" style='border-radius:0px; '><div  class='avia-image-container  av-styling-    avia-builder-el-1  avia-builder-el-no-sibling  avia-align-center '  itemprop=\"image\" itemscope=\"itemscope\" itemtype=\"https:\/\/schema.org\/ImageObject\"  ><div class='avia-image-container-inner'><div class='avia-image-overlay-wrap'><img decoding=\"async\" class='wp-image-32588 avia-img-lazy-loading-not-32588 avia_image' src=\"https:\/\/radiorevelacionfm.cl\/wp-content\/uploads\/2023\/07\/image-122-2_optimized.jpg\" alt='' title='image-122-2_optimized' height=\"600\" width=\"768\"  itemprop=\"thumbnailUrl\" srcset=\"https:\/\/radiorevelacionfm.cl\/wp-content\/uploads\/2023\/07\/image-122-2_optimized.jpg 768w, https:\/\/radiorevelacionfm.cl\/wp-content\/uploads\/2023\/07\/image-122-2_optimized-300x234.jpg 300w, https:\/\/radiorevelacionfm.cl\/wp-content\/uploads\/2023\/07\/image-122-2_optimized-705x551.jpg 705w, https:\/\/radiorevelacionfm.cl\/wp-content\/uploads\/2023\/07\/image-122-2_optimized-450x352.jpg 450w, https:\/\/radiorevelacionfm.cl\/wp-content\/uploads\/2023\/07\/image-122-2_optimized-600x469.jpg 600w\" sizes=\"(max-width: 768px) 100vw, 768px\" \/><\/div><\/div><\/div><\/div><div class=\"flex_column av_one_full  flex_column_div av-zero-column-padding first  avia-builder-el-2  el_after_av_one_full  el_before_av_one_full  column-top-margin\" style='border-radius:0px; '><section class=\"av_textblock_section \"  itemscope=\"itemscope\" itemtype=\"https:\/\/schema.org\/BlogPosting\" itemprop=\"blogPost\" ><div class='avia_textblock  '   itemprop=\"text\" ><p style=\"text-align: center;\"><span style=\"font-size: 18pt;\"><strong>Agrupaci\u00f3n \u201cRancho Naranja M\u00f3vil\u201d fue la elegida en la regi\u00f3n para la capacitaci\u00f3n del Sello Emprende Prodemu<\/strong><\/span><\/p>\n<div id=\"gtx-trans\" style=\"position: absolute; left: -50px; top: 4.31534px;\">\n<div class=\"gtx-trans-icon\"><\/div>\n<\/div>\n<\/div><\/section><\/div><div class=\"flex_column av_one_full  flex_column_div av-zero-column-padding first  avia-builder-el-4  el_after_av_one_full  el_before_av_hr  column-top-margin\" style='border-radius:0px; '><section class=\"av_textblock_section \"  itemscope=\"itemscope\" itemtype=\"https:\/\/schema.org\/BlogPosting\" itemprop=\"blogPost\" ><div class='avia_textblock  '   itemprop=\"text\" ><p style=\"text-align: justify;\">Compuesta por 2 mujeres emprendedoras de la regi\u00f3n de Ays\u00e9n del General Carlos Ib\u00e1\u00f1ez del Campo, el <em>grupo recibir\u00e1 formaci\u00f3n de alto nivel tanto de Fundaci\u00f3n Prodemu como de otros organismos p\u00fablicos y privados, lo que les permitir\u00e1 dar un salto de calidad en la comercializaci\u00f3n de sus productos.<\/em><\/p>\n<p style=\"text-align: justify;\">Con el acento en potenciar la autonom\u00eda econ\u00f3mica de las mujeres y darle un sustento a sus iniciativas para que se mantengan en el tiempo, la Fundaci\u00f3n Prodemu entreg\u00f3 el pasado martes el Sello Emprende Prodemu, que les brindar\u00e1 capacitaci\u00f3n durante ocho meses a 16 agrupaciones de emprendedoras, una por regi\u00f3n, en \u00e1reas de educaci\u00f3n financiera, dise\u00f1o de productos, marketing digital, y otros, que les permitan dar un salto de calidad en sus proyectos. Las clases para las emprendedoras parten hoy.<\/p>\n<p style=\"text-align: justify;\">El proceso de selecci\u00f3n se inici\u00f3 el pasado 7 de junio, cuando finaliz\u00f3 el plazo de postulaciones y se presentaron 125 grupos aspirantes al sello, y continu\u00f3 con la resoluci\u00f3n del jurado compuesto por la Directora Nacional de Prodemu, Marcela Sandoval Osorio; el acad\u00e9mico de la Escuela de Dise\u00f1o de la Universidad Cat\u00f3lica, Pablo Hermansen; la acad\u00e9mica del N\u00facleo de Relaciones Socioecon\u00f3micas y Luchas Sociales de la Facultad de Ciencias Sociales de Universidad de Chile, Lorena P\u00e9rez; la representante de BancoEstado, la subgerenta de instituciones p\u00fablicas y sociedad civil, Carol Brown, y el encargado de Tecnolog\u00eda de Fundaci\u00f3n Chilenter, Arturo Barr\u00eda.<\/p>\n<p style=\"text-align: justify;\">Las 2 emprendedoras que le dan vida a la agrupaci\u00f3n\u00a0 \u201cRancho Naranja M\u00f3vil\u201d en la regi\u00f3n de Ays\u00e9n, se dedican a la producci\u00f3n textil, utilizando para sus prendas g\u00e9neros reciclados. Su taller funciona en un microb\u00fas santiaguino (micro amarilla) que cuenta con un panel solar que hace funcionar sus m\u00e1quinas de coser, siendo un emprendimiento sustentable.<\/p>\n<p style=\"text-align: justify;\">Las agrupaciones elegidas son: de Arica y Parinacota, \u201cAzapa champi\u00f1ones\u201d, emprendimiento dedicado al cultivo de hongos; de Tarapac\u00e1,\u00a0 \u201cRescatando nuestras ra\u00edces mediante la textiler\u00eda aymara\u201d; de Antofagasta, \u201cWofama Yieli\u201d, de confecciones y aromaterapia; de Atacama, \u201cArtesanas del reciclaje\u201d de ropa y accesorios; de Coquimbo, \u201cAncestras de Elqui\u201d, que elaboran agroelaborados y productos para el cuidado personal, y de Valpara\u00edso, Telares Pullaly.<\/p>\n<p style=\"text-align: justify;\">De la Regi\u00f3n Metropolitana, \u201cCarolina Flowers\u201d, que dise\u00f1an artesan\u00eda a partir de hojas de choclo; de O\u2019Higgins, \u201cSabores de Nancagua\u201d que realizan mermeladas y licores en base a naranjas de los \u00e1rboles de su comuna; del Maule, la agrupaci\u00f3n \u201cSin\u00e9rgicas\u201d con agroelaborados; del \u00d1uble, \u201cArtesanas ind\u00edgenas de \u00d1uble\u201d; de B\u00edo B\u00edo, \u201cTejedoras del alma\u201d con productos textiles; de la Araucan\u00eda, \u201cTai\u00f1pewman\u201d con cester\u00eda, al igual que \u201cManos de Cocham\u00f3\u201d, de Los Lagos;\u00a0 de Los R\u00edos, \u201cCoraz\u00f3n de vell\u00f3n\u201d; y de Magallanes, \u201cAmanecer Austral\u201d, que reciclan telas y desarrollan confecci\u00f3n textil.<\/p>\n<p style=\"text-align: justify;\">Al respecto, la directora nacional de Prodemu, Marcela Sandoval Osorio, resalt\u00f3 que \u201cen Prodemu estamos apoyando el emprendimiento de las mujeres a lo largo del pa\u00eds, fortaleciendo sus capacidades y entreg\u00e1ndoles herramientas integrales para que sus iniciativas puedan consolidarse y sostenerse en el tiempo. Estamos muy contentas por el inter\u00e9s que despert\u00f3 esta convocatoria en 125 agrupaciones que participaron. De estas, creemos que las 16 escogidas son representativas del esp\u00edritu de este Sello Emprende Prodemu: trabajar colaborativamente para mejorar las condiciones de empleabilidad de estas mujeres\u201d<\/p>\n<p style=\"text-align: justify;\">Fruto de la alianza con los socios estrat\u00e9gicos, las agrupaciones recibir\u00e1n educaci\u00f3n financiera, a cargo de Banco Estado y\u00a0 del N\u00facleo de Relaciones Econ\u00f3micas de la Universidad de Chile, y se les preparar\u00e1 para poner en valor sus productos, gracias a la participaci\u00f3n de la Escuela de Dise\u00f1o de la Universidad Cat\u00f3lica. La Fundaci\u00f3n Chilenter, en tanto, entregar\u00e1 herramientas para la digitalizaci\u00f3n, y Prodemu fomentar\u00e1 a trav\u00e9s del enfoque de g\u00e9nero la independencia econ\u00f3mica de las participantes.<\/p>\n<\/div><\/section><\/div><div  style='height:50px' class='hr hr-invisible   avia-builder-el-6  el_after_av_one_full  el_before_av_social_share '><span class='hr-inner ' ><span class='hr-inner-style'><\/span><\/span><\/div><\/p>\n<div  class='av-social-sharing-box  avia-builder-el-7  el_after_av_hr  el_before_av_hr  '><div class='av-share-box'><h5 class='av-share-link-description av-no-toc '>Compartir esta noticia<\/h5><ul class='av-share-box-list noLightbox'><li class='av-share-link av-social-link-facebook' ><a target=\"_blank\" aria-label=\"Compartir en Facebook\" href='https:\/\/www.facebook.com\/sharer.php?u=https:\/\/radiorevelacionfm.cl\/?p=32587&#038;t=Agrupaci%C3%B3n%20%E2%80%9CRancho%20Naranja%20M%C3%B3vil%E2%80%9D%20fue%20la%20elegida%20en%20la%20regi%C3%B3n%20para%20la%20capacitaci%C3%B3n%20del%20Sello%20Emprende%20Prodemu' aria-hidden='false' data-av_icon='\ue8f3' data-av_iconfont='entypo-fontello' title='' data-avia-related-tooltip='Compartir en Facebook' rel=\"noopener\"><span class='avia_hidden_link_text'>Compartir en Facebook<\/span><\/a><\/li><li class='av-share-link av-social-link-twitter' ><a target=\"_blank\" aria-label=\"Compartir en Twitter\" href='https:\/\/twitter.com\/share?text=Agrupaci%C3%B3n%20%E2%80%9CRancho%20Naranja%20M%C3%B3vil%E2%80%9D%20fue%20la%20elegida%20en%20la%20regi%C3%B3n%20para%20la%20capacitaci%C3%B3n%20del%20Sello%20Emprende%20Prodemu&#038;url=https:\/\/radiorevelacionfm.cl\/?p=32587' aria-hidden='false' data-av_icon='\ue8f1' data-av_iconfont='entypo-fontello' title='' data-avia-related-tooltip='Compartir en Twitter' rel=\"noopener\"><span class='avia_hidden_link_text'>Compartir en Twitter<\/span><\/a><\/li><li class='av-share-link av-social-link-whatsapp' ><a target=\"_blank\" aria-label=\"Compartir en Whatsapp\" href='https:\/\/api.whatsapp.com\/send?text=https:\/\/radiorevelacionfm.cl\/?p=32587' aria-hidden='false' data-av_icon='\uf232' data-av_iconfont='entypo-fontello' title='' data-avia-related-tooltip='Compartir en Whatsapp' rel=\"noopener\"><span class='avia_hidden_link_text'>Compartir en Whatsapp<\/span><\/a><\/li><li class='av-share-link av-social-link-linkedin' ><a target=\"_blank\" aria-label=\"Compartir en LinkedIn\" href='https:\/\/linkedin.com\/shareArticle?mini=true&#038;title=Agrupaci%C3%B3n%20%E2%80%9CRancho%20Naranja%20M%C3%B3vil%E2%80%9D%20fue%20la%20elegida%20en%20la%20regi%C3%B3n%20para%20la%20capacitaci%C3%B3n%20del%20Sello%20Emprende%20Prodemu&#038;url=https:\/\/radiorevelacionfm.cl\/?p=32587' aria-hidden='false' data-av_icon='\ue8fc' data-av_iconfont='entypo-fontello' title='' data-avia-related-tooltip='Compartir en LinkedIn' rel=\"noopener\"><span class='avia_hidden_link_text'>Compartir en LinkedIn<\/span><\/a><\/li><li class='av-share-link av-social-link-mail' ><a  aria-label=\"Compartir por correo\" href='mailto:?subject=Agrupaci%C3%B3n%20%E2%80%9CRancho%20Naranja%20M%C3%B3vil%E2%80%9D%20fue%20la%20elegida%20en%20la%20regi%C3%B3n%20para%20la%20capacitaci%C3%B3n%20del%20Sello%20Emprende%20Prodemu&#038;body=https:\/\/radiorevelacionfm.cl\/?p=32587' aria-hidden='false' data-av_icon='\ue805' data-av_iconfont='entypo-fontello' title='' data-avia-related-tooltip='Compartir por correo'><span class='avia_hidden_link_text'>Compartir por correo<\/span><\/a><\/li><\/ul><\/div><\/div>\n<div  style='height:50px' class='hr hr-invisible   avia-builder-el-8  el_after_av_social_share  el_before_av_comments_list '><span class='hr-inner ' ><span class='hr-inner-style'><\/span><\/span><\/div>\n<div  class='av-buildercomment  av-blog-meta-html-info-disabled av-blog-meta-tag-disabled  '><\/div>\n","protected":false},"excerpt":{"rendered":"","protected":false},"author":1,"featured_media":32588,"comment_status":"open","ping_status":"open","sticky":false,"template":"","format":"standard","meta":{"footnotes":""},"categories":[38],"tags":[],"class_list":["post-32587","post","type-post","status-publish","format-standard","has-post-thumbnail","hentry","category-regional"],"jetpack_featured_media_url":"https:\/\/radiorevelacionfm.cl\/wp-content\/uploads\/2023\/07\/image-122-2_optimized.jpg","_links":{"self":[{"href":"https:\/\/radiorevelacionfm.cl\/index.php?rest_route=\/wp\/v2\/posts\/32587","targetHints":{"allow":["GET"]}}],"collection":[{"href":"https:\/\/radiorevelacionfm.cl\/index.php?rest_route=\/wp\/v2\/posts"}],"about":[{"href":"https:\/\/radiorevelacionfm.cl\/index.php?rest_route=\/wp\/v2\/types\/post"}],"author":[{"embeddable":true,"href":"https:\/\/radiorevelacionfm.cl\/index.php?rest_route=\/wp\/v2\/users\/1"}],"replies":[{"embeddable":true,"href":"https:\/\/radiorevelacionfm.cl\/index.php?rest_route=%2Fwp%2Fv2%2Fcomments&post=32587"}],"version-history":[{"count":1,"href":"https:\/\/radiorevelacionfm.cl\/index.php?rest_route=\/wp\/v2\/posts\/32587\/revisions"}],"predecessor-version":[{"id":32589,"href":"https:\/\/radiorevelacionfm.cl\/index.php?rest_route=\/wp\/v2\/posts\/32587\/revisions\/32589"}],"wp:featuredmedia":[{"embeddable":true,"href":"https:\/\/radiorevelacionfm.cl\/index.php?rest_route=\/wp\/v2\/media\/32588"}],"wp:attachment":[{"href":"https:\/\/radiorevelacionfm.cl\/index.php?rest_route=%2Fwp%2Fv2%2Fmedia&parent=32587"}],"wp:term":[{"taxonomy":"category","embeddable":true,"href":"https:\/\/radiorevelacionfm.cl\/index.php?rest_route=%2Fwp%2Fv2%2Fcategories&post=32587"},{"taxonomy":"post_tag","embeddable":true,"href":"https:\/\/radiorevelacionfm.cl\/index.php?rest_route=%2Fwp%2Fv2%2Ftags&post=32587"}],"curies":[{"name":"wp","href":"https:\/\/api.w.org\/{rel}","templated":true}]}}